{"id":268713,"date":"2026-01-20T11:13:05","date_gmt":"2026-01-20T08:13:05","guid":{"rendered":"https:\/\/www.autocritica.ro\/?post_type=live-news&#038;p=268713"},"modified":"2026-01-20T11:13:48","modified_gmt":"2026-01-20T08:13:48","slug":"dacia-sandero-cel-mai-bine-vandut-model-in-europa-in-2025","status":"publish","type":"live-news","link":"https:\/\/www.autocritica.ro\/en\/live-news\/dacia-sandero-cel-mai-bine-vandut-model-in-europa-in-2025\/","title":{"rendered":"Dacia Sandero, cel mai bine v\u00e2ndut model \u00een Europa \u00een 2025"},"content":{"rendered":"\n<p>\u2022 Dacia Sandero a devenit, pentru al doilea an consecutiv, cel mai bine v\u00e2ndut model din Europa. Anul trecut, modelul m\u0103rcii de la Mioveni a fost comercializat \u00een 243.676 de unit\u0103\u021bi, \u00een sc\u0103dere cu 9,8% fa\u021b\u0103 de 2024, conform datelor publicate de speciali\u0219tii de la DataForce.<\/p>\n\n\n\n<p>\u2022 Acela\u0219i raport plaseaz\u0103 Renault Clio pe locul secund \u00een clasamentul european, cu 229.778 de unit\u0103\u021bi, \u00een cre\u0219tere cu 5,8%, \u00een timp ce pe ultima treapt\u0103 a podiumului se afl\u0103 Volkswagen T-Roc (211.241 de unit\u0103\u021bi, +3,8%).<\/p>\n\n\n\n<p>\u2022 \u0218i Dacia a publicat un raport al v\u00e2nz\u0103rilor pe 2025. \u00cen ceea ce prive\u0219te v\u00e2nz\u0103rile globale, constructorul de la Mioveni raporteaz\u0103 o cre\u0219tere de 3,1%, lucru care se traduce printr-un volum de 697.408 unit\u0103\u021bi. Totodat\u0103, marca a trecut de pragul simbolic de 10 milioane de ma\u0219ini v\u00e2ndute \u00eencep\u00e2nd cu 2004, anul lans\u0103rii primei genera\u021bii Logan.<\/p>\n\n\n\n<p>\u2022 La nivel global, Sandero r\u0103m\u00e2ne cel mai popular model al m\u0103rcii Dacia: 289.295 de unit\u0103\u021bi (-6,5%).<\/p>\n\n\n\n<p>\u2022 Dacia Duster a fost comercializat \u00een 193.974 de unit\u0103\u021bi la nivel mondial, \u00een sc\u0103dere cu 9,8%, iar Bigster a fost v\u00e2ndut \u00een 67.573 de unit\u0103\u021bi la nivel global.<\/p>\n\n\n\n<p>\u2022 Dacia Spring a bifat 35.034 de unit\u0103\u021bi v\u00e2ndute la nivel global (+53% fa\u021b\u0103 de 2024). Totodat\u0103, \u00een Europa, Spring a devenit cel mai bine v\u00e2ndut model electric de segment A.<\/p>\n\n\n\n<p>\u2022 Dacia Jogger a \u00eenregistrat cea mai sever\u0103 sc\u0103dere comparativ cu 2024: 73.695 de unit\u0103\u021bi (-23,6%).<\/p>\n\n\n\n<p>\u2022 \u00cen 2025, 25% dintre modelele comercializate de Dacia au fost cu motoriz\u0103ri electrificate (full-hibrid \u0219i mild-hybrid).<\/p>\n\n\n\n<p>\u2022 Pe baza rezultatului din 2025, Dacia a urcat pe locul al doilea pe podiumul european al v\u00e2nz\u0103rilor c\u0103tre clien\u021bii persoane fizice.<\/p>\n\n\n\n<p>\u2022 \u00cen 2026, electrificarea gamei Dacia va continua odat\u0103 cu lansarea unui nou model electric de segment A. Dacia va lansa, totodat\u0103, un nou model de segment C, care va fi disponibil at\u00e2t cu motorizare hibrid\u0103, c\u00e2t \u0219i termic\u0103.<\/p>\n\n\n\n<p>\u2022 Via: DataForce, Dacia<\/p>\n","protected":false},"author":4,"featured_media":133223,"comment_status":"closed","ping_status":"closed","template":"","meta":{"_acf_changed":false,"footnotes":""},"tags":[1007],"class_list":["post-268713","live-news","type-live-news","status-publish","has-post-thumbnail","hentry","tag-sandero"],"acf":[],"yoast_head":"<!-- This site is optimized with the Yoast SEO Premium plugin v27.5 (Yoast SEO v27.5) - https:\/\/yoast.com\/product\/yoast-seo-premium-wordpress\/ -->\n<title>Dacia Sandero, cel mai bine v\u00e2ndut model \u00een Europa \u00een 2025 - Autocritica<\/title>\n<meta name=\"robots\" content=\"index, follow, max-snippet:-1, max-image-preview:large, max-video-preview:-1\" \/>\n<link rel=\"canonical\" href=\"https:\/\/www.autocritica.ro\/en\/live-news\/dacia-sandero-cel-mai-bine-vandut-model-in-europa-in-2025\/\" \/>\n<meta property=\"og:locale\" content=\"en_US\" \/>\n<meta property=\"og:type\" content=\"article\" \/>\n<meta property=\"og:title\" content=\"Dacia Sandero, cel mai bine v\u00e2ndut model \u00een Europa \u00een 2025\" \/>\n<meta property=\"og:description\" content=\"\u2022 Dacia Sandero a devenit, pentru al doilea an consecutiv, cel mai bine v\u00e2ndut model din Europa. Anul trecut, modelul m\u0103rcii de la Mioveni a fost\" \/>\n<meta property=\"og:url\" content=\"https:\/\/www.autocritica.ro\/en\/live-news\/dacia-sandero-cel-mai-bine-vandut-model-in-europa-in-2025\/\" \/>\n<meta property=\"og:site_name\" content=\"Autocritica\" \/>\n<meta property=\"article:publisher\" content=\"https:\/\/www.facebook.com\/autocritica.ro\" \/>\n<meta property=\"article:modified_time\" content=\"2026-01-20T08:13:48+00:00\" \/>\n<meta property=\"og:image\" content=\"https:\/\/www.autocritica.ro\/wp-content\/uploads\/2025\/01\/mim-sandero-1.jpg\" \/>\n\t<meta property=\"og:image:width\" content=\"1500\" \/>\n\t<meta property=\"og:image:height\" content=\"1000\" \/>\n\t<meta property=\"og:image:type\" content=\"image\/jpeg\" \/>\n<meta name=\"twitter:card\" content=\"summary_large_image\" \/>\n<meta name=\"twitter:label1\" content=\"Est. reading time\" \/>\n\t<meta name=\"twitter:data1\" content=\"2 minutes\" \/>\n<script type=\"application\/ld+json\" class=\"yoast-schema-graph\">{\"@context\":\"https:\\\/\\\/schema.org\",\"@graph\":[{\"@type\":\"WebPage\",\"@id\":\"https:\\\/\\\/www.autocritica.ro\\\/en\\\/live-news\\\/dacia-sandero-cel-mai-bine-vandut-model-in-europa-in-2025\\\/\",\"url\":\"https:\\\/\\\/www.autocritica.ro\\\/en\\\/live-news\\\/dacia-sandero-cel-mai-bine-vandut-model-in-europa-in-2025\\\/\",\"name\":\"Dacia Sandero, cel mai bine v\u00e2ndut model \u00een Europa \u00een 2025 - Autocritica\",\"isPartOf\":{\"@id\":\"https:\\\/\\\/www.autocritica.ro\\\/en\\\/#website\"},\"primaryImageOfPage\":{\"@id\":\"https:\\\/\\\/www.autocritica.ro\\\/en\\\/live-news\\\/dacia-sandero-cel-mai-bine-vandut-model-in-europa-in-2025\\\/#primaryimage\"},\"image\":{\"@id\":\"https:\\\/\\\/www.autocritica.ro\\\/en\\\/live-news\\\/dacia-sandero-cel-mai-bine-vandut-model-in-europa-in-2025\\\/#primaryimage\"},\"thumbnailUrl\":\"https:\\\/\\\/www.autocritica.ro\\\/wp-content\\\/uploads\\\/2025\\\/01\\\/mim-sandero-1.jpg\",\"datePublished\":\"2026-01-20T08:13:05+00:00\",\"dateModified\":\"2026-01-20T08:13:48+00:00\",\"breadcrumb\":{\"@id\":\"https:\\\/\\\/www.autocritica.ro\\\/en\\\/live-news\\\/dacia-sandero-cel-mai-bine-vandut-model-in-europa-in-2025\\\/#breadcrumb\"},\"inLanguage\":\"en-US\",\"potentialAction\":[{\"@type\":\"ReadAction\",\"target\":[\"https:\\\/\\\/www.autocritica.ro\\\/en\\\/live-news\\\/dacia-sandero-cel-mai-bine-vandut-model-in-europa-in-2025\\\/\"]}]},{\"@type\":\"ImageObject\",\"inLanguage\":\"en-US\",\"@id\":\"https:\\\/\\\/www.autocritica.ro\\\/en\\\/live-news\\\/dacia-sandero-cel-mai-bine-vandut-model-in-europa-in-2025\\\/#primaryimage\",\"url\":\"https:\\\/\\\/www.autocritica.ro\\\/wp-content\\\/uploads\\\/2025\\\/01\\\/mim-sandero-1.jpg\",\"contentUrl\":\"https:\\\/\\\/www.autocritica.ro\\\/wp-content\\\/uploads\\\/2025\\\/01\\\/mim-sandero-1.jpg\",\"width\":1500,\"height\":1000},{\"@type\":\"BreadcrumbList\",\"@id\":\"https:\\\/\\\/www.autocritica.ro\\\/en\\\/live-news\\\/dacia-sandero-cel-mai-bine-vandut-model-in-europa-in-2025\\\/#breadcrumb\",\"itemListElement\":[{\"@type\":\"ListItem\",\"position\":1,\"name\":\"Home\",\"item\":\"https:\\\/\\\/www.autocritica.ro\\\/en\\\/\"},{\"@type\":\"ListItem\",\"position\":2,\"name\":\"Live News\",\"item\":\"https:\\\/\\\/www.autocritica.ro\\\/en\\\/live-news\\\/\"},{\"@type\":\"ListItem\",\"position\":3,\"name\":\"Dacia Sandero, cel mai bine v\u00e2ndut model \u00een Europa \u00een 2025\"}]},{\"@type\":\"WebSite\",\"@id\":\"https:\\\/\\\/www.autocritica.ro\\\/en\\\/#website\",\"url\":\"https:\\\/\\\/www.autocritica.ro\\\/en\\\/\",\"name\":\"Autocritica\",\"description\":\"\",\"publisher\":{\"@id\":\"https:\\\/\\\/www.autocritica.ro\\\/en\\\/#organization\"},\"potentialAction\":[{\"@type\":\"SearchAction\",\"target\":{\"@type\":\"EntryPoint\",\"urlTemplate\":\"https:\\\/\\\/www.autocritica.ro\\\/en\\\/?s={search_term_string}\"},\"query-input\":{\"@type\":\"PropertyValueSpecification\",\"valueRequired\":true,\"valueName\":\"search_term_string\"}}],\"inLanguage\":\"en-US\"},{\"@type\":\"Organization\",\"@id\":\"https:\\\/\\\/www.autocritica.ro\\\/en\\\/#organization\",\"name\":\"Autocritica\",\"url\":\"https:\\\/\\\/www.autocritica.ro\\\/en\\\/\",\"logo\":{\"@type\":\"ImageObject\",\"inLanguage\":\"en-US\",\"@id\":\"https:\\\/\\\/www.autocritica.ro\\\/en\\\/#\\\/schema\\\/logo\\\/image\\\/\",\"url\":\"https:\\\/\\\/www.autocritica.ro\\\/wp-content\\\/uploads\\\/2020\\\/12\\\/logo-negru.png\",\"contentUrl\":\"https:\\\/\\\/www.autocritica.ro\\\/wp-content\\\/uploads\\\/2020\\\/12\\\/logo-negru.png\",\"width\":300,\"height\":102,\"caption\":\"Autocritica\"},\"image\":{\"@id\":\"https:\\\/\\\/www.autocritica.ro\\\/en\\\/#\\\/schema\\\/logo\\\/image\\\/\"},\"sameAs\":[\"https:\\\/\\\/www.facebook.com\\\/autocritica.ro\",\"https:\\\/\\\/www.instagram.com\\\/autocritica.ro\\\/\"]}]}<\/script>\n<!-- \/ Yoast SEO Premium plugin. -->","yoast_head_json":{"title":"Dacia Sandero, cel mai bine v\u00e2ndut model \u00een Europa \u00een 2025 - Autocritica","robots":{"index":"index","follow":"follow","max-snippet":"max-snippet:-1","max-image-preview":"max-image-preview:large","max-video-preview":"max-video-preview:-1"},"canonical":"https:\/\/www.autocritica.ro\/en\/live-news\/dacia-sandero-cel-mai-bine-vandut-model-in-europa-in-2025\/","og_locale":"en_US","og_type":"article","og_title":"Dacia Sandero, cel mai bine v\u00e2ndut model \u00een Europa \u00een 2025","og_description":"\u2022 Dacia Sandero a devenit, pentru al doilea an consecutiv, cel mai bine v\u00e2ndut model din Europa. Anul trecut, modelul m\u0103rcii de la Mioveni a fost","og_url":"https:\/\/www.autocritica.ro\/en\/live-news\/dacia-sandero-cel-mai-bine-vandut-model-in-europa-in-2025\/","og_site_name":"Autocritica","article_publisher":"https:\/\/www.facebook.com\/autocritica.ro","article_modified_time":"2026-01-20T08:13:48+00:00","og_image":[{"width":1500,"height":1000,"url":"https:\/\/www.autocritica.ro\/wp-content\/uploads\/2025\/01\/mim-sandero-1.jpg","type":"image\/jpeg"}],"twitter_card":"summary_large_image","twitter_misc":{"Est. reading time":"2 minutes"},"schema":{"@context":"https:\/\/schema.org","@graph":[{"@type":"WebPage","@id":"https:\/\/www.autocritica.ro\/en\/live-news\/dacia-sandero-cel-mai-bine-vandut-model-in-europa-in-2025\/","url":"https:\/\/www.autocritica.ro\/en\/live-news\/dacia-sandero-cel-mai-bine-vandut-model-in-europa-in-2025\/","name":"Dacia Sandero, cel mai bine v\u00e2ndut model \u00een Europa \u00een 2025 - Autocritica","isPartOf":{"@id":"https:\/\/www.autocritica.ro\/en\/#website"},"primaryImageOfPage":{"@id":"https:\/\/www.autocritica.ro\/en\/live-news\/dacia-sandero-cel-mai-bine-vandut-model-in-europa-in-2025\/#primaryimage"},"image":{"@id":"https:\/\/www.autocritica.ro\/en\/live-news\/dacia-sandero-cel-mai-bine-vandut-model-in-europa-in-2025\/#primaryimage"},"thumbnailUrl":"https:\/\/www.autocritica.ro\/wp-content\/uploads\/2025\/01\/mim-sandero-1.jpg","datePublished":"2026-01-20T08:13:05+00:00","dateModified":"2026-01-20T08:13:48+00:00","breadcrumb":{"@id":"https:\/\/www.autocritica.ro\/en\/live-news\/dacia-sandero-cel-mai-bine-vandut-model-in-europa-in-2025\/#breadcrumb"},"inLanguage":"en-US","potentialAction":[{"@type":"ReadAction","target":["https:\/\/www.autocritica.ro\/en\/live-news\/dacia-sandero-cel-mai-bine-vandut-model-in-europa-in-2025\/"]}]},{"@type":"ImageObject","inLanguage":"en-US","@id":"https:\/\/www.autocritica.ro\/en\/live-news\/dacia-sandero-cel-mai-bine-vandut-model-in-europa-in-2025\/#primaryimage","url":"https:\/\/www.autocritica.ro\/wp-content\/uploads\/2025\/01\/mim-sandero-1.jpg","contentUrl":"https:\/\/www.autocritica.ro\/wp-content\/uploads\/2025\/01\/mim-sandero-1.jpg","width":1500,"height":1000},{"@type":"BreadcrumbList","@id":"https:\/\/www.autocritica.ro\/en\/live-news\/dacia-sandero-cel-mai-bine-vandut-model-in-europa-in-2025\/#breadcrumb","itemListElement":[{"@type":"ListItem","position":1,"name":"Home","item":"https:\/\/www.autocritica.ro\/en\/"},{"@type":"ListItem","position":2,"name":"Live News","item":"https:\/\/www.autocritica.ro\/en\/live-news\/"},{"@type":"ListItem","position":3,"name":"Dacia Sandero, cel mai bine v\u00e2ndut model \u00een Europa \u00een 2025"}]},{"@type":"WebSite","@id":"https:\/\/www.autocritica.ro\/en\/#website","url":"https:\/\/www.autocritica.ro\/en\/","name":"Autocritica","description":"","publisher":{"@id":"https:\/\/www.autocritica.ro\/en\/#organization"},"potentialAction":[{"@type":"SearchAction","target":{"@type":"EntryPoint","urlTemplate":"https:\/\/www.autocritica.ro\/en\/?s={search_term_string}"},"query-input":{"@type":"PropertyValueSpecification","valueRequired":true,"valueName":"search_term_string"}}],"inLanguage":"en-US"},{"@type":"Organization","@id":"https:\/\/www.autocritica.ro\/en\/#organization","name":"Autocritica","url":"https:\/\/www.autocritica.ro\/en\/","logo":{"@type":"ImageObject","inLanguage":"en-US","@id":"https:\/\/www.autocritica.ro\/en\/#\/schema\/logo\/image\/","url":"https:\/\/www.autocritica.ro\/wp-content\/uploads\/2020\/12\/logo-negru.png","contentUrl":"https:\/\/www.autocritica.ro\/wp-content\/uploads\/2020\/12\/logo-negru.png","width":300,"height":102,"caption":"Autocritica"},"image":{"@id":"https:\/\/www.autocritica.ro\/en\/#\/schema\/logo\/image\/"},"sameAs":["https:\/\/www.facebook.com\/autocritica.ro","https:\/\/www.instagram.com\/autocritica.ro\/"]}]}},"_links":{"self":[{"href":"https:\/\/www.autocritica.ro\/en\/wp-json\/wp\/v2\/live-news\/268713","targetHints":{"allow":["GET"]}}],"collection":[{"href":"https:\/\/www.autocritica.ro\/en\/wp-json\/wp\/v2\/live-news"}],"about":[{"href":"https:\/\/www.autocritica.ro\/en\/wp-json\/wp\/v2\/types\/live-news"}],"author":[{"embeddable":true,"href":"https:\/\/www.autocritica.ro\/en\/wp-json\/wp\/v2\/users\/4"}],"replies":[{"embeddable":true,"href":"https:\/\/www.autocritica.ro\/en\/wp-json\/wp\/v2\/comments?post=268713"}],"version-history":[{"count":3,"href":"https:\/\/www.autocritica.ro\/en\/wp-json\/wp\/v2\/live-news\/268713\/revisions"}],"predecessor-version":[{"id":268716,"href":"https:\/\/www.autocritica.ro\/en\/wp-json\/wp\/v2\/live-news\/268713\/revisions\/268716"}],"wp:featuredmedia":[{"embeddable":true,"href":"https:\/\/www.autocritica.ro\/en\/wp-json\/wp\/v2\/media\/133223"}],"wp:attachment":[{"href":"https:\/\/www.autocritica.ro\/en\/wp-json\/wp\/v2\/media?parent=268713"}],"wp:term":[{"taxonomy":"post_tag","embeddable":true,"href":"https:\/\/www.autocritica.ro\/en\/wp-json\/wp\/v2\/tags?post=268713"}],"curies":[{"name":"wp","href":"https:\/\/api.w.org\/{rel}","templated":true}]}}