{"id":268320,"date":"2026-01-17T14:08:40","date_gmt":"2026-01-17T11:08:40","guid":{"rendered":"https:\/\/www.autocritica.ro\/?post_type=live-news&#038;p=268320"},"modified":"2026-01-17T14:09:30","modified_gmt":"2026-01-17T11:09:30","slug":"dacia-a-castigat-raliul-dakar-2026","status":"publish","type":"live-news","link":"https:\/\/www.autocritica.ro\/en\/live-news\/dacia-a-castigat-raliul-dakar-2026\/","title":{"rendered":"Dacia a c\u00e2\u0219tigat Raliul Dakar 2026"},"content":{"rendered":"\n<p>\u2022 Dacia Sandriders a c\u00e2\u0219tigat Raliul Dakar 2026 prin echipajul format din Nasser Al-Attiyah \u2013 Fabian Lurquin.&nbsp;<\/p>\n\n\n\n<p>\u2022 Pilotul din Qatar este la a \u0219asea victorie de Dakar (2011, 2015, 2019, 2022, 2023 \u0219i 2026). De asemenea, \u00een edi\u021bia din acest an, Nasser a c\u00e2\u0219tigat dou\u0103 etape \u0219i a ajuns la un total de 50 de victorii &#8211; record pe care \u00eel \u00eemparte cu Ari Vatanen \u0219i St\u00e9phane Peterhansel.&nbsp;Copilotul Fabian Lurquin este la prima reu\u0219it\u0103 \u00een Dakar.&nbsp;<\/p>\n\n\n\n<p>\u2022 Pe locul secund \u00een clasamentul general a \u00eencheiat echipajul format din Nani Roma &#8211; \u2013 Alex Haro (Ford Racing), iar podiumul a fost completat de Mattias Ekstr\u00f6m \u2013 Emil Bergkvist (Ford Racing).<\/p>\n\n\n\n<p>\u2022 Al doilea cel mai bun rezultat al echipei Dacia Sandriders apar\u021bine echipajului format din S\u00e9bastien Loeb \u2013 Edouard Boulanger, locul al patrulea, cu o \u00eent\u00e2rziere de mai pu\u021bin de un minut fa\u021b\u0103 de ultima treapt\u0103 a podiumului. \u00cen momentul redact\u0103rii, celalalte dou\u0103 echipaje Dacia Sandriders formate din Lucas Moraes \u2013 Dennis Zenz\u00a0\u0219i Cristina Gutierrez \u2013 Pablo Moreno \u00eenc\u0103 nu \u00eencheiaser\u0103 ultima prob\u0103.\u00a0<\/p>\n\n\n\n<p>\u2022 Echipa Dacia Sandriders s-a aflat la a doua participare \u00een Raliul Dakar. Anul trecut, cel mai bine plasat pilot la finalul competi\u021biei a fost acela\u0219i Nasser Al-Attiyah (locul al patrulea).&nbsp;<\/p>\n\n\n\n<p>\u2022 Mani Gyenes a \u00eencheiat edi\u021bia din 2026 a Raliului Dakar pe locul al patrulea \u00een Original by Motul, categorie destinat\u0103 celor care concureaz\u0103 f\u0103r\u0103 echip\u0103 de asisten\u021b\u0103 tehnic\u0103.&nbsp;<\/p>\n\n\n\n<p>\u2022 La Rally 2, categorie dedicat\u0103 pilo\u021bilor priva\u021bi care nu fac parte din echipe de uzin\u0103 sau care nu au v\u00e2rsta necesar\u0103 pentru a concura \u00een clasa-regin\u0103, Mani \u00eencheie Dakar 2026 pe locul al 15-lea.&nbsp;<\/p>\n\n\n\n<p>\u2022 Pe scurt despre evolu\u021bia lui Mani \u00een Dakar 2026: trei victorii de etap\u0103 (Prolog \u0219i primele dou\u0103 zile de concurs) \u0219i locul al treilea \u00een etapa final\u0103. Parcursul acestuia a fost puternic marcat de accidentarea din ziua a treia de Dakar. Cu toate c\u0103 incidentul i-a provocat inclusiv probleme de vedere, Mani a continuat s\u0103 concureze.&nbsp;<\/p>\n\n\n\n<p>\u2022 Mani a concurat \u00een 16 edi\u021bii de Dakar \u0219i a ajuns la fini\u0219 \u00een 14 dintre acestea. Riderul a c\u00e2\u0219tigat categoria Maraton \u00een edi\u021biile de Dakar din 2011 \u0219i 2015, iar anul trecut s-a impus la categoria Original by Motul.&nbsp;<\/p>\n\n\n\n<p>\u2022 La clasa general\u0103 Moto s-a impus argentinianul Luciano Benavides (Red Bull KTM Factory Racing). Acesta a \u00eencheiat Dakar 2026 cu un avans de doar 2 secunde &#8211; este cel mai str\u00e2ns rezultat din istoria competi\u021biei &#8211; \u00een fa\u021ba lui Ricky Barbec (Monster Energy Honda). Riderul american a pornit \u00een ultima etap\u0103 de pe primul loc al clasamentului general provizoriu cu un avans de peste 3 minute, \u00eens\u0103 a f\u0103cut o gre\u0219eal\u0103 de naviga\u021bie pe finalul probei.&nbsp;<\/p>\n\n\n\n<figure class=\"wp-block-gallery has-nested-images columns-default is-cropped wp-block-gallery-1 is-layout-flex wp-block-gallery-is-layout-flex\">\n<figure class=\"wp-block-image size-large\"><a href=\"https:\/\/www.autocritica.ro\/wp-content\/uploads\/2026\/01\/M12_2596.jpg\" data-lbwps-width=\"2800\" data-lbwps-height=\"1866\" data-lbwps-srcsmall=\"https:\/\/www.autocritica.ro\/wp-content\/uploads\/2026\/01\/M12_2596-300x200.jpg\"><img loading=\"lazy\" decoding=\"async\" width=\"1024\" height=\"682\" data-id=\"268327\" src=\"https:\/\/www.autocritica.ro\/wp-content\/uploads\/2026\/01\/M12_2596-1024x682.jpg\" alt=\"\" class=\"wp-image-268327\" srcset=\"https:\/\/www.autocritica.ro\/wp-content\/uploads\/2026\/01\/M12_2596-1024x682.jpg 1024w, https:\/\/www.autocritica.ro\/wp-content\/uploads\/2026\/01\/M12_2596-300x200.jpg 300w, https:\/\/www.autocritica.ro\/wp-content\/uploads\/2026\/01\/M12_2596-768x512.jpg 768w, https:\/\/www.autocritica.ro\/wp-content\/uploads\/2026\/01\/M12_2596-1536x1024.jpg 1536w, https:\/\/www.autocritica.ro\/wp-content\/uploads\/2026\/01\/M12_2596-2048x1365.jpg 2048w, https:\/\/www.autocritica.ro\/wp-content\/uploads\/2026\/01\/M12_2596-1200x800.jpg 1200w, https:\/\/www.autocritica.ro\/wp-content\/uploads\/2026\/01\/M12_2596-1000x666.jpg 1000w, https:\/\/www.autocritica.ro\/wp-content\/uploads\/2026\/01\/M12_2596-2000x1333.jpg 2000w\" sizes=\"auto, (max-width: 1024px) 100vw, 1024px\" \/><\/a><figcaption class=\"wp-element-caption\"><br>Nasser Al-Attiyah \u2013 Fabian Lurquin. Foto: Dacia Sandriders<\/figcaption><\/figure>\n\n\n\n<figure class=\"wp-block-image size-large\"><a href=\"https:\/\/www.autocritica.ro\/wp-content\/uploads\/2026\/01\/M21_9357.jpg\" data-lbwps-width=\"2800\" data-lbwps-height=\"1867\" data-lbwps-srcsmall=\"https:\/\/www.autocritica.ro\/wp-content\/uploads\/2026\/01\/M21_9357-300x200.jpg\"><img loading=\"lazy\" decoding=\"async\" width=\"1024\" height=\"683\" data-id=\"268325\" src=\"https:\/\/www.autocritica.ro\/wp-content\/uploads\/2026\/01\/M21_9357-1024x683.jpg\" alt=\"\" class=\"wp-image-268325\" srcset=\"https:\/\/www.autocritica.ro\/wp-content\/uploads\/2026\/01\/M21_9357-1024x683.jpg 1024w, https:\/\/www.autocritica.ro\/wp-content\/uploads\/2026\/01\/M21_9357-300x200.jpg 300w, https:\/\/www.autocritica.ro\/wp-content\/uploads\/2026\/01\/M21_9357-768x512.jpg 768w, https:\/\/www.autocritica.ro\/wp-content\/uploads\/2026\/01\/M21_9357-1536x1024.jpg 1536w, https:\/\/www.autocritica.ro\/wp-content\/uploads\/2026\/01\/M21_9357-2048x1366.jpg 2048w, https:\/\/www.autocritica.ro\/wp-content\/uploads\/2026\/01\/M21_9357-1200x800.jpg 1200w, https:\/\/www.autocritica.ro\/wp-content\/uploads\/2026\/01\/M21_9357-1000x666.jpg 1000w, https:\/\/www.autocritica.ro\/wp-content\/uploads\/2026\/01\/M21_9357-2000x1333.jpg 2000w\" sizes=\"auto, (max-width: 1024px) 100vw, 1024px\" \/><\/a><figcaption class=\"wp-element-caption\"><br>Nasser Al-Attiyah. Foto: Dacia Sandriders<\/figcaption><\/figure>\n\n\n\n<figure class=\"wp-block-image size-large\"><a href=\"https:\/\/www.autocritica.ro\/wp-content\/uploads\/2026\/01\/SI202601090091-1.jpg\" data-lbwps-width=\"2800\" data-lbwps-height=\"1867\" data-lbwps-srcsmall=\"https:\/\/www.autocritica.ro\/wp-content\/uploads\/2026\/01\/SI202601090091-1-300x200.jpg\"><img loading=\"lazy\" decoding=\"async\" width=\"1024\" height=\"683\" data-id=\"268323\" src=\"https:\/\/www.autocritica.ro\/wp-content\/uploads\/2026\/01\/SI202601090091-1-1024x683.jpg\" alt=\"\" class=\"wp-image-268323\" srcset=\"https:\/\/www.autocritica.ro\/wp-content\/uploads\/2026\/01\/SI202601090091-1-1024x683.jpg 1024w, https:\/\/www.autocritica.ro\/wp-content\/uploads\/2026\/01\/SI202601090091-1-300x200.jpg 300w, https:\/\/www.autocritica.ro\/wp-content\/uploads\/2026\/01\/SI202601090091-1-768x512.jpg 768w, https:\/\/www.autocritica.ro\/wp-content\/uploads\/2026\/01\/SI202601090091-1-1536x1024.jpg 1536w, https:\/\/www.autocritica.ro\/wp-content\/uploads\/2026\/01\/SI202601090091-1-2048x1366.jpg 2048w, https:\/\/www.autocritica.ro\/wp-content\/uploads\/2026\/01\/SI202601090091-1-1200x800.jpg 1200w, https:\/\/www.autocritica.ro\/wp-content\/uploads\/2026\/01\/SI202601090091-1-1000x666.jpg 1000w, https:\/\/www.autocritica.ro\/wp-content\/uploads\/2026\/01\/SI202601090091-1-2000x1333.jpg 2000w\" sizes=\"auto, (max-width: 1024px) 100vw, 1024px\" \/><\/a><figcaption class=\"wp-element-caption\"><br>Nani Roma \u2013 Alex Haro. Foto: Marcelo Maragni \/ Red Bull Content Pool<\/figcaption><\/figure>\n\n\n\n<figure class=\"wp-block-image size-large\"><a href=\"https:\/\/www.autocritica.ro\/wp-content\/uploads\/2026\/01\/SI202601160365.jpg\" data-lbwps-width=\"2800\" data-lbwps-height=\"1867\" data-lbwps-srcsmall=\"https:\/\/www.autocritica.ro\/wp-content\/uploads\/2026\/01\/SI202601160365-300x200.jpg\"><img loading=\"lazy\" decoding=\"async\" width=\"1024\" height=\"683\" data-id=\"268324\" src=\"https:\/\/www.autocritica.ro\/wp-content\/uploads\/2026\/01\/SI202601160365-1024x683.jpg\" alt=\"\" class=\"wp-image-268324\" srcset=\"https:\/\/www.autocritica.ro\/wp-content\/uploads\/2026\/01\/SI202601160365-1024x683.jpg 1024w, https:\/\/www.autocritica.ro\/wp-content\/uploads\/2026\/01\/SI202601160365-300x200.jpg 300w, https:\/\/www.autocritica.ro\/wp-content\/uploads\/2026\/01\/SI202601160365-768x512.jpg 768w, https:\/\/www.autocritica.ro\/wp-content\/uploads\/2026\/01\/SI202601160365-1536x1024.jpg 1536w, https:\/\/www.autocritica.ro\/wp-content\/uploads\/2026\/01\/SI202601160365-2048x1366.jpg 2048w, https:\/\/www.autocritica.ro\/wp-content\/uploads\/2026\/01\/SI202601160365-1200x800.jpg 1200w, https:\/\/www.autocritica.ro\/wp-content\/uploads\/2026\/01\/SI202601160365-1000x666.jpg 1000w, https:\/\/www.autocritica.ro\/wp-content\/uploads\/2026\/01\/SI202601160365-2000x1333.jpg 2000w\" sizes=\"auto, (max-width: 1024px) 100vw, 1024px\" \/><\/a><figcaption class=\"wp-element-caption\"><br>Mattias Ekstr\u00f6m \u2013 Emil Bergkvist. Foto: Marcelo Maragni \/ Red Bull Content Pool<\/figcaption><\/figure>\n\n\n\n<figure class=\"wp-block-image size-large\"><a href=\"https:\/\/www.autocritica.ro\/wp-content\/uploads\/2026\/01\/DK26_EdoPhoto_34_HelenaClancy_0716.jpg\" data-lbwps-width=\"2800\" data-lbwps-height=\"1868\" data-lbwps-srcsmall=\"https:\/\/www.autocritica.ro\/wp-content\/uploads\/2026\/01\/DK26_EdoPhoto_34_HelenaClancy_0716-300x200.jpg\"><img loading=\"lazy\" decoding=\"async\" width=\"1024\" height=\"683\" data-id=\"268322\" src=\"https:\/\/www.autocritica.ro\/wp-content\/uploads\/2026\/01\/DK26_EdoPhoto_34_HelenaClancy_0716-1024x683.jpg\" alt=\"\" class=\"wp-image-268322\" srcset=\"https:\/\/www.autocritica.ro\/wp-content\/uploads\/2026\/01\/DK26_EdoPhoto_34_HelenaClancy_0716-1024x683.jpg 1024w, https:\/\/www.autocritica.ro\/wp-content\/uploads\/2026\/01\/DK26_EdoPhoto_34_HelenaClancy_0716-300x200.jpg 300w, https:\/\/www.autocritica.ro\/wp-content\/uploads\/2026\/01\/DK26_EdoPhoto_34_HelenaClancy_0716-768x512.jpg 768w, https:\/\/www.autocritica.ro\/wp-content\/uploads\/2026\/01\/DK26_EdoPhoto_34_HelenaClancy_0716-1536x1025.jpg 1536w, https:\/\/www.autocritica.ro\/wp-content\/uploads\/2026\/01\/DK26_EdoPhoto_34_HelenaClancy_0716-2048x1366.jpg 2048w, https:\/\/www.autocritica.ro\/wp-content\/uploads\/2026\/01\/DK26_EdoPhoto_34_HelenaClancy_0716-1200x800.jpg 1200w, https:\/\/www.autocritica.ro\/wp-content\/uploads\/2026\/01\/DK26_EdoPhoto_34_HelenaClancy_0716-1000x666.jpg 1000w, https:\/\/www.autocritica.ro\/wp-content\/uploads\/2026\/01\/DK26_EdoPhoto_34_HelenaClancy_0716-2000x1333.jpg 2000w\" sizes=\"auto, (max-width: 1024px) 100vw, 1024px\" \/><\/a><figcaption class=\"wp-element-caption\"><br>Mani Gyenes. Foto: EdoPhoto<\/figcaption><\/figure>\n\n\n\n<figure class=\"wp-block-image size-large\"><a href=\"https:\/\/www.autocritica.ro\/wp-content\/uploads\/2026\/01\/34_victoreleuterio_120521_218154_399053_218154.jpg\" data-lbwps-width=\"2800\" data-lbwps-height=\"1867\" data-lbwps-srcsmall=\"https:\/\/www.autocritica.ro\/wp-content\/uploads\/2026\/01\/34_victoreleuterio_120521_218154_399053_218154-300x200.jpg\"><img loading=\"lazy\" decoding=\"async\" width=\"1024\" height=\"683\" data-id=\"268329\" src=\"https:\/\/www.autocritica.ro\/wp-content\/uploads\/2026\/01\/34_victoreleuterio_120521_218154_399053_218154-1024x683.jpg\" alt=\"\" class=\"wp-image-268329\" srcset=\"https:\/\/www.autocritica.ro\/wp-content\/uploads\/2026\/01\/34_victoreleuterio_120521_218154_399053_218154-1024x683.jpg 1024w, https:\/\/www.autocritica.ro\/wp-content\/uploads\/2026\/01\/34_victoreleuterio_120521_218154_399053_218154-300x200.jpg 300w, https:\/\/www.autocritica.ro\/wp-content\/uploads\/2026\/01\/34_victoreleuterio_120521_218154_399053_218154-768x512.jpg 768w, https:\/\/www.autocritica.ro\/wp-content\/uploads\/2026\/01\/34_victoreleuterio_120521_218154_399053_218154-1536x1024.jpg 1536w, https:\/\/www.autocritica.ro\/wp-content\/uploads\/2026\/01\/34_victoreleuterio_120521_218154_399053_218154-2048x1366.jpg 2048w, https:\/\/www.autocritica.ro\/wp-content\/uploads\/2026\/01\/34_victoreleuterio_120521_218154_399053_218154-1200x800.jpg 1200w, https:\/\/www.autocritica.ro\/wp-content\/uploads\/2026\/01\/34_victoreleuterio_120521_218154_399053_218154-1000x666.jpg 1000w, https:\/\/www.autocritica.ro\/wp-content\/uploads\/2026\/01\/34_victoreleuterio_120521_218154_399053_218154-2000x1333.jpg 2000w\" sizes=\"auto, (max-width: 1024px) 100vw, 1024px\" \/><\/a><figcaption class=\"wp-element-caption\"><br>Mani Gyenes. Foto: CBAImages<\/figcaption><\/figure>\n<\/figure>\n\n\n\n<p>Foto: Dacia Sandriders, Marcelo Maragni\/RedBullContentPool, EdoPhoto, CBAImages<\/p>\n","protected":false},"author":4,"featured_media":268332,"comment_status":"closed","ping_status":"closed","template":"","meta":{"_acf_changed":false,"footnotes":""},"tags":[],"class_list":["post-268320","live-news","type-live-news","status-publish","has-post-thumbnail","hentry"],"acf":[],"yoast_head":"<!-- This site is optimized with the Yoast SEO Premium plugin v27.5 (Yoast SEO v27.5) - https:\/\/yoast.com\/product\/yoast-seo-premium-wordpress\/ -->\n<title>Dacia a c\u00e2\u0219tigat Raliul Dakar 2026 - Autocritica<\/title>\n<meta name=\"robots\" content=\"index, follow, max-snippet:-1, max-image-preview:large, max-video-preview:-1\" \/>\n<link rel=\"canonical\" href=\"https:\/\/www.autocritica.ro\/en\/live-news\/dacia-a-castigat-raliul-dakar-2026\/\" \/>\n<meta property=\"og:locale\" content=\"en_US\" \/>\n<meta property=\"og:type\" content=\"article\" \/>\n<meta property=\"og:title\" content=\"Dacia a c\u00e2\u0219tigat Raliul Dakar 2026\" \/>\n<meta property=\"og:description\" content=\"\u2022 Dacia Sandriders a c\u00e2\u0219tigat Raliul Dakar 2026 prin echipajul format din Nasser Al-Attiyah \u2013 Fabian Lurquin.&nbsp; \u2022 Pilotul din Qatar este la a \u0219asea\" \/>\n<meta property=\"og:url\" content=\"https:\/\/www.autocritica.ro\/en\/live-news\/dacia-a-castigat-raliul-dakar-2026\/\" \/>\n<meta property=\"og:site_name\" content=\"Autocritica\" \/>\n<meta property=\"article:publisher\" content=\"https:\/\/www.facebook.com\/autocritica.ro\" \/>\n<meta property=\"article:modified_time\" content=\"2026-01-17T11:09:30+00:00\" \/>\n<meta property=\"og:image\" content=\"https:\/\/www.autocritica.ro\/wp-content\/uploads\/2026\/01\/M32_1413-scaled.jpg\" \/>\n\t<meta property=\"og:image:width\" content=\"2560\" \/>\n\t<meta property=\"og:image:height\" content=\"1707\" \/>\n\t<meta property=\"og:image:type\" content=\"image\/jpeg\" \/>\n<meta name=\"twitter:card\" content=\"summary_large_image\" \/>\n<meta name=\"twitter:label1\" content=\"Est. reading time\" \/>\n\t<meta name=\"twitter:data1\" content=\"2 minutes\" \/>\n<script type=\"application\/ld+json\" class=\"yoast-schema-graph\">{\"@context\":\"https:\\\/\\\/schema.org\",\"@graph\":[{\"@type\":\"WebPage\",\"@id\":\"https:\\\/\\\/www.autocritica.ro\\\/en\\\/live-news\\\/dacia-a-castigat-raliul-dakar-2026\\\/\",\"url\":\"https:\\\/\\\/www.autocritica.ro\\\/en\\\/live-news\\\/dacia-a-castigat-raliul-dakar-2026\\\/\",\"name\":\"Dacia a c\u00e2\u0219tigat Raliul Dakar 2026 - Autocritica\",\"isPartOf\":{\"@id\":\"https:\\\/\\\/www.autocritica.ro\\\/en\\\/#website\"},\"primaryImageOfPage\":{\"@id\":\"https:\\\/\\\/www.autocritica.ro\\\/en\\\/live-news\\\/dacia-a-castigat-raliul-dakar-2026\\\/#primaryimage\"},\"image\":{\"@id\":\"https:\\\/\\\/www.autocritica.ro\\\/en\\\/live-news\\\/dacia-a-castigat-raliul-dakar-2026\\\/#primaryimage\"},\"thumbnailUrl\":\"https:\\\/\\\/www.autocritica.ro\\\/wp-content\\\/uploads\\\/2026\\\/01\\\/M32_1413-scaled.jpg\",\"datePublished\":\"2026-01-17T11:08:40+00:00\",\"dateModified\":\"2026-01-17T11:09:30+00:00\",\"breadcrumb\":{\"@id\":\"https:\\\/\\\/www.autocritica.ro\\\/en\\\/live-news\\\/dacia-a-castigat-raliul-dakar-2026\\\/#breadcrumb\"},\"inLanguage\":\"en-US\",\"potentialAction\":[{\"@type\":\"ReadAction\",\"target\":[\"https:\\\/\\\/www.autocritica.ro\\\/en\\\/live-news\\\/dacia-a-castigat-raliul-dakar-2026\\\/\"]}]},{\"@type\":\"ImageObject\",\"inLanguage\":\"en-US\",\"@id\":\"https:\\\/\\\/www.autocritica.ro\\\/en\\\/live-news\\\/dacia-a-castigat-raliul-dakar-2026\\\/#primaryimage\",\"url\":\"https:\\\/\\\/www.autocritica.ro\\\/wp-content\\\/uploads\\\/2026\\\/01\\\/M32_1413-scaled.jpg\",\"contentUrl\":\"https:\\\/\\\/www.autocritica.ro\\\/wp-content\\\/uploads\\\/2026\\\/01\\\/M32_1413-scaled.jpg\",\"width\":2560,\"height\":1707},{\"@type\":\"BreadcrumbList\",\"@id\":\"https:\\\/\\\/www.autocritica.ro\\\/en\\\/live-news\\\/dacia-a-castigat-raliul-dakar-2026\\\/#breadcrumb\",\"itemListElement\":[{\"@type\":\"ListItem\",\"position\":1,\"name\":\"Home\",\"item\":\"https:\\\/\\\/www.autocritica.ro\\\/en\\\/\"},{\"@type\":\"ListItem\",\"position\":2,\"name\":\"Live News\",\"item\":\"https:\\\/\\\/www.autocritica.ro\\\/en\\\/live-news\\\/\"},{\"@type\":\"ListItem\",\"position\":3,\"name\":\"Dacia a c\u00e2\u0219tigat Raliul Dakar 2026\"}]},{\"@type\":\"WebSite\",\"@id\":\"https:\\\/\\\/www.autocritica.ro\\\/en\\\/#website\",\"url\":\"https:\\\/\\\/www.autocritica.ro\\\/en\\\/\",\"name\":\"Autocritica\",\"description\":\"\",\"publisher\":{\"@id\":\"https:\\\/\\\/www.autocritica.ro\\\/en\\\/#organization\"},\"potentialAction\":[{\"@type\":\"SearchAction\",\"target\":{\"@type\":\"EntryPoint\",\"urlTemplate\":\"https:\\\/\\\/www.autocritica.ro\\\/en\\\/?s={search_term_string}\"},\"query-input\":{\"@type\":\"PropertyValueSpecification\",\"valueRequired\":true,\"valueName\":\"search_term_string\"}}],\"inLanguage\":\"en-US\"},{\"@type\":\"Organization\",\"@id\":\"https:\\\/\\\/www.autocritica.ro\\\/en\\\/#organization\",\"name\":\"Autocritica\",\"url\":\"https:\\\/\\\/www.autocritica.ro\\\/en\\\/\",\"logo\":{\"@type\":\"ImageObject\",\"inLanguage\":\"en-US\",\"@id\":\"https:\\\/\\\/www.autocritica.ro\\\/en\\\/#\\\/schema\\\/logo\\\/image\\\/\",\"url\":\"https:\\\/\\\/www.autocritica.ro\\\/wp-content\\\/uploads\\\/2020\\\/12\\\/logo-negru.png\",\"contentUrl\":\"https:\\\/\\\/www.autocritica.ro\\\/wp-content\\\/uploads\\\/2020\\\/12\\\/logo-negru.png\",\"width\":300,\"height\":102,\"caption\":\"Autocritica\"},\"image\":{\"@id\":\"https:\\\/\\\/www.autocritica.ro\\\/en\\\/#\\\/schema\\\/logo\\\/image\\\/\"},\"sameAs\":[\"https:\\\/\\\/www.facebook.com\\\/autocritica.ro\",\"https:\\\/\\\/www.instagram.com\\\/autocritica.ro\\\/\"]}]}<\/script>\n<!-- \/ Yoast SEO Premium plugin. -->","yoast_head_json":{"title":"Dacia a c\u00e2\u0219tigat Raliul Dakar 2026 - Autocritica","robots":{"index":"index","follow":"follow","max-snippet":"max-snippet:-1","max-image-preview":"max-image-preview:large","max-video-preview":"max-video-preview:-1"},"canonical":"https:\/\/www.autocritica.ro\/en\/live-news\/dacia-a-castigat-raliul-dakar-2026\/","og_locale":"en_US","og_type":"article","og_title":"Dacia a c\u00e2\u0219tigat Raliul Dakar 2026","og_description":"\u2022 Dacia Sandriders a c\u00e2\u0219tigat Raliul Dakar 2026 prin echipajul format din Nasser Al-Attiyah \u2013 Fabian Lurquin.&nbsp; \u2022 Pilotul din Qatar este la a \u0219asea","og_url":"https:\/\/www.autocritica.ro\/en\/live-news\/dacia-a-castigat-raliul-dakar-2026\/","og_site_name":"Autocritica","article_publisher":"https:\/\/www.facebook.com\/autocritica.ro","article_modified_time":"2026-01-17T11:09:30+00:00","og_image":[{"width":2560,"height":1707,"url":"https:\/\/www.autocritica.ro\/wp-content\/uploads\/2026\/01\/M32_1413-scaled.jpg","type":"image\/jpeg"}],"twitter_card":"summary_large_image","twitter_misc":{"Est. reading time":"2 minutes"},"schema":{"@context":"https:\/\/schema.org","@graph":[{"@type":"WebPage","@id":"https:\/\/www.autocritica.ro\/en\/live-news\/dacia-a-castigat-raliul-dakar-2026\/","url":"https:\/\/www.autocritica.ro\/en\/live-news\/dacia-a-castigat-raliul-dakar-2026\/","name":"Dacia a c\u00e2\u0219tigat Raliul Dakar 2026 - Autocritica","isPartOf":{"@id":"https:\/\/www.autocritica.ro\/en\/#website"},"primaryImageOfPage":{"@id":"https:\/\/www.autocritica.ro\/en\/live-news\/dacia-a-castigat-raliul-dakar-2026\/#primaryimage"},"image":{"@id":"https:\/\/www.autocritica.ro\/en\/live-news\/dacia-a-castigat-raliul-dakar-2026\/#primaryimage"},"thumbnailUrl":"https:\/\/www.autocritica.ro\/wp-content\/uploads\/2026\/01\/M32_1413-scaled.jpg","datePublished":"2026-01-17T11:08:40+00:00","dateModified":"2026-01-17T11:09:30+00:00","breadcrumb":{"@id":"https:\/\/www.autocritica.ro\/en\/live-news\/dacia-a-castigat-raliul-dakar-2026\/#breadcrumb"},"inLanguage":"en-US","potentialAction":[{"@type":"ReadAction","target":["https:\/\/www.autocritica.ro\/en\/live-news\/dacia-a-castigat-raliul-dakar-2026\/"]}]},{"@type":"ImageObject","inLanguage":"en-US","@id":"https:\/\/www.autocritica.ro\/en\/live-news\/dacia-a-castigat-raliul-dakar-2026\/#primaryimage","url":"https:\/\/www.autocritica.ro\/wp-content\/uploads\/2026\/01\/M32_1413-scaled.jpg","contentUrl":"https:\/\/www.autocritica.ro\/wp-content\/uploads\/2026\/01\/M32_1413-scaled.jpg","width":2560,"height":1707},{"@type":"BreadcrumbList","@id":"https:\/\/www.autocritica.ro\/en\/live-news\/dacia-a-castigat-raliul-dakar-2026\/#breadcrumb","itemListElement":[{"@type":"ListItem","position":1,"name":"Home","item":"https:\/\/www.autocritica.ro\/en\/"},{"@type":"ListItem","position":2,"name":"Live News","item":"https:\/\/www.autocritica.ro\/en\/live-news\/"},{"@type":"ListItem","position":3,"name":"Dacia a c\u00e2\u0219tigat Raliul Dakar 2026"}]},{"@type":"WebSite","@id":"https:\/\/www.autocritica.ro\/en\/#website","url":"https:\/\/www.autocritica.ro\/en\/","name":"Autocritica","description":"","publisher":{"@id":"https:\/\/www.autocritica.ro\/en\/#organization"},"potentialAction":[{"@type":"SearchAction","target":{"@type":"EntryPoint","urlTemplate":"https:\/\/www.autocritica.ro\/en\/?s={search_term_string}"},"query-input":{"@type":"PropertyValueSpecification","valueRequired":true,"valueName":"search_term_string"}}],"inLanguage":"en-US"},{"@type":"Organization","@id":"https:\/\/www.autocritica.ro\/en\/#organization","name":"Autocritica","url":"https:\/\/www.autocritica.ro\/en\/","logo":{"@type":"ImageObject","inLanguage":"en-US","@id":"https:\/\/www.autocritica.ro\/en\/#\/schema\/logo\/image\/","url":"https:\/\/www.autocritica.ro\/wp-content\/uploads\/2020\/12\/logo-negru.png","contentUrl":"https:\/\/www.autocritica.ro\/wp-content\/uploads\/2020\/12\/logo-negru.png","width":300,"height":102,"caption":"Autocritica"},"image":{"@id":"https:\/\/www.autocritica.ro\/en\/#\/schema\/logo\/image\/"},"sameAs":["https:\/\/www.facebook.com\/autocritica.ro","https:\/\/www.instagram.com\/autocritica.ro\/"]}]}},"_links":{"self":[{"href":"https:\/\/www.autocritica.ro\/en\/wp-json\/wp\/v2\/live-news\/268320","targetHints":{"allow":["GET"]}}],"collection":[{"href":"https:\/\/www.autocritica.ro\/en\/wp-json\/wp\/v2\/live-news"}],"about":[{"href":"https:\/\/www.autocritica.ro\/en\/wp-json\/wp\/v2\/types\/live-news"}],"author":[{"embeddable":true,"href":"https:\/\/www.autocritica.ro\/en\/wp-json\/wp\/v2\/users\/4"}],"replies":[{"embeddable":true,"href":"https:\/\/www.autocritica.ro\/en\/wp-json\/wp\/v2\/comments?post=268320"}],"version-history":[{"count":4,"href":"https:\/\/www.autocritica.ro\/en\/wp-json\/wp\/v2\/live-news\/268320\/revisions"}],"predecessor-version":[{"id":268336,"href":"https:\/\/www.autocritica.ro\/en\/wp-json\/wp\/v2\/live-news\/268320\/revisions\/268336"}],"wp:featuredmedia":[{"embeddable":true,"href":"https:\/\/www.autocritica.ro\/en\/wp-json\/wp\/v2\/media\/268332"}],"wp:attachment":[{"href":"https:\/\/www.autocritica.ro\/en\/wp-json\/wp\/v2\/media?parent=268320"}],"wp:term":[{"taxonomy":"post_tag","embeddable":true,"href":"https:\/\/www.autocritica.ro\/en\/wp-json\/wp\/v2\/tags?post=268320"}],"curies":[{"name":"wp","href":"https:\/\/api.w.org\/{rel}","templated":true}]}}