{"id":268236,"date":"2026-01-16T14:55:57","date_gmt":"2026-01-16T11:55:57","guid":{"rendered":"https:\/\/www.autocritica.ro\/?post_type=live-news&#038;p=268236"},"modified":"2026-01-16T14:59:36","modified_gmt":"2026-01-16T11:59:36","slug":"rezumatul-dakar-2026-dacia-a-doua-victorie-de-etapa-si-lider-la-general-cu-o-etapa-inainte-de-final","status":"publish","type":"live-news","link":"https:\/\/www.autocritica.ro\/en\/live-news\/rezumatul-dakar-2026-dacia-a-doua-victorie-de-etapa-si-lider-la-general-cu-o-etapa-inainte-de-final\/","title":{"rendered":"Rezumatul Dakar 2026: Dacia, a doua victorie de etap\u0103 \u0219i lider la general cu o etap\u0103 \u00eenainte de final"},"content":{"rendered":"\n<p>\u2022 S-a \u00eencheiat proba cronometrat\u0103 din etapa a 12-a a Raliului Dakar 2026.&nbsp;<\/p>\n\n\n\n<p>\u2022 Dacia Sandriders ob\u021bine a doua victorie de etap\u0103 prin echipajul format din Nasser Al-Attiyah \u2013 Fabian Lurquin. Acela\u0219i echipaj s-a impus \u0219i \u00een etapa a \u0219asea a edi\u021biei curente de Dakar.&nbsp;<\/p>\n\n\n\n<p>\u2022 Pe locul secund \u00een clasamentul zilei a sosit echipajul format din Mitch Guthrie \u2013 Kellon Walch (Ford Racing; +1 min 4s), iar podiumul a fost completat de Toby Price &#8211; Armand Monleon (Toyota Gazoo Racing W2RC; +1 min 25s).&nbsp;<\/p>\n\n\n\n<p>\u2022 \u00cen urma rezultatului de ast\u0103zi, Nasser Al-Attiyah \u00ee\u0219i m\u0103re\u0219te ecartul pe care \u00eel avea \u00een fruntea clasamentului general. De asemenea, pilotul din Qatar reu\u0219e\u0219te s\u0103 ajung\u0103 la 50 de victorii de etap\u0103 \u00een Dakar, record pe care \u00eel \u00eemparte cu Ari Vatanen \u0219i St\u00e9phane Peterhansel.&nbsp;<\/p>\n\n\n\n<p>\u2022 Rezultatele celorlalte echipaje Dacia Sandriders: S\u00e9bastien Loeb \u2013 Edouard Boulanger (locul 7; rezultatul de ast\u0103zi a fost marcat de dou\u0103 pene \u0219i de o eroare de naviga\u021bie), Cristina Gutierrez &#8211; Pablo Moreno (locul 12) \u0219i Lucas Moraes \u2013 Dennis Zenz&nbsp;(locul 16).<\/p>\n\n\n\n<p>\u2022 Clasamentul Dakar 2026 dup\u0103 a etapa a 12-a \u00een categoria Auto:<\/p>\n\n\n\n<ol class=\"wp-block-list\">\n<li>Nasser Al-Attiyah \u2013 Fabian Lurquin (Dacia Sandriders)<\/li>\n\n\n\n<li>Nani Roma \u2013 Alex Haro (Ford Racing);\u00a0+15 min 2s<\/li>\n\n\n\n<li>Mattias Ekstr\u00f6m \u2013 Emil Bergkvist (Ford Racing);\u00a0+23 min 21s<\/li>\n\n\n\n<li>S\u00e9bastien Loeb \u2013 Edouard Boulanger (Dacia Sandriders); +23 min 50s<\/li>\n\n\n\n<li>Carlos Sainz \u2013 Lucas Cruz (Ford Racing); +36 min 33s<\/li>\n\n\n\n<li>Mathieu Serradori \u2013 Loin Minaudier (Century Racing); +53 min 17s<\/li>\n\n\n\n<li>Lucas Moraes \u2013 Dennis Zenz (Dacia Sandriders):\u00a0+53 min 35s<\/li>\n\n\n\n<li>Toby Price \u2013 Armand Monleon (Toyota Gazoo Racing W2RC);\u00a0+58 min 24s<\/li>\n\n\n\n<li>Seth Quintero &#8211; Andrew Short (Toyota Gazoo Racing W2RC); +o or\u0103 \u0219i 19 min\u00a0<\/li>\n\n\n\n<li>Mitch Guthrie &#8211; Kellon Walch (Ford Racing); + o or\u0103 \u0219i 27min<\/li>\n<\/ol>\n\n\n\n<p>\u2022 Emanuel Gyenes a \u00eencheiat etapa de ast\u0103zi pe locul al optulea (+30 min 44s) \u00een categoria Original by Motul (f\u0103r\u0103 asisten\u021b\u0103 tehnic\u0103) \u0219i \u00ee\u0219i men\u021bine pozi\u021bia a patra \u00een clasamentul general provizoriu.&nbsp;Riderul din Satu Mare a continuat s\u0103 concureze, cu toate c\u0103 \u00eenc\u0103 se resimte din cauza accidentului suferit \u00een etapa a treia, iar vederea \u00eei este afectat\u0103.&nbsp;<\/p>\n\n\n\n<p>\u2022 Clasamentul Dakar 2026 dup\u0103 a etapa a 12-a&nbsp; \u00een categoria Original by Motul:<\/p>\n\n\n\n<p>1. Benjamin Melot;<br>2. Josep Pedro; +19 min 32s<br>3. Jerome Martiny; +o or\u0103 \u0219i 27 min<br>4. Emanuel Gyenes; +3 ore \u0219i 33 min<br>5. Javi Vega; + 4 ore \u0219i 23 min<\/p>\n\n\n\n<p>M\u00e2ine, 17 ianuarie, va avea loc ultima etap\u0103 a Dakar 2026 (Yanbu &#8211; Yanbu; 108 km de prob\u0103 special\u0103).<\/p>\n\n\n\n<figure class=\"wp-block-gallery has-nested-images columns-default is-cropped wp-block-gallery-1 is-layout-flex wp-block-gallery-is-layout-flex\">\n<figure class=\"wp-block-image size-large\"><a href=\"https:\/\/www.autocritica.ro\/wp-content\/uploads\/2026\/01\/M12_2640.jpg\" data-lbwps-width=\"2800\" data-lbwps-height=\"1866\" data-lbwps-srcsmall=\"https:\/\/www.autocritica.ro\/wp-content\/uploads\/2026\/01\/M12_2640-300x200.jpg\"><img loading=\"lazy\" decoding=\"async\" width=\"1024\" height=\"682\" data-id=\"268239\" src=\"https:\/\/www.autocritica.ro\/wp-content\/uploads\/2026\/01\/M12_2640-1024x682.jpg\" alt=\"\" class=\"wp-image-268239\" srcset=\"https:\/\/www.autocritica.ro\/wp-content\/uploads\/2026\/01\/M12_2640-1024x682.jpg 1024w, https:\/\/www.autocritica.ro\/wp-content\/uploads\/2026\/01\/M12_2640-300x200.jpg 300w, https:\/\/www.autocritica.ro\/wp-content\/uploads\/2026\/01\/M12_2640-768x512.jpg 768w, https:\/\/www.autocritica.ro\/wp-content\/uploads\/2026\/01\/M12_2640-1536x1024.jpg 1536w, https:\/\/www.autocritica.ro\/wp-content\/uploads\/2026\/01\/M12_2640-2048x1365.jpg 2048w, https:\/\/www.autocritica.ro\/wp-content\/uploads\/2026\/01\/M12_2640-1200x800.jpg 1200w, https:\/\/www.autocritica.ro\/wp-content\/uploads\/2026\/01\/M12_2640-1000x666.jpg 1000w, https:\/\/www.autocritica.ro\/wp-content\/uploads\/2026\/01\/M12_2640-2000x1333.jpg 2000w\" sizes=\"auto, (max-width: 1024px) 100vw, 1024px\" \/><\/a><figcaption class=\"wp-element-caption\">Nasser Al-Attiyah. Foto: Dacia Sandriders<\/figcaption><\/figure>\n\n\n\n<figure class=\"wp-block-image size-large\"><a href=\"https:\/\/www.autocritica.ro\/wp-content\/uploads\/2026\/01\/M21_9368.jpg\" data-lbwps-width=\"2800\" data-lbwps-height=\"1866\" data-lbwps-srcsmall=\"https:\/\/www.autocritica.ro\/wp-content\/uploads\/2026\/01\/M21_9368-300x200.jpg\"><img loading=\"lazy\" decoding=\"async\" width=\"1024\" height=\"682\" data-id=\"268248\" src=\"https:\/\/www.autocritica.ro\/wp-content\/uploads\/2026\/01\/M21_9368-1024x682.jpg\" alt=\"\" class=\"wp-image-268248\" srcset=\"https:\/\/www.autocritica.ro\/wp-content\/uploads\/2026\/01\/M21_9368-1024x682.jpg 1024w, https:\/\/www.autocritica.ro\/wp-content\/uploads\/2026\/01\/M21_9368-300x200.jpg 300w, https:\/\/www.autocritica.ro\/wp-content\/uploads\/2026\/01\/M21_9368-768x512.jpg 768w, https:\/\/www.autocritica.ro\/wp-content\/uploads\/2026\/01\/M21_9368-1536x1024.jpg 1536w, https:\/\/www.autocritica.ro\/wp-content\/uploads\/2026\/01\/M21_9368-2048x1365.jpg 2048w, https:\/\/www.autocritica.ro\/wp-content\/uploads\/2026\/01\/M21_9368-1200x800.jpg 1200w, https:\/\/www.autocritica.ro\/wp-content\/uploads\/2026\/01\/M21_9368-1000x666.jpg 1000w, https:\/\/www.autocritica.ro\/wp-content\/uploads\/2026\/01\/M21_9368-2000x1333.jpg 2000w\" sizes=\"auto, (max-width: 1024px) 100vw, 1024px\" \/><\/a><figcaption class=\"wp-element-caption\">Nasser Al-Attiyah. Foto: Dacia Sandriders<\/figcaption><\/figure>\n\n\n\n<figure class=\"wp-block-image size-large\"><a href=\"https:\/\/www.autocritica.ro\/wp-content\/uploads\/2026\/01\/SI202601150441.jpg\" data-lbwps-width=\"2800\" data-lbwps-height=\"1867\" data-lbwps-srcsmall=\"https:\/\/www.autocritica.ro\/wp-content\/uploads\/2026\/01\/SI202601150441-300x200.jpg\"><img loading=\"lazy\" decoding=\"async\" width=\"1024\" height=\"683\" data-id=\"268240\" src=\"https:\/\/www.autocritica.ro\/wp-content\/uploads\/2026\/01\/SI202601150441-1024x683.jpg\" alt=\"\" class=\"wp-image-268240\" srcset=\"https:\/\/www.autocritica.ro\/wp-content\/uploads\/2026\/01\/SI202601150441-1024x683.jpg 1024w, https:\/\/www.autocritica.ro\/wp-content\/uploads\/2026\/01\/SI202601150441-300x200.jpg 300w, https:\/\/www.autocritica.ro\/wp-content\/uploads\/2026\/01\/SI202601150441-768x512.jpg 768w, https:\/\/www.autocritica.ro\/wp-content\/uploads\/2026\/01\/SI202601150441-1536x1024.jpg 1536w, https:\/\/www.autocritica.ro\/wp-content\/uploads\/2026\/01\/SI202601150441-2048x1366.jpg 2048w, https:\/\/www.autocritica.ro\/wp-content\/uploads\/2026\/01\/SI202601150441-1200x800.jpg 1200w, https:\/\/www.autocritica.ro\/wp-content\/uploads\/2026\/01\/SI202601150441-1000x666.jpg 1000w, https:\/\/www.autocritica.ro\/wp-content\/uploads\/2026\/01\/SI202601150441-2000x1333.jpg 2000w\" sizes=\"auto, (max-width: 1024px) 100vw, 1024px\" \/><\/a><figcaption class=\"wp-element-caption\"><br>Mitch Guthrie \u2013 Kellon Walch. Foto: Marcelo Maragni \/ Red Bull Content Pool<\/figcaption><\/figure>\n\n\n\n<figure class=\"wp-block-image size-large\"><a href=\"https:\/\/www.autocritica.ro\/wp-content\/uploads\/2026\/01\/SI202601160330.jpg\" data-lbwps-width=\"2800\" data-lbwps-height=\"1866\" data-lbwps-srcsmall=\"https:\/\/www.autocritica.ro\/wp-content\/uploads\/2026\/01\/SI202601160330-300x200.jpg\"><img loading=\"lazy\" decoding=\"async\" width=\"1024\" height=\"682\" data-id=\"268246\" src=\"https:\/\/www.autocritica.ro\/wp-content\/uploads\/2026\/01\/SI202601160330-1024x682.jpg\" alt=\"\" class=\"wp-image-268246\" srcset=\"https:\/\/www.autocritica.ro\/wp-content\/uploads\/2026\/01\/SI202601160330-1024x682.jpg 1024w, https:\/\/www.autocritica.ro\/wp-content\/uploads\/2026\/01\/SI202601160330-300x200.jpg 300w, https:\/\/www.autocritica.ro\/wp-content\/uploads\/2026\/01\/SI202601160330-768x512.jpg 768w, https:\/\/www.autocritica.ro\/wp-content\/uploads\/2026\/01\/SI202601160330-1536x1024.jpg 1536w, https:\/\/www.autocritica.ro\/wp-content\/uploads\/2026\/01\/SI202601160330-2048x1365.jpg 2048w, https:\/\/www.autocritica.ro\/wp-content\/uploads\/2026\/01\/SI202601160330-1200x800.jpg 1200w, https:\/\/www.autocritica.ro\/wp-content\/uploads\/2026\/01\/SI202601160330-1000x666.jpg 1000w, https:\/\/www.autocritica.ro\/wp-content\/uploads\/2026\/01\/SI202601160330-2000x1333.jpg 2000w\" sizes=\"auto, (max-width: 1024px) 100vw, 1024px\" \/><\/a><figcaption class=\"wp-element-caption\"><br>Toby Price &#8211; Armand Monleon. Foto: Kin Marcin \/ Red Bull Content Pool<\/figcaption><\/figure>\n\n\n\n<figure class=\"wp-block-image size-large\"><a href=\"https:\/\/www.autocritica.ro\/wp-content\/uploads\/2026\/01\/DAK26_34_MatteoGebbia_Edophoto_GEB_01091.jpg\" data-lbwps-width=\"2800\" data-lbwps-height=\"1866\" data-lbwps-srcsmall=\"https:\/\/www.autocritica.ro\/wp-content\/uploads\/2026\/01\/DAK26_34_MatteoGebbia_Edophoto_GEB_01091-300x200.jpg\"><img loading=\"lazy\" decoding=\"async\" width=\"1024\" height=\"682\" data-id=\"268244\" src=\"https:\/\/www.autocritica.ro\/wp-content\/uploads\/2026\/01\/DAK26_34_MatteoGebbia_Edophoto_GEB_01091-1024x682.jpg\" alt=\"\" class=\"wp-image-268244\" srcset=\"https:\/\/www.autocritica.ro\/wp-content\/uploads\/2026\/01\/DAK26_34_MatteoGebbia_Edophoto_GEB_01091-1024x682.jpg 1024w, https:\/\/www.autocritica.ro\/wp-content\/uploads\/2026\/01\/DAK26_34_MatteoGebbia_Edophoto_GEB_01091-300x200.jpg 300w, https:\/\/www.autocritica.ro\/wp-content\/uploads\/2026\/01\/DAK26_34_MatteoGebbia_Edophoto_GEB_01091-768x512.jpg 768w, https:\/\/www.autocritica.ro\/wp-content\/uploads\/2026\/01\/DAK26_34_MatteoGebbia_Edophoto_GEB_01091-1536x1024.jpg 1536w, https:\/\/www.autocritica.ro\/wp-content\/uploads\/2026\/01\/DAK26_34_MatteoGebbia_Edophoto_GEB_01091-2048x1365.jpg 2048w, https:\/\/www.autocritica.ro\/wp-content\/uploads\/2026\/01\/DAK26_34_MatteoGebbia_Edophoto_GEB_01091-1200x800.jpg 1200w, https:\/\/www.autocritica.ro\/wp-content\/uploads\/2026\/01\/DAK26_34_MatteoGebbia_Edophoto_GEB_01091-1000x666.jpg 1000w, https:\/\/www.autocritica.ro\/wp-content\/uploads\/2026\/01\/DAK26_34_MatteoGebbia_Edophoto_GEB_01091-2000x1333.jpg 2000w\" sizes=\"auto, (max-width: 1024px) 100vw, 1024px\" \/><\/a><figcaption class=\"wp-element-caption\"><br>Mani Gyenes: Foto Matteo Gebbia (EdoPhoto)<\/figcaption><\/figure>\n\n\n\n<figure class=\"wp-block-image size-large\"><a href=\"https:\/\/www.autocritica.ro\/wp-content\/uploads\/2026\/01\/RDK26_Edophoto_HelenaClancy_34_8694.jpg\" data-lbwps-width=\"2800\" data-lbwps-height=\"1868\" data-lbwps-srcsmall=\"https:\/\/www.autocritica.ro\/wp-content\/uploads\/2026\/01\/RDK26_Edophoto_HelenaClancy_34_8694-300x200.jpg\"><img loading=\"lazy\" decoding=\"async\" width=\"1024\" height=\"683\" data-id=\"268238\" src=\"https:\/\/www.autocritica.ro\/wp-content\/uploads\/2026\/01\/RDK26_Edophoto_HelenaClancy_34_8694-1024x683.jpg\" alt=\"\" class=\"wp-image-268238\" srcset=\"https:\/\/www.autocritica.ro\/wp-content\/uploads\/2026\/01\/RDK26_Edophoto_HelenaClancy_34_8694-1024x683.jpg 1024w, https:\/\/www.autocritica.ro\/wp-content\/uploads\/2026\/01\/RDK26_Edophoto_HelenaClancy_34_8694-300x200.jpg 300w, https:\/\/www.autocritica.ro\/wp-content\/uploads\/2026\/01\/RDK26_Edophoto_HelenaClancy_34_8694-768x512.jpg 768w, https:\/\/www.autocritica.ro\/wp-content\/uploads\/2026\/01\/RDK26_Edophoto_HelenaClancy_34_8694-1536x1025.jpg 1536w, https:\/\/www.autocritica.ro\/wp-content\/uploads\/2026\/01\/RDK26_Edophoto_HelenaClancy_34_8694-2048x1366.jpg 2048w, https:\/\/www.autocritica.ro\/wp-content\/uploads\/2026\/01\/RDK26_Edophoto_HelenaClancy_34_8694-1200x800.jpg 1200w, https:\/\/www.autocritica.ro\/wp-content\/uploads\/2026\/01\/RDK26_Edophoto_HelenaClancy_34_8694-1000x666.jpg 1000w, https:\/\/www.autocritica.ro\/wp-content\/uploads\/2026\/01\/RDK26_Edophoto_HelenaClancy_34_8694-2000x1333.jpg 2000w\" sizes=\"auto, (max-width: 1024px) 100vw, 1024px\" \/><\/a><figcaption class=\"wp-element-caption\"><br>Mani Gyenes: Helena Clancy (EdoPhoto)\u00a0<\/figcaption><\/figure>\n<\/figure>\n\n\n\n<p>\u2022 Foto: Dacia Sandriders, Marcelo Maragni\/Kin Marcin (Red Bull Content Pool), EdoPhoto<\/p>\n","protected":false},"author":4,"featured_media":268239,"comment_status":"closed","ping_status":"closed","template":"","meta":{"_acf_changed":false,"footnotes":""},"tags":[],"class_list":["post-268236","live-news","type-live-news","status-publish","has-post-thumbnail","hentry"],"acf":[],"yoast_head":"<!-- This site is optimized with the Yoast SEO Premium plugin v27.5 (Yoast SEO v27.5) - https:\/\/yoast.com\/product\/yoast-seo-premium-wordpress\/ -->\n<title>Rezumatul Dakar 2026: Dacia, a doua victorie de etap\u0103 \u0219i lider la general cu o etap\u0103 \u00eenainte de final - Autocritica<\/title>\n<meta name=\"robots\" content=\"index, follow, max-snippet:-1, max-image-preview:large, max-video-preview:-1\" \/>\n<link rel=\"canonical\" href=\"https:\/\/www.autocritica.ro\/en\/live-news\/rezumatul-dakar-2026-dacia-a-doua-victorie-de-etapa-si-lider-la-general-cu-o-etapa-inainte-de-final\/\" \/>\n<meta property=\"og:locale\" content=\"en_US\" \/>\n<meta property=\"og:type\" content=\"article\" \/>\n<meta property=\"og:title\" content=\"Rezumatul Dakar 2026: Dacia, a doua victorie de etap\u0103 \u0219i lider la general cu o etap\u0103 \u00eenainte de final\" \/>\n<meta property=\"og:description\" content=\"\u2022 S-a \u00eencheiat proba cronometrat\u0103 din etapa a 12-a a Raliului Dakar 2026.&nbsp; \u2022 Dacia Sandriders ob\u021bine a doua victorie de etap\u0103 prin echipajul format\" \/>\n<meta property=\"og:url\" content=\"https:\/\/www.autocritica.ro\/en\/live-news\/rezumatul-dakar-2026-dacia-a-doua-victorie-de-etapa-si-lider-la-general-cu-o-etapa-inainte-de-final\/\" \/>\n<meta property=\"og:site_name\" content=\"Autocritica\" \/>\n<meta property=\"article:publisher\" content=\"https:\/\/www.facebook.com\/autocritica.ro\" \/>\n<meta property=\"article:modified_time\" content=\"2026-01-16T11:59:36+00:00\" \/>\n<meta property=\"og:image\" content=\"https:\/\/www.autocritica.ro\/wp-content\/uploads\/2026\/01\/M12_2640-scaled.jpg\" \/>\n\t<meta property=\"og:image:width\" content=\"2560\" \/>\n\t<meta property=\"og:image:height\" content=\"1706\" \/>\n\t<meta property=\"og:image:type\" content=\"image\/jpeg\" \/>\n<meta name=\"twitter:card\" content=\"summary_large_image\" \/>\n<meta name=\"twitter:label1\" content=\"Est. reading time\" \/>\n\t<meta name=\"twitter:data1\" content=\"2 minutes\" \/>\n<script type=\"application\/ld+json\" class=\"yoast-schema-graph\">{\"@context\":\"https:\\\/\\\/schema.org\",\"@graph\":[{\"@type\":\"WebPage\",\"@id\":\"https:\\\/\\\/www.autocritica.ro\\\/en\\\/live-news\\\/rezumatul-dakar-2026-dacia-a-doua-victorie-de-etapa-si-lider-la-general-cu-o-etapa-inainte-de-final\\\/\",\"url\":\"https:\\\/\\\/www.autocritica.ro\\\/en\\\/live-news\\\/rezumatul-dakar-2026-dacia-a-doua-victorie-de-etapa-si-lider-la-general-cu-o-etapa-inainte-de-final\\\/\",\"name\":\"Rezumatul Dakar 2026: Dacia, a doua victorie de etap\u0103 \u0219i lider la general cu o etap\u0103 \u00eenainte de final - Autocritica\",\"isPartOf\":{\"@id\":\"https:\\\/\\\/www.autocritica.ro\\\/en\\\/#website\"},\"primaryImageOfPage\":{\"@id\":\"https:\\\/\\\/www.autocritica.ro\\\/en\\\/live-news\\\/rezumatul-dakar-2026-dacia-a-doua-victorie-de-etapa-si-lider-la-general-cu-o-etapa-inainte-de-final\\\/#primaryimage\"},\"image\":{\"@id\":\"https:\\\/\\\/www.autocritica.ro\\\/en\\\/live-news\\\/rezumatul-dakar-2026-dacia-a-doua-victorie-de-etapa-si-lider-la-general-cu-o-etapa-inainte-de-final\\\/#primaryimage\"},\"thumbnailUrl\":\"https:\\\/\\\/www.autocritica.ro\\\/wp-content\\\/uploads\\\/2026\\\/01\\\/M12_2640-scaled.jpg\",\"datePublished\":\"2026-01-16T11:55:57+00:00\",\"dateModified\":\"2026-01-16T11:59:36+00:00\",\"breadcrumb\":{\"@id\":\"https:\\\/\\\/www.autocritica.ro\\\/en\\\/live-news\\\/rezumatul-dakar-2026-dacia-a-doua-victorie-de-etapa-si-lider-la-general-cu-o-etapa-inainte-de-final\\\/#breadcrumb\"},\"inLanguage\":\"en-US\",\"potentialAction\":[{\"@type\":\"ReadAction\",\"target\":[\"https:\\\/\\\/www.autocritica.ro\\\/en\\\/live-news\\\/rezumatul-dakar-2026-dacia-a-doua-victorie-de-etapa-si-lider-la-general-cu-o-etapa-inainte-de-final\\\/\"]}]},{\"@type\":\"ImageObject\",\"inLanguage\":\"en-US\",\"@id\":\"https:\\\/\\\/www.autocritica.ro\\\/en\\\/live-news\\\/rezumatul-dakar-2026-dacia-a-doua-victorie-de-etapa-si-lider-la-general-cu-o-etapa-inainte-de-final\\\/#primaryimage\",\"url\":\"https:\\\/\\\/www.autocritica.ro\\\/wp-content\\\/uploads\\\/2026\\\/01\\\/M12_2640-scaled.jpg\",\"contentUrl\":\"https:\\\/\\\/www.autocritica.ro\\\/wp-content\\\/uploads\\\/2026\\\/01\\\/M12_2640-scaled.jpg\",\"width\":2560,\"height\":1706},{\"@type\":\"BreadcrumbList\",\"@id\":\"https:\\\/\\\/www.autocritica.ro\\\/en\\\/live-news\\\/rezumatul-dakar-2026-dacia-a-doua-victorie-de-etapa-si-lider-la-general-cu-o-etapa-inainte-de-final\\\/#breadcrumb\",\"itemListElement\":[{\"@type\":\"ListItem\",\"position\":1,\"name\":\"Home\",\"item\":\"https:\\\/\\\/www.autocritica.ro\\\/en\\\/\"},{\"@type\":\"ListItem\",\"position\":2,\"name\":\"Live News\",\"item\":\"https:\\\/\\\/www.autocritica.ro\\\/en\\\/live-news\\\/\"},{\"@type\":\"ListItem\",\"position\":3,\"name\":\"Rezumatul Dakar 2026: Dacia, a doua victorie de etap\u0103 \u0219i lider la general cu o etap\u0103 \u00eenainte de final\"}]},{\"@type\":\"WebSite\",\"@id\":\"https:\\\/\\\/www.autocritica.ro\\\/en\\\/#website\",\"url\":\"https:\\\/\\\/www.autocritica.ro\\\/en\\\/\",\"name\":\"Autocritica\",\"description\":\"\",\"publisher\":{\"@id\":\"https:\\\/\\\/www.autocritica.ro\\\/en\\\/#organization\"},\"potentialAction\":[{\"@type\":\"SearchAction\",\"target\":{\"@type\":\"EntryPoint\",\"urlTemplate\":\"https:\\\/\\\/www.autocritica.ro\\\/en\\\/?s={search_term_string}\"},\"query-input\":{\"@type\":\"PropertyValueSpecification\",\"valueRequired\":true,\"valueName\":\"search_term_string\"}}],\"inLanguage\":\"en-US\"},{\"@type\":\"Organization\",\"@id\":\"https:\\\/\\\/www.autocritica.ro\\\/en\\\/#organization\",\"name\":\"Autocritica\",\"url\":\"https:\\\/\\\/www.autocritica.ro\\\/en\\\/\",\"logo\":{\"@type\":\"ImageObject\",\"inLanguage\":\"en-US\",\"@id\":\"https:\\\/\\\/www.autocritica.ro\\\/en\\\/#\\\/schema\\\/logo\\\/image\\\/\",\"url\":\"https:\\\/\\\/www.autocritica.ro\\\/wp-content\\\/uploads\\\/2020\\\/12\\\/logo-negru.png\",\"contentUrl\":\"https:\\\/\\\/www.autocritica.ro\\\/wp-content\\\/uploads\\\/2020\\\/12\\\/logo-negru.png\",\"width\":300,\"height\":102,\"caption\":\"Autocritica\"},\"image\":{\"@id\":\"https:\\\/\\\/www.autocritica.ro\\\/en\\\/#\\\/schema\\\/logo\\\/image\\\/\"},\"sameAs\":[\"https:\\\/\\\/www.facebook.com\\\/autocritica.ro\",\"https:\\\/\\\/www.instagram.com\\\/autocritica.ro\\\/\"]}]}<\/script>\n<!-- \/ Yoast SEO Premium plugin. -->","yoast_head_json":{"title":"Rezumatul Dakar 2026: Dacia, a doua victorie de etap\u0103 \u0219i lider la general cu o etap\u0103 \u00eenainte de final - Autocritica","robots":{"index":"index","follow":"follow","max-snippet":"max-snippet:-1","max-image-preview":"max-image-preview:large","max-video-preview":"max-video-preview:-1"},"canonical":"https:\/\/www.autocritica.ro\/en\/live-news\/rezumatul-dakar-2026-dacia-a-doua-victorie-de-etapa-si-lider-la-general-cu-o-etapa-inainte-de-final\/","og_locale":"en_US","og_type":"article","og_title":"Rezumatul Dakar 2026: Dacia, a doua victorie de etap\u0103 \u0219i lider la general cu o etap\u0103 \u00eenainte de final","og_description":"\u2022 S-a \u00eencheiat proba cronometrat\u0103 din etapa a 12-a a Raliului Dakar 2026.&nbsp; \u2022 Dacia Sandriders ob\u021bine a doua victorie de etap\u0103 prin echipajul format","og_url":"https:\/\/www.autocritica.ro\/en\/live-news\/rezumatul-dakar-2026-dacia-a-doua-victorie-de-etapa-si-lider-la-general-cu-o-etapa-inainte-de-final\/","og_site_name":"Autocritica","article_publisher":"https:\/\/www.facebook.com\/autocritica.ro","article_modified_time":"2026-01-16T11:59:36+00:00","og_image":[{"width":2560,"height":1706,"url":"https:\/\/www.autocritica.ro\/wp-content\/uploads\/2026\/01\/M12_2640-scaled.jpg","type":"image\/jpeg"}],"twitter_card":"summary_large_image","twitter_misc":{"Est. reading time":"2 minutes"},"schema":{"@context":"https:\/\/schema.org","@graph":[{"@type":"WebPage","@id":"https:\/\/www.autocritica.ro\/en\/live-news\/rezumatul-dakar-2026-dacia-a-doua-victorie-de-etapa-si-lider-la-general-cu-o-etapa-inainte-de-final\/","url":"https:\/\/www.autocritica.ro\/en\/live-news\/rezumatul-dakar-2026-dacia-a-doua-victorie-de-etapa-si-lider-la-general-cu-o-etapa-inainte-de-final\/","name":"Rezumatul Dakar 2026: Dacia, a doua victorie de etap\u0103 \u0219i lider la general cu o etap\u0103 \u00eenainte de final - Autocritica","isPartOf":{"@id":"https:\/\/www.autocritica.ro\/en\/#website"},"primaryImageOfPage":{"@id":"https:\/\/www.autocritica.ro\/en\/live-news\/rezumatul-dakar-2026-dacia-a-doua-victorie-de-etapa-si-lider-la-general-cu-o-etapa-inainte-de-final\/#primaryimage"},"image":{"@id":"https:\/\/www.autocritica.ro\/en\/live-news\/rezumatul-dakar-2026-dacia-a-doua-victorie-de-etapa-si-lider-la-general-cu-o-etapa-inainte-de-final\/#primaryimage"},"thumbnailUrl":"https:\/\/www.autocritica.ro\/wp-content\/uploads\/2026\/01\/M12_2640-scaled.jpg","datePublished":"2026-01-16T11:55:57+00:00","dateModified":"2026-01-16T11:59:36+00:00","breadcrumb":{"@id":"https:\/\/www.autocritica.ro\/en\/live-news\/rezumatul-dakar-2026-dacia-a-doua-victorie-de-etapa-si-lider-la-general-cu-o-etapa-inainte-de-final\/#breadcrumb"},"inLanguage":"en-US","potentialAction":[{"@type":"ReadAction","target":["https:\/\/www.autocritica.ro\/en\/live-news\/rezumatul-dakar-2026-dacia-a-doua-victorie-de-etapa-si-lider-la-general-cu-o-etapa-inainte-de-final\/"]}]},{"@type":"ImageObject","inLanguage":"en-US","@id":"https:\/\/www.autocritica.ro\/en\/live-news\/rezumatul-dakar-2026-dacia-a-doua-victorie-de-etapa-si-lider-la-general-cu-o-etapa-inainte-de-final\/#primaryimage","url":"https:\/\/www.autocritica.ro\/wp-content\/uploads\/2026\/01\/M12_2640-scaled.jpg","contentUrl":"https:\/\/www.autocritica.ro\/wp-content\/uploads\/2026\/01\/M12_2640-scaled.jpg","width":2560,"height":1706},{"@type":"BreadcrumbList","@id":"https:\/\/www.autocritica.ro\/en\/live-news\/rezumatul-dakar-2026-dacia-a-doua-victorie-de-etapa-si-lider-la-general-cu-o-etapa-inainte-de-final\/#breadcrumb","itemListElement":[{"@type":"ListItem","position":1,"name":"Home","item":"https:\/\/www.autocritica.ro\/en\/"},{"@type":"ListItem","position":2,"name":"Live News","item":"https:\/\/www.autocritica.ro\/en\/live-news\/"},{"@type":"ListItem","position":3,"name":"Rezumatul Dakar 2026: Dacia, a doua victorie de etap\u0103 \u0219i lider la general cu o etap\u0103 \u00eenainte de final"}]},{"@type":"WebSite","@id":"https:\/\/www.autocritica.ro\/en\/#website","url":"https:\/\/www.autocritica.ro\/en\/","name":"Autocritica","description":"","publisher":{"@id":"https:\/\/www.autocritica.ro\/en\/#organization"},"potentialAction":[{"@type":"SearchAction","target":{"@type":"EntryPoint","urlTemplate":"https:\/\/www.autocritica.ro\/en\/?s={search_term_string}"},"query-input":{"@type":"PropertyValueSpecification","valueRequired":true,"valueName":"search_term_string"}}],"inLanguage":"en-US"},{"@type":"Organization","@id":"https:\/\/www.autocritica.ro\/en\/#organization","name":"Autocritica","url":"https:\/\/www.autocritica.ro\/en\/","logo":{"@type":"ImageObject","inLanguage":"en-US","@id":"https:\/\/www.autocritica.ro\/en\/#\/schema\/logo\/image\/","url":"https:\/\/www.autocritica.ro\/wp-content\/uploads\/2020\/12\/logo-negru.png","contentUrl":"https:\/\/www.autocritica.ro\/wp-content\/uploads\/2020\/12\/logo-negru.png","width":300,"height":102,"caption":"Autocritica"},"image":{"@id":"https:\/\/www.autocritica.ro\/en\/#\/schema\/logo\/image\/"},"sameAs":["https:\/\/www.facebook.com\/autocritica.ro","https:\/\/www.instagram.com\/autocritica.ro\/"]}]}},"_links":{"self":[{"href":"https:\/\/www.autocritica.ro\/en\/wp-json\/wp\/v2\/live-news\/268236","targetHints":{"allow":["GET"]}}],"collection":[{"href":"https:\/\/www.autocritica.ro\/en\/wp-json\/wp\/v2\/live-news"}],"about":[{"href":"https:\/\/www.autocritica.ro\/en\/wp-json\/wp\/v2\/types\/live-news"}],"author":[{"embeddable":true,"href":"https:\/\/www.autocritica.ro\/en\/wp-json\/wp\/v2\/users\/4"}],"replies":[{"embeddable":true,"href":"https:\/\/www.autocritica.ro\/en\/wp-json\/wp\/v2\/comments?post=268236"}],"version-history":[{"count":4,"href":"https:\/\/www.autocritica.ro\/en\/wp-json\/wp\/v2\/live-news\/268236\/revisions"}],"predecessor-version":[{"id":268277,"href":"https:\/\/www.autocritica.ro\/en\/wp-json\/wp\/v2\/live-news\/268236\/revisions\/268277"}],"wp:featuredmedia":[{"embeddable":true,"href":"https:\/\/www.autocritica.ro\/en\/wp-json\/wp\/v2\/media\/268239"}],"wp:attachment":[{"href":"https:\/\/www.autocritica.ro\/en\/wp-json\/wp\/v2\/media?parent=268236"}],"wp:term":[{"taxonomy":"post_tag","embeddable":true,"href":"https:\/\/www.autocritica.ro\/en\/wp-json\/wp\/v2\/tags?post=268236"}],"curies":[{"name":"wp","href":"https:\/\/api.w.org\/{rel}","templated":true}]}}