{"id":268222,"date":"2026-01-16T12:43:09","date_gmt":"2026-01-16T09:43:09","guid":{"rendered":"https:\/\/www.autocritica.ro\/?post_type=live-news&#038;p=268222"},"modified":"2026-01-16T12:43:41","modified_gmt":"2026-01-16T09:43:41","slug":"parcul-auto-din-romania-7-milioane-de-autoturisme-sunt-mai-vechi-de-10-ani","status":"publish","type":"live-news","link":"https:\/\/www.autocritica.ro\/en\/live-news\/parcul-auto-din-romania-7-milioane-de-autoturisme-sunt-mai-vechi-de-10-ani\/","title":{"rendered":"Parcul auto din Rom\u00e2nia: 7 milioane de autoturisme sunt mai vechi de 10 ani"},"content":{"rendered":"\n<p>\u2022 Asocia\u021bia Constructorilor Europeni de Automobile (ACEA) a publicat un raport cu informa\u021bii privind evolu\u021bia parcurilor auto din fiecare stat membru UE \u00een 2024.<\/p>\n\n\n\n<p>\u2022 Rom\u00e2nia avea circa 8,44 de milioane de autoturisme \u00een parcul auto \u00een 2024, \u00een cre\u0219tere cu 4,2% fa\u021b\u0103 de nivelul din 2023 (8,1 milioane).<\/p>\n\n\n\n<p>\u2022 Num\u0103rul total de utilitare, camioane \u0219i autobuze din Rom\u00e2nia a fost de 1,36 milioane de unit\u0103\u021bi (+3,5% \u00een 2024).<\/p>\n\n\n\n<p>\u2022 Parcul auto din Rom\u00e2nia avea o medie de v\u00e2rst\u0103 de 15,6 ani \u00een 2024 (comparativ cu 16,9 \u00een 2020). Media la nivel UE era de 12,7 ani. \u021a\u0103ri precum Cehia, Estonia, Grecia \u0219i Malta au parcuri auto mai \u00eemb\u0103tr\u00e2nite dec\u00e2t Rom\u00e2nia.<\/p>\n\n\n\n<p>\u2022 Conform datelor oficiale, aproape 7 milioane de autoturisme din Rom\u00e2nia aveau peste 10 ani vechime \u00een 2024.<\/p>\n\n\n\n<p>\u2022 Cele mai vechi autobuze din UE sunt \u00een Rom\u00e2nia (medie de 17,8 ani \u00een 2024), comparativ cu media european\u0103 de 12,2 ani.<\/p>\n\n\n\n<p>\u2022 La nivelul lui 2024, situa\u021bia parcului auto din Rom\u00e2nia \u00een func\u021bie de sistemul de propulsie al autoturismelor ar\u0103ta \u00een felul urm\u0103tor:<\/p>\n\n\n\n<p>&#8211; Benzin\u0103: 53,9%<\/p>\n\n\n\n<p>&#8211; Diesel: 42,3%<\/p>\n\n\n\n<p>&#8211; Hibrizi: 1,6%<\/p>\n\n\n\n<p>&#8211; Electrice: 0,4%<\/p>\n\n\n\n<p>&#8211; GPL: 0,7%<\/p>\n\n\n\n<p>\u2022 Via: ACEA<\/p>\n\n\n\n<p>\u2022 Foto: Dreamstime<\/p>\n","protected":false},"author":16,"featured_media":146077,"comment_status":"closed","ping_status":"closed","template":"","meta":{"_acf_changed":false,"footnotes":""},"tags":[3610,6459],"class_list":["post-268222","live-news","type-live-news","status-publish","has-post-thumbnail","hentry","tag-parc-auto-romania","tag-parcul-auto-din-romania"],"acf":[],"yoast_head":"<!-- This site is optimized with the Yoast SEO Premium plugin v27.5 (Yoast SEO v27.5) - https:\/\/yoast.com\/product\/yoast-seo-premium-wordpress\/ -->\n<title>Parcul auto din Rom\u00e2nia: 7 milioane de autoturisme sunt mai vechi de 10 ani - Autocritica<\/title>\n<meta name=\"robots\" content=\"index, follow, max-snippet:-1, max-image-preview:large, max-video-preview:-1\" \/>\n<link rel=\"canonical\" href=\"https:\/\/www.autocritica.ro\/en\/live-news\/parcul-auto-din-romania-7-milioane-de-autoturisme-sunt-mai-vechi-de-10-ani\/\" \/>\n<meta property=\"og:locale\" content=\"en_US\" \/>\n<meta property=\"og:type\" content=\"article\" \/>\n<meta property=\"og:title\" content=\"Parcul auto din Rom\u00e2nia: 7 milioane de autoturisme sunt mai vechi de 10 ani\" \/>\n<meta property=\"og:description\" content=\"\u2022 Asocia\u021bia Constructorilor Europeni de Automobile (ACEA) a publicat un raport cu informa\u021bii privind evolu\u021bia parcurilor auto din fiecare stat membru UE\" \/>\n<meta property=\"og:url\" content=\"https:\/\/www.autocritica.ro\/en\/live-news\/parcul-auto-din-romania-7-milioane-de-autoturisme-sunt-mai-vechi-de-10-ani\/\" \/>\n<meta property=\"og:site_name\" content=\"Autocritica\" \/>\n<meta property=\"article:publisher\" content=\"https:\/\/www.facebook.com\/autocritica.ro\" \/>\n<meta property=\"article:modified_time\" content=\"2026-01-16T09:43:41+00:00\" \/>\n<meta property=\"og:image\" content=\"https:\/\/www.autocritica.ro\/wp-content\/uploads\/2025\/06\/rabla-2025-2000x1333-1.jpg\" \/>\n\t<meta property=\"og:image:width\" content=\"2000\" \/>\n\t<meta property=\"og:image:height\" content=\"1333\" \/>\n\t<meta property=\"og:image:type\" content=\"image\/jpeg\" \/>\n<meta name=\"twitter:card\" content=\"summary_large_image\" \/>\n<meta name=\"twitter:label1\" content=\"Est. reading time\" \/>\n\t<meta name=\"twitter:data1\" content=\"1 minute\" \/>\n<script type=\"application\/ld+json\" class=\"yoast-schema-graph\">{\"@context\":\"https:\\\/\\\/schema.org\",\"@graph\":[{\"@type\":\"WebPage\",\"@id\":\"https:\\\/\\\/www.autocritica.ro\\\/en\\\/live-news\\\/parcul-auto-din-romania-7-milioane-de-autoturisme-sunt-mai-vechi-de-10-ani\\\/\",\"url\":\"https:\\\/\\\/www.autocritica.ro\\\/en\\\/live-news\\\/parcul-auto-din-romania-7-milioane-de-autoturisme-sunt-mai-vechi-de-10-ani\\\/\",\"name\":\"Parcul auto din Rom\u00e2nia: 7 milioane de autoturisme sunt mai vechi de 10 ani - Autocritica\",\"isPartOf\":{\"@id\":\"https:\\\/\\\/www.autocritica.ro\\\/en\\\/#website\"},\"primaryImageOfPage\":{\"@id\":\"https:\\\/\\\/www.autocritica.ro\\\/en\\\/live-news\\\/parcul-auto-din-romania-7-milioane-de-autoturisme-sunt-mai-vechi-de-10-ani\\\/#primaryimage\"},\"image\":{\"@id\":\"https:\\\/\\\/www.autocritica.ro\\\/en\\\/live-news\\\/parcul-auto-din-romania-7-milioane-de-autoturisme-sunt-mai-vechi-de-10-ani\\\/#primaryimage\"},\"thumbnailUrl\":\"https:\\\/\\\/www.autocritica.ro\\\/wp-content\\\/uploads\\\/2025\\\/06\\\/rabla-2025-2000x1333-1.jpg\",\"datePublished\":\"2026-01-16T09:43:09+00:00\",\"dateModified\":\"2026-01-16T09:43:41+00:00\",\"breadcrumb\":{\"@id\":\"https:\\\/\\\/www.autocritica.ro\\\/en\\\/live-news\\\/parcul-auto-din-romania-7-milioane-de-autoturisme-sunt-mai-vechi-de-10-ani\\\/#breadcrumb\"},\"inLanguage\":\"en-US\",\"potentialAction\":[{\"@type\":\"ReadAction\",\"target\":[\"https:\\\/\\\/www.autocritica.ro\\\/en\\\/live-news\\\/parcul-auto-din-romania-7-milioane-de-autoturisme-sunt-mai-vechi-de-10-ani\\\/\"]}]},{\"@type\":\"ImageObject\",\"inLanguage\":\"en-US\",\"@id\":\"https:\\\/\\\/www.autocritica.ro\\\/en\\\/live-news\\\/parcul-auto-din-romania-7-milioane-de-autoturisme-sunt-mai-vechi-de-10-ani\\\/#primaryimage\",\"url\":\"https:\\\/\\\/www.autocritica.ro\\\/wp-content\\\/uploads\\\/2025\\\/06\\\/rabla-2025-2000x1333-1.jpg\",\"contentUrl\":\"https:\\\/\\\/www.autocritica.ro\\\/wp-content\\\/uploads\\\/2025\\\/06\\\/rabla-2025-2000x1333-1.jpg\",\"width\":2000,\"height\":1333},{\"@type\":\"BreadcrumbList\",\"@id\":\"https:\\\/\\\/www.autocritica.ro\\\/en\\\/live-news\\\/parcul-auto-din-romania-7-milioane-de-autoturisme-sunt-mai-vechi-de-10-ani\\\/#breadcrumb\",\"itemListElement\":[{\"@type\":\"ListItem\",\"position\":1,\"name\":\"Home\",\"item\":\"https:\\\/\\\/www.autocritica.ro\\\/en\\\/\"},{\"@type\":\"ListItem\",\"position\":2,\"name\":\"Live News\",\"item\":\"https:\\\/\\\/www.autocritica.ro\\\/en\\\/live-news\\\/\"},{\"@type\":\"ListItem\",\"position\":3,\"name\":\"Parcul auto din Rom\u00e2nia: 7 milioane de autoturisme sunt mai vechi de 10 ani\"}]},{\"@type\":\"WebSite\",\"@id\":\"https:\\\/\\\/www.autocritica.ro\\\/en\\\/#website\",\"url\":\"https:\\\/\\\/www.autocritica.ro\\\/en\\\/\",\"name\":\"Autocritica\",\"description\":\"\",\"publisher\":{\"@id\":\"https:\\\/\\\/www.autocritica.ro\\\/en\\\/#organization\"},\"potentialAction\":[{\"@type\":\"SearchAction\",\"target\":{\"@type\":\"EntryPoint\",\"urlTemplate\":\"https:\\\/\\\/www.autocritica.ro\\\/en\\\/?s={search_term_string}\"},\"query-input\":{\"@type\":\"PropertyValueSpecification\",\"valueRequired\":true,\"valueName\":\"search_term_string\"}}],\"inLanguage\":\"en-US\"},{\"@type\":\"Organization\",\"@id\":\"https:\\\/\\\/www.autocritica.ro\\\/en\\\/#organization\",\"name\":\"Autocritica\",\"url\":\"https:\\\/\\\/www.autocritica.ro\\\/en\\\/\",\"logo\":{\"@type\":\"ImageObject\",\"inLanguage\":\"en-US\",\"@id\":\"https:\\\/\\\/www.autocritica.ro\\\/en\\\/#\\\/schema\\\/logo\\\/image\\\/\",\"url\":\"https:\\\/\\\/www.autocritica.ro\\\/wp-content\\\/uploads\\\/2020\\\/12\\\/logo-negru.png\",\"contentUrl\":\"https:\\\/\\\/www.autocritica.ro\\\/wp-content\\\/uploads\\\/2020\\\/12\\\/logo-negru.png\",\"width\":300,\"height\":102,\"caption\":\"Autocritica\"},\"image\":{\"@id\":\"https:\\\/\\\/www.autocritica.ro\\\/en\\\/#\\\/schema\\\/logo\\\/image\\\/\"},\"sameAs\":[\"https:\\\/\\\/www.facebook.com\\\/autocritica.ro\",\"https:\\\/\\\/www.instagram.com\\\/autocritica.ro\\\/\"]}]}<\/script>\n<!-- \/ Yoast SEO Premium plugin. -->","yoast_head_json":{"title":"Parcul auto din Rom\u00e2nia: 7 milioane de autoturisme sunt mai vechi de 10 ani - Autocritica","robots":{"index":"index","follow":"follow","max-snippet":"max-snippet:-1","max-image-preview":"max-image-preview:large","max-video-preview":"max-video-preview:-1"},"canonical":"https:\/\/www.autocritica.ro\/en\/live-news\/parcul-auto-din-romania-7-milioane-de-autoturisme-sunt-mai-vechi-de-10-ani\/","og_locale":"en_US","og_type":"article","og_title":"Parcul auto din Rom\u00e2nia: 7 milioane de autoturisme sunt mai vechi de 10 ani","og_description":"\u2022 Asocia\u021bia Constructorilor Europeni de Automobile (ACEA) a publicat un raport cu informa\u021bii privind evolu\u021bia parcurilor auto din fiecare stat membru UE","og_url":"https:\/\/www.autocritica.ro\/en\/live-news\/parcul-auto-din-romania-7-milioane-de-autoturisme-sunt-mai-vechi-de-10-ani\/","og_site_name":"Autocritica","article_publisher":"https:\/\/www.facebook.com\/autocritica.ro","article_modified_time":"2026-01-16T09:43:41+00:00","og_image":[{"width":2000,"height":1333,"url":"https:\/\/www.autocritica.ro\/wp-content\/uploads\/2025\/06\/rabla-2025-2000x1333-1.jpg","type":"image\/jpeg"}],"twitter_card":"summary_large_image","twitter_misc":{"Est. reading time":"1 minute"},"schema":{"@context":"https:\/\/schema.org","@graph":[{"@type":"WebPage","@id":"https:\/\/www.autocritica.ro\/en\/live-news\/parcul-auto-din-romania-7-milioane-de-autoturisme-sunt-mai-vechi-de-10-ani\/","url":"https:\/\/www.autocritica.ro\/en\/live-news\/parcul-auto-din-romania-7-milioane-de-autoturisme-sunt-mai-vechi-de-10-ani\/","name":"Parcul auto din Rom\u00e2nia: 7 milioane de autoturisme sunt mai vechi de 10 ani - Autocritica","isPartOf":{"@id":"https:\/\/www.autocritica.ro\/en\/#website"},"primaryImageOfPage":{"@id":"https:\/\/www.autocritica.ro\/en\/live-news\/parcul-auto-din-romania-7-milioane-de-autoturisme-sunt-mai-vechi-de-10-ani\/#primaryimage"},"image":{"@id":"https:\/\/www.autocritica.ro\/en\/live-news\/parcul-auto-din-romania-7-milioane-de-autoturisme-sunt-mai-vechi-de-10-ani\/#primaryimage"},"thumbnailUrl":"https:\/\/www.autocritica.ro\/wp-content\/uploads\/2025\/06\/rabla-2025-2000x1333-1.jpg","datePublished":"2026-01-16T09:43:09+00:00","dateModified":"2026-01-16T09:43:41+00:00","breadcrumb":{"@id":"https:\/\/www.autocritica.ro\/en\/live-news\/parcul-auto-din-romania-7-milioane-de-autoturisme-sunt-mai-vechi-de-10-ani\/#breadcrumb"},"inLanguage":"en-US","potentialAction":[{"@type":"ReadAction","target":["https:\/\/www.autocritica.ro\/en\/live-news\/parcul-auto-din-romania-7-milioane-de-autoturisme-sunt-mai-vechi-de-10-ani\/"]}]},{"@type":"ImageObject","inLanguage":"en-US","@id":"https:\/\/www.autocritica.ro\/en\/live-news\/parcul-auto-din-romania-7-milioane-de-autoturisme-sunt-mai-vechi-de-10-ani\/#primaryimage","url":"https:\/\/www.autocritica.ro\/wp-content\/uploads\/2025\/06\/rabla-2025-2000x1333-1.jpg","contentUrl":"https:\/\/www.autocritica.ro\/wp-content\/uploads\/2025\/06\/rabla-2025-2000x1333-1.jpg","width":2000,"height":1333},{"@type":"BreadcrumbList","@id":"https:\/\/www.autocritica.ro\/en\/live-news\/parcul-auto-din-romania-7-milioane-de-autoturisme-sunt-mai-vechi-de-10-ani\/#breadcrumb","itemListElement":[{"@type":"ListItem","position":1,"name":"Home","item":"https:\/\/www.autocritica.ro\/en\/"},{"@type":"ListItem","position":2,"name":"Live News","item":"https:\/\/www.autocritica.ro\/en\/live-news\/"},{"@type":"ListItem","position":3,"name":"Parcul auto din Rom\u00e2nia: 7 milioane de autoturisme sunt mai vechi de 10 ani"}]},{"@type":"WebSite","@id":"https:\/\/www.autocritica.ro\/en\/#website","url":"https:\/\/www.autocritica.ro\/en\/","name":"Autocritica","description":"","publisher":{"@id":"https:\/\/www.autocritica.ro\/en\/#organization"},"potentialAction":[{"@type":"SearchAction","target":{"@type":"EntryPoint","urlTemplate":"https:\/\/www.autocritica.ro\/en\/?s={search_term_string}"},"query-input":{"@type":"PropertyValueSpecification","valueRequired":true,"valueName":"search_term_string"}}],"inLanguage":"en-US"},{"@type":"Organization","@id":"https:\/\/www.autocritica.ro\/en\/#organization","name":"Autocritica","url":"https:\/\/www.autocritica.ro\/en\/","logo":{"@type":"ImageObject","inLanguage":"en-US","@id":"https:\/\/www.autocritica.ro\/en\/#\/schema\/logo\/image\/","url":"https:\/\/www.autocritica.ro\/wp-content\/uploads\/2020\/12\/logo-negru.png","contentUrl":"https:\/\/www.autocritica.ro\/wp-content\/uploads\/2020\/12\/logo-negru.png","width":300,"height":102,"caption":"Autocritica"},"image":{"@id":"https:\/\/www.autocritica.ro\/en\/#\/schema\/logo\/image\/"},"sameAs":["https:\/\/www.facebook.com\/autocritica.ro","https:\/\/www.instagram.com\/autocritica.ro\/"]}]}},"_links":{"self":[{"href":"https:\/\/www.autocritica.ro\/en\/wp-json\/wp\/v2\/live-news\/268222","targetHints":{"allow":["GET"]}}],"collection":[{"href":"https:\/\/www.autocritica.ro\/en\/wp-json\/wp\/v2\/live-news"}],"about":[{"href":"https:\/\/www.autocritica.ro\/en\/wp-json\/wp\/v2\/types\/live-news"}],"author":[{"embeddable":true,"href":"https:\/\/www.autocritica.ro\/en\/wp-json\/wp\/v2\/users\/16"}],"replies":[{"embeddable":true,"href":"https:\/\/www.autocritica.ro\/en\/wp-json\/wp\/v2\/comments?post=268222"}],"version-history":[{"count":3,"href":"https:\/\/www.autocritica.ro\/en\/wp-json\/wp\/v2\/live-news\/268222\/revisions"}],"predecessor-version":[{"id":268225,"href":"https:\/\/www.autocritica.ro\/en\/wp-json\/wp\/v2\/live-news\/268222\/revisions\/268225"}],"wp:featuredmedia":[{"embeddable":true,"href":"https:\/\/www.autocritica.ro\/en\/wp-json\/wp\/v2\/media\/146077"}],"wp:attachment":[{"href":"https:\/\/www.autocritica.ro\/en\/wp-json\/wp\/v2\/media?parent=268222"}],"wp:term":[{"taxonomy":"post_tag","embeddable":true,"href":"https:\/\/www.autocritica.ro\/en\/wp-json\/wp\/v2\/tags?post=268222"}],"curies":[{"name":"wp","href":"https:\/\/api.w.org\/{rel}","templated":true}]}}