{"id":268106,"date":"2026-01-15T15:29:11","date_gmt":"2026-01-15T12:29:11","guid":{"rendered":"https:\/\/www.autocritica.ro\/?post_type=live-news&#038;p=268106"},"modified":"2026-01-15T19:12:04","modified_gmt":"2026-01-15T16:12:04","slug":"rezumatul-dakar-2026-ford-a-cincea-victorie-de-etapa-dacia-doua-echipaje-pe-podiumul-clasamentului-general","status":"publish","type":"live-news","link":"https:\/\/www.autocritica.ro\/en\/live-news\/rezumatul-dakar-2026-ford-a-cincea-victorie-de-etapa-dacia-doua-echipaje-pe-podiumul-clasamentului-general\/","title":{"rendered":"Rezumatul Dakar 2026: Ford, a cincea victorie de etap\u0103. Dacia, dou\u0103 echipaje pe podiumul clasamentului general"},"content":{"rendered":"\n<p>\u2022 S-a \u00eencheiat etapa a 11-a a Raliului Dakar 2026. Proba special\u0103 de ast\u0103zi, dintre Bisha \u0219i Al Henakiyah, a m\u0103surat 346 km.&nbsp;<\/p>\n\n\n\n<p>\u2022 Echipajul format din Mattias Ekstr\u00f6m \u2013 Emil Bergkvist a avut cel mai bun timp al zilei \u0219i a adus a cincea reu\u0219it\u0103 pentru Ford Racing \u00een Dakar 2026 (patru victorii de etap\u0103 plus cea din Prolog).&nbsp;<\/p>\n\n\n\n<p>\u2022 Pe locul secund \u00een clasamentul zilei a sosit Romain Dumas &#8211; Alex Winocq (RD Limited, Ford Raptor), iar ultima treapt\u0103 a podiumului a fost completat\u0103 de Carlos Sainz &#8211; Lucas Cruz (Ford Racing). Astfel, Ford acapareaz\u0103 podiumul etapei.&nbsp;<\/p>\n\n\n\n<p>\u2022 Rezultatele echipajelor Dacia Sandriders: S\u00e9bastien Loeb (locul 9), Lucas Moraes (locul 13), Nasser Al-Attiyah (locul 16) \u0219i Cristina Gutierrez (locul&nbsp;17).&nbsp;<\/p>\n\n\n\n<p>\u2022 \u00cen urma rezultatelor de ast\u0103zi, Nasser Al-Attiyah \u00ee\u0219i p\u0103streaz\u0103 pozi\u021bia de lider \u00een clasamentul general provizoriu, \u00eens\u0103 pierde pu\u021bin peste 4 minute din avansul pe care \u00eel avea. Pe locul al doilea urc\u0103 Nani Roma, iar podiumul e completat de S\u00e9bastien Loeb.&nbsp;<\/p>\n\n\n\n<p>\u2022 Un moment important al etapei a fost furnizat de Henk Lategan (Toyota Gazoo Racing W2RC) ocupantul pozi\u021biei secunde \u00een clasamentul general provizoriu la finalul zilei de ieri. Din motive tehnice, sud africanul se afl\u0103 \u00eenc\u0103 pe proba special\u0103 (ultimul check point bifat a fost la kilometrul 120).&nbsp;<\/p>\n\n\n\n<p>\u2022 Clasamentul Dakar 2026 dup\u0103 a etapa a 11-a \u00een categoria Auto:<\/p>\n\n\n\n<ol class=\"wp-block-list\">\n<li>Nasser Al-Attiyah \u2013 Fabian Lurquin (Dacia Sandriders)<\/li>\n\n\n\n<li>Nani Roma \u2013 Alex Haro (Ford Racing);&nbsp;+8 min 40s<\/li>\n\n\n\n<li>S\u00e9bastien Loeb \u2013 Edouard Boulanger (Dacia Sandriders);&nbsp;+18 min 37s<\/li>\n\n\n\n<li>Mattias Ekstr\u00f6m \u2013 Emil Bergkvist (Ford Racing); +21 min 32s<\/li>\n\n\n\n<li>Carlos Sainz \u2013 Lucas Cruz (Ford Racing); +28 min 48s<\/li>\n\n\n\n<li>Mathieu Serradori \u2013 Loin Minaudier (Century Racing); +36 min 6s<\/li>\n\n\n\n<li>Lucas Moraes \u2013 Dennis Zenz (Dacia Sandriders):&nbsp;+37 min \u0219i o secund\u0103<\/li>\n\n\n\n<li>Toby Price \u2013 Armand Monleon (Toyota Gazoo Racing W2RC);&nbsp;+56 min 59s<\/li>\n\n\n\n<li>Saood Variawa \u2013 Fran\u00e7ois Cazalet (Toyota Gazoo Racing SA);&nbsp;+ o or\u0103 \u0219i 3 min<\/li>\n\n\n\n<li>Guy Botterill &#8211;&nbsp; Oriol Mena (Toyota Gazoo Racing SA); + o or\u0103 \u0219i 7 min<\/li>\n<\/ol>\n\n\n\n<p>\u2022 Emanuel Gyenes a \u00eencheiat etapa de ast\u0103zi pe locul al patrulea \u00een categoria Original by Motul (f\u0103r\u0103 asisten\u021b\u0103 tehnic\u0103) \u0219i \u00ee\u0219i men\u021bine pozi\u021bia a patra \u00een clasamentul general provizoriu.&nbsp;<\/p>\n\n\n\n<p>\u2022 Clasamentul Dakar 2026 dup\u0103 a etapa a 11-a&nbsp; \u00een categoria Original by Motul:<\/p>\n\n\n\n<p>1. Benjamin Melot;<br>2. Josep Pedro; +10 min 8s<br>3. Jerome Martiny; +o or\u0103 \u0219i 14 min<br>4. Emanuel Gyenes; +3 ore \u0219i 2 min<br>5. Javi Vega; + 3 ore \u0219i 58 min<\/p>\n\n\n\n<figure class=\"wp-block-gallery has-nested-images columns-default is-cropped wp-block-gallery-1 is-layout-flex wp-block-gallery-is-layout-flex\">\n<figure class=\"wp-block-image size-large\"><a href=\"https:\/\/www.autocritica.ro\/wp-content\/uploads\/2026\/01\/00CBarni_09_CBD12254-1.jpg\" data-lbwps-width=\"2800\" data-lbwps-height=\"1863\" data-lbwps-srcsmall=\"https:\/\/www.autocritica.ro\/wp-content\/uploads\/2026\/01\/00CBarni_09_CBD12254-1-300x200.jpg\"><img loading=\"lazy\" decoding=\"async\" width=\"1024\" height=\"681\" data-id=\"268110\" src=\"https:\/\/www.autocritica.ro\/wp-content\/uploads\/2026\/01\/00CBarni_09_CBD12254-1-1024x681.jpg\" alt=\"\" class=\"wp-image-268110\" srcset=\"https:\/\/www.autocritica.ro\/wp-content\/uploads\/2026\/01\/00CBarni_09_CBD12254-1-1024x681.jpg 1024w, https:\/\/www.autocritica.ro\/wp-content\/uploads\/2026\/01\/00CBarni_09_CBD12254-1-300x200.jpg 300w, https:\/\/www.autocritica.ro\/wp-content\/uploads\/2026\/01\/00CBarni_09_CBD12254-1-768x511.jpg 768w, https:\/\/www.autocritica.ro\/wp-content\/uploads\/2026\/01\/00CBarni_09_CBD12254-1-1536x1022.jpg 1536w, https:\/\/www.autocritica.ro\/wp-content\/uploads\/2026\/01\/00CBarni_09_CBD12254-1-2048x1363.jpg 2048w, https:\/\/www.autocritica.ro\/wp-content\/uploads\/2026\/01\/00CBarni_09_CBD12254-1-1000x666.jpg 1000w, https:\/\/www.autocritica.ro\/wp-content\/uploads\/2026\/01\/00CBarni_09_CBD12254-1-2000x1333.jpg 2000w\" sizes=\"auto, (max-width: 1024px) 100vw, 1024px\" \/><\/a><\/figure>\n\n\n\n<figure class=\"wp-block-image size-large\"><a href=\"https:\/\/www.autocritica.ro\/wp-content\/uploads\/2026\/01\/M40_6482.jpg\" data-lbwps-width=\"2800\" data-lbwps-height=\"1867\" data-lbwps-srcsmall=\"https:\/\/www.autocritica.ro\/wp-content\/uploads\/2026\/01\/M40_6482-300x200.jpg\"><img loading=\"lazy\" decoding=\"async\" width=\"1024\" height=\"683\" data-id=\"268112\" src=\"https:\/\/www.autocritica.ro\/wp-content\/uploads\/2026\/01\/M40_6482-1024x683.jpg\" alt=\"\" class=\"wp-image-268112\" srcset=\"https:\/\/www.autocritica.ro\/wp-content\/uploads\/2026\/01\/M40_6482-1024x683.jpg 1024w, https:\/\/www.autocritica.ro\/wp-content\/uploads\/2026\/01\/M40_6482-300x200.jpg 300w, https:\/\/www.autocritica.ro\/wp-content\/uploads\/2026\/01\/M40_6482-768x512.jpg 768w, https:\/\/www.autocritica.ro\/wp-content\/uploads\/2026\/01\/M40_6482-1536x1024.jpg 1536w, https:\/\/www.autocritica.ro\/wp-content\/uploads\/2026\/01\/M40_6482-2048x1366.jpg 2048w, https:\/\/www.autocritica.ro\/wp-content\/uploads\/2026\/01\/M40_6482-1200x800.jpg 1200w, https:\/\/www.autocritica.ro\/wp-content\/uploads\/2026\/01\/M40_6482-1000x666.jpg 1000w, https:\/\/www.autocritica.ro\/wp-content\/uploads\/2026\/01\/M40_6482-2000x1333.jpg 2000w\" sizes=\"auto, (max-width: 1024px) 100vw, 1024px\" \/><\/a><\/figure>\n\n\n\n<figure class=\"wp-block-image size-large\"><a href=\"https:\/\/www.autocritica.ro\/wp-content\/uploads\/2026\/01\/M41_3819.jpg\" data-lbwps-width=\"2800\" data-lbwps-height=\"1866\" data-lbwps-srcsmall=\"https:\/\/www.autocritica.ro\/wp-content\/uploads\/2026\/01\/M41_3819-300x200.jpg\"><img loading=\"lazy\" decoding=\"async\" width=\"1024\" height=\"682\" data-id=\"268114\" src=\"https:\/\/www.autocritica.ro\/wp-content\/uploads\/2026\/01\/M41_3819-1024x682.jpg\" alt=\"\" class=\"wp-image-268114\" srcset=\"https:\/\/www.autocritica.ro\/wp-content\/uploads\/2026\/01\/M41_3819-1024x682.jpg 1024w, https:\/\/www.autocritica.ro\/wp-content\/uploads\/2026\/01\/M41_3819-300x200.jpg 300w, https:\/\/www.autocritica.ro\/wp-content\/uploads\/2026\/01\/M41_3819-768x512.jpg 768w, https:\/\/www.autocritica.ro\/wp-content\/uploads\/2026\/01\/M41_3819-1536x1024.jpg 1536w, https:\/\/www.autocritica.ro\/wp-content\/uploads\/2026\/01\/M41_3819-2048x1365.jpg 2048w, https:\/\/www.autocritica.ro\/wp-content\/uploads\/2026\/01\/M41_3819-1200x800.jpg 1200w, https:\/\/www.autocritica.ro\/wp-content\/uploads\/2026\/01\/M41_3819-1000x666.jpg 1000w, https:\/\/www.autocritica.ro\/wp-content\/uploads\/2026\/01\/M41_3819-2000x1333.jpg 2000w\" sizes=\"auto, (max-width: 1024px) 100vw, 1024px\" \/><\/a><\/figure>\n\n\n\n<figure class=\"wp-block-image size-large\"><a href=\"https:\/\/www.autocritica.ro\/wp-content\/uploads\/2026\/01\/SI202601130184.jpg\" data-lbwps-width=\"2800\" data-lbwps-height=\"1866\" data-lbwps-srcsmall=\"https:\/\/www.autocritica.ro\/wp-content\/uploads\/2026\/01\/SI202601130184-300x200.jpg\"><img loading=\"lazy\" decoding=\"async\" width=\"1024\" height=\"682\" data-id=\"268111\" src=\"https:\/\/www.autocritica.ro\/wp-content\/uploads\/2026\/01\/SI202601130184-1024x682.jpg\" alt=\"\" class=\"wp-image-268111\" srcset=\"https:\/\/www.autocritica.ro\/wp-content\/uploads\/2026\/01\/SI202601130184-1024x682.jpg 1024w, https:\/\/www.autocritica.ro\/wp-content\/uploads\/2026\/01\/SI202601130184-300x200.jpg 300w, https:\/\/www.autocritica.ro\/wp-content\/uploads\/2026\/01\/SI202601130184-768x512.jpg 768w, https:\/\/www.autocritica.ro\/wp-content\/uploads\/2026\/01\/SI202601130184-1536x1024.jpg 1536w, https:\/\/www.autocritica.ro\/wp-content\/uploads\/2026\/01\/SI202601130184-2048x1365.jpg 2048w, https:\/\/www.autocritica.ro\/wp-content\/uploads\/2026\/01\/SI202601130184-1200x800.jpg 1200w, https:\/\/www.autocritica.ro\/wp-content\/uploads\/2026\/01\/SI202601130184-1000x666.jpg 1000w, https:\/\/www.autocritica.ro\/wp-content\/uploads\/2026\/01\/SI202601130184-2000x1333.jpg 2000w\" sizes=\"auto, (max-width: 1024px) 100vw, 1024px\" \/><\/a><\/figure>\n\n\n\n<figure class=\"wp-block-image size-large\"><a href=\"https:\/\/www.autocritica.ro\/wp-content\/uploads\/2026\/01\/SI202601140686.jpg\" data-lbwps-width=\"2800\" data-lbwps-height=\"1866\" data-lbwps-srcsmall=\"https:\/\/www.autocritica.ro\/wp-content\/uploads\/2026\/01\/SI202601140686-300x200.jpg\"><img loading=\"lazy\" decoding=\"async\" width=\"1024\" height=\"682\" data-id=\"268108\" src=\"https:\/\/www.autocritica.ro\/wp-content\/uploads\/2026\/01\/SI202601140686-1024x682.jpg\" alt=\"\" class=\"wp-image-268108\" srcset=\"https:\/\/www.autocritica.ro\/wp-content\/uploads\/2026\/01\/SI202601140686-1024x682.jpg 1024w, https:\/\/www.autocritica.ro\/wp-content\/uploads\/2026\/01\/SI202601140686-300x200.jpg 300w, https:\/\/www.autocritica.ro\/wp-content\/uploads\/2026\/01\/SI202601140686-768x512.jpg 768w, https:\/\/www.autocritica.ro\/wp-content\/uploads\/2026\/01\/SI202601140686-1536x1024.jpg 1536w, https:\/\/www.autocritica.ro\/wp-content\/uploads\/2026\/01\/SI202601140686-2048x1365.jpg 2048w, https:\/\/www.autocritica.ro\/wp-content\/uploads\/2026\/01\/SI202601140686-1200x800.jpg 1200w, https:\/\/www.autocritica.ro\/wp-content\/uploads\/2026\/01\/SI202601140686-1000x666.jpg 1000w, https:\/\/www.autocritica.ro\/wp-content\/uploads\/2026\/01\/SI202601140686-2000x1333.jpg 2000w\" sizes=\"auto, (max-width: 1024px) 100vw, 1024px\" \/><\/a><\/figure>\n<\/figure>\n\n\n\n<p>Foto: Kin Marcin \/ Red Bull Content Pool, Dacia Sandriders, CBAImages<\/p>\n","protected":false},"author":4,"featured_media":268111,"comment_status":"closed","ping_status":"closed","template":"","meta":{"_acf_changed":false,"footnotes":""},"tags":[1257,6408],"class_list":["post-268106","live-news","type-live-news","status-publish","has-post-thumbnail","hentry","tag-dakar","tag-dakar-2026"],"acf":[],"yoast_head":"<!-- This site is optimized with the Yoast SEO Premium plugin v27.5 (Yoast SEO v27.5) - https:\/\/yoast.com\/product\/yoast-seo-premium-wordpress\/ -->\n<title>Rezumatul Dakar 2026: Ford, a cincea victorie de etap\u0103. Dacia, dou\u0103 echipaje pe podiumul clasamentului general - Autocritica<\/title>\n<meta name=\"robots\" content=\"index, follow, max-snippet:-1, max-image-preview:large, max-video-preview:-1\" \/>\n<link rel=\"canonical\" href=\"https:\/\/www.autocritica.ro\/en\/live-news\/rezumatul-dakar-2026-ford-a-cincea-victorie-de-etapa-dacia-doua-echipaje-pe-podiumul-clasamentului-general\/\" \/>\n<meta property=\"og:locale\" content=\"en_US\" \/>\n<meta property=\"og:type\" content=\"article\" \/>\n<meta property=\"og:title\" content=\"Rezumatul Dakar 2026: Ford, a cincea victorie de etap\u0103. Dacia, dou\u0103 echipaje pe podiumul clasamentului general\" \/>\n<meta property=\"og:description\" content=\"\u2022 S-a \u00eencheiat etapa a 11-a a Raliului Dakar 2026. Proba special\u0103 de ast\u0103zi, dintre Bisha \u0219i Al Henakiyah, a m\u0103surat 346 km.&nbsp; \u2022 Echipajul format din\" \/>\n<meta property=\"og:url\" content=\"https:\/\/www.autocritica.ro\/en\/live-news\/rezumatul-dakar-2026-ford-a-cincea-victorie-de-etapa-dacia-doua-echipaje-pe-podiumul-clasamentului-general\/\" \/>\n<meta property=\"og:site_name\" content=\"Autocritica\" \/>\n<meta property=\"article:publisher\" content=\"https:\/\/www.facebook.com\/autocritica.ro\" \/>\n<meta property=\"article:modified_time\" content=\"2026-01-15T16:12:04+00:00\" \/>\n<meta property=\"og:image\" content=\"https:\/\/www.autocritica.ro\/wp-content\/uploads\/2026\/01\/SI202601130184-scaled.jpg\" \/>\n\t<meta property=\"og:image:width\" content=\"2560\" \/>\n\t<meta property=\"og:image:height\" content=\"1706\" \/>\n\t<meta property=\"og:image:type\" content=\"image\/jpeg\" \/>\n<meta name=\"twitter:card\" content=\"summary_large_image\" \/>\n<meta name=\"twitter:label1\" content=\"Est. reading time\" \/>\n\t<meta name=\"twitter:data1\" content=\"2 minutes\" \/>\n<script type=\"application\/ld+json\" class=\"yoast-schema-graph\">{\"@context\":\"https:\\\/\\\/schema.org\",\"@graph\":[{\"@type\":\"WebPage\",\"@id\":\"https:\\\/\\\/www.autocritica.ro\\\/en\\\/live-news\\\/rezumatul-dakar-2026-ford-a-cincea-victorie-de-etapa-dacia-doua-echipaje-pe-podiumul-clasamentului-general\\\/\",\"url\":\"https:\\\/\\\/www.autocritica.ro\\\/en\\\/live-news\\\/rezumatul-dakar-2026-ford-a-cincea-victorie-de-etapa-dacia-doua-echipaje-pe-podiumul-clasamentului-general\\\/\",\"name\":\"Rezumatul Dakar 2026: Ford, a cincea victorie de etap\u0103. Dacia, dou\u0103 echipaje pe podiumul clasamentului general - Autocritica\",\"isPartOf\":{\"@id\":\"https:\\\/\\\/www.autocritica.ro\\\/en\\\/#website\"},\"primaryImageOfPage\":{\"@id\":\"https:\\\/\\\/www.autocritica.ro\\\/en\\\/live-news\\\/rezumatul-dakar-2026-ford-a-cincea-victorie-de-etapa-dacia-doua-echipaje-pe-podiumul-clasamentului-general\\\/#primaryimage\"},\"image\":{\"@id\":\"https:\\\/\\\/www.autocritica.ro\\\/en\\\/live-news\\\/rezumatul-dakar-2026-ford-a-cincea-victorie-de-etapa-dacia-doua-echipaje-pe-podiumul-clasamentului-general\\\/#primaryimage\"},\"thumbnailUrl\":\"https:\\\/\\\/www.autocritica.ro\\\/wp-content\\\/uploads\\\/2026\\\/01\\\/SI202601130184-scaled.jpg\",\"datePublished\":\"2026-01-15T12:29:11+00:00\",\"dateModified\":\"2026-01-15T16:12:04+00:00\",\"breadcrumb\":{\"@id\":\"https:\\\/\\\/www.autocritica.ro\\\/en\\\/live-news\\\/rezumatul-dakar-2026-ford-a-cincea-victorie-de-etapa-dacia-doua-echipaje-pe-podiumul-clasamentului-general\\\/#breadcrumb\"},\"inLanguage\":\"en-US\",\"potentialAction\":[{\"@type\":\"ReadAction\",\"target\":[\"https:\\\/\\\/www.autocritica.ro\\\/en\\\/live-news\\\/rezumatul-dakar-2026-ford-a-cincea-victorie-de-etapa-dacia-doua-echipaje-pe-podiumul-clasamentului-general\\\/\"]}]},{\"@type\":\"ImageObject\",\"inLanguage\":\"en-US\",\"@id\":\"https:\\\/\\\/www.autocritica.ro\\\/en\\\/live-news\\\/rezumatul-dakar-2026-ford-a-cincea-victorie-de-etapa-dacia-doua-echipaje-pe-podiumul-clasamentului-general\\\/#primaryimage\",\"url\":\"https:\\\/\\\/www.autocritica.ro\\\/wp-content\\\/uploads\\\/2026\\\/01\\\/SI202601130184-scaled.jpg\",\"contentUrl\":\"https:\\\/\\\/www.autocritica.ro\\\/wp-content\\\/uploads\\\/2026\\\/01\\\/SI202601130184-scaled.jpg\",\"width\":2560,\"height\":1706},{\"@type\":\"BreadcrumbList\",\"@id\":\"https:\\\/\\\/www.autocritica.ro\\\/en\\\/live-news\\\/rezumatul-dakar-2026-ford-a-cincea-victorie-de-etapa-dacia-doua-echipaje-pe-podiumul-clasamentului-general\\\/#breadcrumb\",\"itemListElement\":[{\"@type\":\"ListItem\",\"position\":1,\"name\":\"Home\",\"item\":\"https:\\\/\\\/www.autocritica.ro\\\/en\\\/\"},{\"@type\":\"ListItem\",\"position\":2,\"name\":\"Live News\",\"item\":\"https:\\\/\\\/www.autocritica.ro\\\/en\\\/live-news\\\/\"},{\"@type\":\"ListItem\",\"position\":3,\"name\":\"Rezumatul Dakar 2026: Ford, a cincea victorie de etap\u0103. Dacia, dou\u0103 echipaje pe podiumul clasamentului general\"}]},{\"@type\":\"WebSite\",\"@id\":\"https:\\\/\\\/www.autocritica.ro\\\/en\\\/#website\",\"url\":\"https:\\\/\\\/www.autocritica.ro\\\/en\\\/\",\"name\":\"Autocritica\",\"description\":\"\",\"publisher\":{\"@id\":\"https:\\\/\\\/www.autocritica.ro\\\/en\\\/#organization\"},\"potentialAction\":[{\"@type\":\"SearchAction\",\"target\":{\"@type\":\"EntryPoint\",\"urlTemplate\":\"https:\\\/\\\/www.autocritica.ro\\\/en\\\/?s={search_term_string}\"},\"query-input\":{\"@type\":\"PropertyValueSpecification\",\"valueRequired\":true,\"valueName\":\"search_term_string\"}}],\"inLanguage\":\"en-US\"},{\"@type\":\"Organization\",\"@id\":\"https:\\\/\\\/www.autocritica.ro\\\/en\\\/#organization\",\"name\":\"Autocritica\",\"url\":\"https:\\\/\\\/www.autocritica.ro\\\/en\\\/\",\"logo\":{\"@type\":\"ImageObject\",\"inLanguage\":\"en-US\",\"@id\":\"https:\\\/\\\/www.autocritica.ro\\\/en\\\/#\\\/schema\\\/logo\\\/image\\\/\",\"url\":\"https:\\\/\\\/www.autocritica.ro\\\/wp-content\\\/uploads\\\/2020\\\/12\\\/logo-negru.png\",\"contentUrl\":\"https:\\\/\\\/www.autocritica.ro\\\/wp-content\\\/uploads\\\/2020\\\/12\\\/logo-negru.png\",\"width\":300,\"height\":102,\"caption\":\"Autocritica\"},\"image\":{\"@id\":\"https:\\\/\\\/www.autocritica.ro\\\/en\\\/#\\\/schema\\\/logo\\\/image\\\/\"},\"sameAs\":[\"https:\\\/\\\/www.facebook.com\\\/autocritica.ro\",\"https:\\\/\\\/www.instagram.com\\\/autocritica.ro\\\/\"]}]}<\/script>\n<!-- \/ Yoast SEO Premium plugin. -->","yoast_head_json":{"title":"Rezumatul Dakar 2026: Ford, a cincea victorie de etap\u0103. Dacia, dou\u0103 echipaje pe podiumul clasamentului general - Autocritica","robots":{"index":"index","follow":"follow","max-snippet":"max-snippet:-1","max-image-preview":"max-image-preview:large","max-video-preview":"max-video-preview:-1"},"canonical":"https:\/\/www.autocritica.ro\/en\/live-news\/rezumatul-dakar-2026-ford-a-cincea-victorie-de-etapa-dacia-doua-echipaje-pe-podiumul-clasamentului-general\/","og_locale":"en_US","og_type":"article","og_title":"Rezumatul Dakar 2026: Ford, a cincea victorie de etap\u0103. Dacia, dou\u0103 echipaje pe podiumul clasamentului general","og_description":"\u2022 S-a \u00eencheiat etapa a 11-a a Raliului Dakar 2026. Proba special\u0103 de ast\u0103zi, dintre Bisha \u0219i Al Henakiyah, a m\u0103surat 346 km.&nbsp; \u2022 Echipajul format din","og_url":"https:\/\/www.autocritica.ro\/en\/live-news\/rezumatul-dakar-2026-ford-a-cincea-victorie-de-etapa-dacia-doua-echipaje-pe-podiumul-clasamentului-general\/","og_site_name":"Autocritica","article_publisher":"https:\/\/www.facebook.com\/autocritica.ro","article_modified_time":"2026-01-15T16:12:04+00:00","og_image":[{"width":2560,"height":1706,"url":"https:\/\/www.autocritica.ro\/wp-content\/uploads\/2026\/01\/SI202601130184-scaled.jpg","type":"image\/jpeg"}],"twitter_card":"summary_large_image","twitter_misc":{"Est. reading time":"2 minutes"},"schema":{"@context":"https:\/\/schema.org","@graph":[{"@type":"WebPage","@id":"https:\/\/www.autocritica.ro\/en\/live-news\/rezumatul-dakar-2026-ford-a-cincea-victorie-de-etapa-dacia-doua-echipaje-pe-podiumul-clasamentului-general\/","url":"https:\/\/www.autocritica.ro\/en\/live-news\/rezumatul-dakar-2026-ford-a-cincea-victorie-de-etapa-dacia-doua-echipaje-pe-podiumul-clasamentului-general\/","name":"Rezumatul Dakar 2026: Ford, a cincea victorie de etap\u0103. Dacia, dou\u0103 echipaje pe podiumul clasamentului general - Autocritica","isPartOf":{"@id":"https:\/\/www.autocritica.ro\/en\/#website"},"primaryImageOfPage":{"@id":"https:\/\/www.autocritica.ro\/en\/live-news\/rezumatul-dakar-2026-ford-a-cincea-victorie-de-etapa-dacia-doua-echipaje-pe-podiumul-clasamentului-general\/#primaryimage"},"image":{"@id":"https:\/\/www.autocritica.ro\/en\/live-news\/rezumatul-dakar-2026-ford-a-cincea-victorie-de-etapa-dacia-doua-echipaje-pe-podiumul-clasamentului-general\/#primaryimage"},"thumbnailUrl":"https:\/\/www.autocritica.ro\/wp-content\/uploads\/2026\/01\/SI202601130184-scaled.jpg","datePublished":"2026-01-15T12:29:11+00:00","dateModified":"2026-01-15T16:12:04+00:00","breadcrumb":{"@id":"https:\/\/www.autocritica.ro\/en\/live-news\/rezumatul-dakar-2026-ford-a-cincea-victorie-de-etapa-dacia-doua-echipaje-pe-podiumul-clasamentului-general\/#breadcrumb"},"inLanguage":"en-US","potentialAction":[{"@type":"ReadAction","target":["https:\/\/www.autocritica.ro\/en\/live-news\/rezumatul-dakar-2026-ford-a-cincea-victorie-de-etapa-dacia-doua-echipaje-pe-podiumul-clasamentului-general\/"]}]},{"@type":"ImageObject","inLanguage":"en-US","@id":"https:\/\/www.autocritica.ro\/en\/live-news\/rezumatul-dakar-2026-ford-a-cincea-victorie-de-etapa-dacia-doua-echipaje-pe-podiumul-clasamentului-general\/#primaryimage","url":"https:\/\/www.autocritica.ro\/wp-content\/uploads\/2026\/01\/SI202601130184-scaled.jpg","contentUrl":"https:\/\/www.autocritica.ro\/wp-content\/uploads\/2026\/01\/SI202601130184-scaled.jpg","width":2560,"height":1706},{"@type":"BreadcrumbList","@id":"https:\/\/www.autocritica.ro\/en\/live-news\/rezumatul-dakar-2026-ford-a-cincea-victorie-de-etapa-dacia-doua-echipaje-pe-podiumul-clasamentului-general\/#breadcrumb","itemListElement":[{"@type":"ListItem","position":1,"name":"Home","item":"https:\/\/www.autocritica.ro\/en\/"},{"@type":"ListItem","position":2,"name":"Live News","item":"https:\/\/www.autocritica.ro\/en\/live-news\/"},{"@type":"ListItem","position":3,"name":"Rezumatul Dakar 2026: Ford, a cincea victorie de etap\u0103. Dacia, dou\u0103 echipaje pe podiumul clasamentului general"}]},{"@type":"WebSite","@id":"https:\/\/www.autocritica.ro\/en\/#website","url":"https:\/\/www.autocritica.ro\/en\/","name":"Autocritica","description":"","publisher":{"@id":"https:\/\/www.autocritica.ro\/en\/#organization"},"potentialAction":[{"@type":"SearchAction","target":{"@type":"EntryPoint","urlTemplate":"https:\/\/www.autocritica.ro\/en\/?s={search_term_string}"},"query-input":{"@type":"PropertyValueSpecification","valueRequired":true,"valueName":"search_term_string"}}],"inLanguage":"en-US"},{"@type":"Organization","@id":"https:\/\/www.autocritica.ro\/en\/#organization","name":"Autocritica","url":"https:\/\/www.autocritica.ro\/en\/","logo":{"@type":"ImageObject","inLanguage":"en-US","@id":"https:\/\/www.autocritica.ro\/en\/#\/schema\/logo\/image\/","url":"https:\/\/www.autocritica.ro\/wp-content\/uploads\/2020\/12\/logo-negru.png","contentUrl":"https:\/\/www.autocritica.ro\/wp-content\/uploads\/2020\/12\/logo-negru.png","width":300,"height":102,"caption":"Autocritica"},"image":{"@id":"https:\/\/www.autocritica.ro\/en\/#\/schema\/logo\/image\/"},"sameAs":["https:\/\/www.facebook.com\/autocritica.ro","https:\/\/www.instagram.com\/autocritica.ro\/"]}]}},"_links":{"self":[{"href":"https:\/\/www.autocritica.ro\/en\/wp-json\/wp\/v2\/live-news\/268106","targetHints":{"allow":["GET"]}}],"collection":[{"href":"https:\/\/www.autocritica.ro\/en\/wp-json\/wp\/v2\/live-news"}],"about":[{"href":"https:\/\/www.autocritica.ro\/en\/wp-json\/wp\/v2\/types\/live-news"}],"author":[{"embeddable":true,"href":"https:\/\/www.autocritica.ro\/en\/wp-json\/wp\/v2\/users\/4"}],"replies":[{"embeddable":true,"href":"https:\/\/www.autocritica.ro\/en\/wp-json\/wp\/v2\/comments?post=268106"}],"version-history":[{"count":4,"href":"https:\/\/www.autocritica.ro\/en\/wp-json\/wp\/v2\/live-news\/268106\/revisions"}],"predecessor-version":[{"id":268131,"href":"https:\/\/www.autocritica.ro\/en\/wp-json\/wp\/v2\/live-news\/268106\/revisions\/268131"}],"wp:featuredmedia":[{"embeddable":true,"href":"https:\/\/www.autocritica.ro\/en\/wp-json\/wp\/v2\/media\/268111"}],"wp:attachment":[{"href":"https:\/\/www.autocritica.ro\/en\/wp-json\/wp\/v2\/media?parent=268106"}],"wp:term":[{"taxonomy":"post_tag","embeddable":true,"href":"https:\/\/www.autocritica.ro\/en\/wp-json\/wp\/v2\/tags?post=268106"}],"curies":[{"name":"wp","href":"https:\/\/api.w.org\/{rel}","templated":true}]}}