{"id":268021,"date":"2026-01-14T15:49:16","date_gmt":"2026-01-14T12:49:16","guid":{"rendered":"https:\/\/www.autocritica.ro\/?post_type=live-news&#038;p=268021"},"modified":"2026-01-14T15:49:36","modified_gmt":"2026-01-14T12:49:36","slug":"rezumatul-dakar-2026-etapa-10-dacia-revine-in-fruntea-clasamentului-general","status":"publish","type":"live-news","link":"https:\/\/www.autocritica.ro\/en\/live-news\/rezumatul-dakar-2026-etapa-10-dacia-revine-in-fruntea-clasamentului-general\/","title":{"rendered":"Rezumatul Dakar 2026, etapa 10: Dacia revine \u00een fruntea clasamentului general"},"content":{"rendered":"\n<p>\u2022 S-a \u00eencheiat a zecea etap\u0103 a Raliului Dakar. Concuren\u021bii de la clasa Auto au avut de parcurs 420 km, iar cei de la clasa Moto au avut de parcurs 368 km. Totodat\u0103, etapa a marcat \u0219i finalul celei de-a doua probe maraton din Dakar 2026 \u2013 concuren\u021bii \u0219i-au petrecut noaptea \u00eentr-un bivuac-refugiu \u0219i nu au avut la dispozi\u021bie echipe de asisten\u021b\u0103 tehnic\u0103.<\/p>\n\n\n\n<p>\u2022 \u00cen clasa Auto s-a impus echipajul format din Mathieu Serradori \u2013 Loin Minaudier (Century Racing). Celelalte locuri de pe podium au fost ocupate de echipajele Dacia Sandriders formate din Nasser Al-Attiyah \u2013 Fabian Lurquin \u0219i S\u00e9bastien Loeb \u2013 Edouard Boulanger.<\/p>\n\n\n\n<p>\u2022 \u00cen urma acestui rezultat, Nasser Al-Attiyah revine pe primul loc \u00een clasamentul general provizoriu. Cu trei etape p\u00e2n\u0103 la finalul acestei edi\u021bii de Dakar, pilotul din Qatar are un avans de 12 minute fa\u021b\u0103 de Henk Lategan (Toyota Gazoo Racing W2RC), respectiv 12 min 50s fa\u021b\u0103 de Nani Roma (Ford Racing).<\/p>\n\n\n\n<p>\u2022 Rezultatele celorlalte echipaje Dacia Sandriders: Lucas Moraes (locul 4) \u0219i Cristina Gutierrez (locul 33; a avut parte de un incident la doar 7 km de la startul probei).<\/p>\n\n\n\n<p>\u2022 Clasamentul Dakar 2026 dup\u0103 a zecea etap\u0103 \u00een categoria Auto:<\/p>\n\n\n\n<p>1. Nasser Al-Attiyah \u2013 Fabian Lurquin (Dacia Sandriders)<\/p>\n\n\n\n<p>2. Henk Lategan \u2013 Brett Cummings (Toyota Gazoo Racing W2RC); +12 min<\/p>\n\n\n\n<p>3. Nani Roma \u2013 Alex Haro (Ford Racing); +12 min 50s<\/p>\n\n\n\n<p>4. S\u00e9bastien Loeb \u2013 Edouard Boulanger (Dacia Sandriders); +23 min 4s<\/p>\n\n\n\n<p>5. Mathieu Serradori \u2013 Loin Minaudier (Century Racing); +33 min 42s<\/p>\n\n\n\n<p>6. Mattias Ekstr\u00f6m \u2013 Emil Bergkvist (Ford Racing); +34 min 19s<\/p>\n\n\n\n<p>7. Carlos Sainz \u2013 Lucas Cruz (Ford Racing); +39 min 9s<\/p>\n\n\n\n<p>8. Lucas Moraes \u2013 Dennis Zenz (Dacia Sandriders): +39 min 21s<\/p>\n\n\n\n<p>9. Toby Price \u2013 Armand Monleon (Toyota Gazoo Racing W2RC); +59 min 36s<\/p>\n\n\n\n<p>10. Saood Variawa \u2013 Fran\u00e7ois Cazalet (Toyota Gazoo Racing SA); +o or\u0103 \u0219i 9 min<\/p>\n\n\n\n<p>\u2022 \u00cen clasa Original by Motul (categorie f\u0103r\u0103 echip\u0103 de asisten\u021b\u0103 tehnic\u0103), riderul <a href=\"https:\/\/www.facebook.com\/ManiGyenes?__cft__[0]=AZZ2t3U_xxQvz-4aEbRQ4z9h4pUBZ9N-ISsCCuQRoDcSz1TMhEJ5n8civ5LFwsmVJD-fxOBEpv5JBN_iLpzNjxzY4A40PTzUPkkttRy9p-6hXwQsBuR1OX2j2VC4aIGyCn8USbK8pcnKnUTL0Q2mCqc8COcYXRf4XYnsiDO2J3QR-g&amp;__tn__=-]K-R\">Emanuel Gyenes &#8211; Mani<\/a> a \u00eencheiat a doua parte a etapei maraton pe locul al \u0219aptelea \u0219i continu\u0103 se se men\u021bin\u0103 pe pozi\u021bia a patra \u00een clasamentul general provizoriu. \u00cen continuare, evolu\u021bia acestuia este afectat\u0103 de accidentul din a treia zi a competi\u021biei.<\/p>\n\n\n\n<p>\u2022 Clasamentul Dakar 2026 dup\u0103 a zecea etap\u0103 \u00een categoria Original by Motul:<\/p>\n\n\n\n<p>1. Benjamin Melot;<\/p>\n\n\n\n<p>2. Josep Pedro; +13 min 39s<\/p>\n\n\n\n<p>3. Jerome Martiny; +o or\u0103 \u0219i 3 min<\/p>\n\n\n\n<p>4. Emanuel Gyenes; +2 ore \u0219i 48 min<\/p>\n\n\n\n<p>5. Javi Vega; + 3 ore \u0219i 33 min<\/p>\n\n\n\n<p>\u2022 M\u00e2ine, 15 ianuarie, concuren\u021bii vor porni \u00een etapa de la Bisha la Al Henakiyah (346 km de prob\u0103 cronometrat\u0103).<\/p>\n\n\n\n<p>\u2022 Foto principal\u0103: Dacia Sandriders<\/p>\n\n\n\n<figure class=\"wp-block-gallery has-nested-images columns-default is-cropped wp-block-gallery-1 is-layout-flex wp-block-gallery-is-layout-flex\">\n<figure class=\"wp-block-image size-large\"><a href=\"https:\/\/www.autocritica.ro\/wp-content\/uploads\/2026\/01\/615081658_1362134785928821_2685955228459570959_n-1.jpg\" data-lbwps-width=\"2048\" data-lbwps-height=\"1366\" data-lbwps-srcsmall=\"https:\/\/www.autocritica.ro\/wp-content\/uploads\/2026\/01\/615081658_1362134785928821_2685955228459570959_n-1-300x200.jpg\"><img loading=\"lazy\" decoding=\"async\" width=\"1024\" height=\"683\" data-id=\"268034\" src=\"https:\/\/www.autocritica.ro\/wp-content\/uploads\/2026\/01\/615081658_1362134785928821_2685955228459570959_n-1-1024x683.jpg\" alt=\"\" class=\"wp-image-268034\" srcset=\"https:\/\/www.autocritica.ro\/wp-content\/uploads\/2026\/01\/615081658_1362134785928821_2685955228459570959_n-1-1024x683.jpg 1024w, https:\/\/www.autocritica.ro\/wp-content\/uploads\/2026\/01\/615081658_1362134785928821_2685955228459570959_n-1-300x200.jpg 300w, https:\/\/www.autocritica.ro\/wp-content\/uploads\/2026\/01\/615081658_1362134785928821_2685955228459570959_n-1-768x512.jpg 768w, https:\/\/www.autocritica.ro\/wp-content\/uploads\/2026\/01\/615081658_1362134785928821_2685955228459570959_n-1-1536x1025.jpg 1536w, https:\/\/www.autocritica.ro\/wp-content\/uploads\/2026\/01\/615081658_1362134785928821_2685955228459570959_n-1-1200x800.jpg 1200w, https:\/\/www.autocritica.ro\/wp-content\/uploads\/2026\/01\/615081658_1362134785928821_2685955228459570959_n-1-1000x666.jpg 1000w, https:\/\/www.autocritica.ro\/wp-content\/uploads\/2026\/01\/615081658_1362134785928821_2685955228459570959_n-1-2000x1333.jpg 2000w, https:\/\/www.autocritica.ro\/wp-content\/uploads\/2026\/01\/615081658_1362134785928821_2685955228459570959_n-1.jpg 2048w\" sizes=\"auto, (max-width: 1024px) 100vw, 1024px\" \/><\/a><\/figure>\n\n\n\n<figure class=\"wp-block-image size-large\"><a href=\"https:\/\/www.autocritica.ro\/wp-content\/uploads\/2026\/01\/615164786_1362134919262141_6170505516845968304_n-1.jpg\" data-lbwps-width=\"2048\" data-lbwps-height=\"1366\" data-lbwps-srcsmall=\"https:\/\/www.autocritica.ro\/wp-content\/uploads\/2026\/01\/615164786_1362134919262141_6170505516845968304_n-1-300x200.jpg\"><img loading=\"lazy\" decoding=\"async\" width=\"1024\" height=\"683\" data-id=\"268035\" src=\"https:\/\/www.autocritica.ro\/wp-content\/uploads\/2026\/01\/615164786_1362134919262141_6170505516845968304_n-1-1024x683.jpg\" alt=\"\" class=\"wp-image-268035\" srcset=\"https:\/\/www.autocritica.ro\/wp-content\/uploads\/2026\/01\/615164786_1362134919262141_6170505516845968304_n-1-1024x683.jpg 1024w, https:\/\/www.autocritica.ro\/wp-content\/uploads\/2026\/01\/615164786_1362134919262141_6170505516845968304_n-1-300x200.jpg 300w, https:\/\/www.autocritica.ro\/wp-content\/uploads\/2026\/01\/615164786_1362134919262141_6170505516845968304_n-1-768x512.jpg 768w, https:\/\/www.autocritica.ro\/wp-content\/uploads\/2026\/01\/615164786_1362134919262141_6170505516845968304_n-1-1536x1025.jpg 1536w, https:\/\/www.autocritica.ro\/wp-content\/uploads\/2026\/01\/615164786_1362134919262141_6170505516845968304_n-1-1200x800.jpg 1200w, https:\/\/www.autocritica.ro\/wp-content\/uploads\/2026\/01\/615164786_1362134919262141_6170505516845968304_n-1-1000x666.jpg 1000w, https:\/\/www.autocritica.ro\/wp-content\/uploads\/2026\/01\/615164786_1362134919262141_6170505516845968304_n-1-2000x1333.jpg 2000w, https:\/\/www.autocritica.ro\/wp-content\/uploads\/2026\/01\/615164786_1362134919262141_6170505516845968304_n-1.jpg 2048w\" sizes=\"auto, (max-width: 1024px) 100vw, 1024px\" \/><\/a><\/figure>\n\n\n\n<figure class=\"wp-block-image size-large\"><a href=\"https:\/\/www.autocritica.ro\/wp-content\/uploads\/2026\/01\/615408357_1362134942595472_7017888704839144433_n-1.jpg\" data-lbwps-width=\"2048\" data-lbwps-height=\"1365\" data-lbwps-srcsmall=\"https:\/\/www.autocritica.ro\/wp-content\/uploads\/2026\/01\/615408357_1362134942595472_7017888704839144433_n-1-300x200.jpg\" data-lbwps-caption=\"DAKAR 2026 &amp;#8211; STAGE 9 214 SERRADORI Mathieu fra, MINAUDIER Loic fra, SRT, Century, Ultimate, FIA W2RC, action during the Stage 9 of the Dakar 2026, on January 13, 2026 between Wadi Ad-Dawasir and Bivouac Refuge, Saudi Arabia &amp;#8211; Wadi Ad-DawasirSaudi Arabia PUBLICATIONxNOTxINxFRAxBEL Copyright: xFREDERICxLExFLOCxHx\"><img loading=\"lazy\" decoding=\"async\" width=\"1024\" height=\"683\" data-id=\"268036\" src=\"https:\/\/www.autocritica.ro\/wp-content\/uploads\/2026\/01\/615408357_1362134942595472_7017888704839144433_n-1-1024x683.jpg\" alt=\"\" class=\"wp-image-268036\" srcset=\"https:\/\/www.autocritica.ro\/wp-content\/uploads\/2026\/01\/615408357_1362134942595472_7017888704839144433_n-1-1024x683.jpg 1024w, https:\/\/www.autocritica.ro\/wp-content\/uploads\/2026\/01\/615408357_1362134942595472_7017888704839144433_n-1-300x200.jpg 300w, https:\/\/www.autocritica.ro\/wp-content\/uploads\/2026\/01\/615408357_1362134942595472_7017888704839144433_n-1-768x512.jpg 768w, https:\/\/www.autocritica.ro\/wp-content\/uploads\/2026\/01\/615408357_1362134942595472_7017888704839144433_n-1-1536x1024.jpg 1536w, https:\/\/www.autocritica.ro\/wp-content\/uploads\/2026\/01\/615408357_1362134942595472_7017888704839144433_n-1-1200x800.jpg 1200w, https:\/\/www.autocritica.ro\/wp-content\/uploads\/2026\/01\/615408357_1362134942595472_7017888704839144433_n-1-1000x666.jpg 1000w, https:\/\/www.autocritica.ro\/wp-content\/uploads\/2026\/01\/615408357_1362134942595472_7017888704839144433_n-1-2000x1333.jpg 2000w, https:\/\/www.autocritica.ro\/wp-content\/uploads\/2026\/01\/615408357_1362134942595472_7017888704839144433_n-1.jpg 2048w\" sizes=\"auto, (max-width: 1024px) 100vw, 1024px\" \/><\/a><\/figure>\n\n\n\n<figure class=\"wp-block-image size-large\"><a href=\"https:\/\/www.autocritica.ro\/wp-content\/uploads\/2026\/01\/615417197_1362134699262163_4456273680040229536_n-1.jpg\" data-lbwps-width=\"2048\" data-lbwps-height=\"1365\" data-lbwps-srcsmall=\"https:\/\/www.autocritica.ro\/wp-content\/uploads\/2026\/01\/615417197_1362134699262163_4456273680040229536_n-1-300x200.jpg\" data-lbwps-caption=\"Nani Roma (ESP) and Alex Haro (ESP) of Ford M-Sport races during stage 10 of Rally Dakar 2026 in Bisha, Saudi Arabia on January 14, 2026 \/\/ Marcelo Maragni \/ Red Bull Content Pool \/\/ SI202601140568 \/\/ Usage for editorial use only \/\/\"><img loading=\"lazy\" decoding=\"async\" width=\"1024\" height=\"683\" data-id=\"268039\" src=\"https:\/\/www.autocritica.ro\/wp-content\/uploads\/2026\/01\/615417197_1362134699262163_4456273680040229536_n-1-1024x683.jpg\" alt=\"\" class=\"wp-image-268039\" srcset=\"https:\/\/www.autocritica.ro\/wp-content\/uploads\/2026\/01\/615417197_1362134699262163_4456273680040229536_n-1-1024x683.jpg 1024w, https:\/\/www.autocritica.ro\/wp-content\/uploads\/2026\/01\/615417197_1362134699262163_4456273680040229536_n-1-300x200.jpg 300w, https:\/\/www.autocritica.ro\/wp-content\/uploads\/2026\/01\/615417197_1362134699262163_4456273680040229536_n-1-768x512.jpg 768w, https:\/\/www.autocritica.ro\/wp-content\/uploads\/2026\/01\/615417197_1362134699262163_4456273680040229536_n-1-1536x1024.jpg 1536w, https:\/\/www.autocritica.ro\/wp-content\/uploads\/2026\/01\/615417197_1362134699262163_4456273680040229536_n-1-1200x800.jpg 1200w, https:\/\/www.autocritica.ro\/wp-content\/uploads\/2026\/01\/615417197_1362134699262163_4456273680040229536_n-1-1000x666.jpg 1000w, https:\/\/www.autocritica.ro\/wp-content\/uploads\/2026\/01\/615417197_1362134699262163_4456273680040229536_n-1-2000x1333.jpg 2000w, https:\/\/www.autocritica.ro\/wp-content\/uploads\/2026\/01\/615417197_1362134699262163_4456273680040229536_n-1.jpg 2048w\" sizes=\"auto, (max-width: 1024px) 100vw, 1024px\" \/><\/a><\/figure>\n\n\n\n<figure class=\"wp-block-image size-large\"><a href=\"https:\/\/www.autocritica.ro\/wp-content\/uploads\/2026\/01\/615823020_1362134715928828_1183975438128128685_n-1.jpg\" data-lbwps-width=\"2048\" data-lbwps-height=\"1365\" data-lbwps-srcsmall=\"https:\/\/www.autocritica.ro\/wp-content\/uploads\/2026\/01\/615823020_1362134715928828_1183975438128128685_n-1-300x200.jpg\" data-lbwps-caption=\"Henk Lategan and Brett Cummings on their Toyota DKR GR Hilux of the Toyota Gazoo Racing during the Stage 9 of the Dakar 2026, on January 13, 2026 between Wadi Ad-Dawasir and Bivouac Refuge, Saudi Arabia \/\/ Florent Gooden \/ DPPI \/ Red Bull Content Pool \/\/ SI202601130649 \/\/ Usage for editorial use only \/\/\"><img loading=\"lazy\" decoding=\"async\" width=\"1024\" height=\"683\" data-id=\"268037\" src=\"https:\/\/www.autocritica.ro\/wp-content\/uploads\/2026\/01\/615823020_1362134715928828_1183975438128128685_n-1-1024x683.jpg\" alt=\"\" class=\"wp-image-268037\" srcset=\"https:\/\/www.autocritica.ro\/wp-content\/uploads\/2026\/01\/615823020_1362134715928828_1183975438128128685_n-1-1024x683.jpg 1024w, https:\/\/www.autocritica.ro\/wp-content\/uploads\/2026\/01\/615823020_1362134715928828_1183975438128128685_n-1-300x200.jpg 300w, https:\/\/www.autocritica.ro\/wp-content\/uploads\/2026\/01\/615823020_1362134715928828_1183975438128128685_n-1-768x512.jpg 768w, https:\/\/www.autocritica.ro\/wp-content\/uploads\/2026\/01\/615823020_1362134715928828_1183975438128128685_n-1-1536x1024.jpg 1536w, https:\/\/www.autocritica.ro\/wp-content\/uploads\/2026\/01\/615823020_1362134715928828_1183975438128128685_n-1-1200x800.jpg 1200w, https:\/\/www.autocritica.ro\/wp-content\/uploads\/2026\/01\/615823020_1362134715928828_1183975438128128685_n-1-1000x666.jpg 1000w, https:\/\/www.autocritica.ro\/wp-content\/uploads\/2026\/01\/615823020_1362134715928828_1183975438128128685_n-1-2000x1333.jpg 2000w, https:\/\/www.autocritica.ro\/wp-content\/uploads\/2026\/01\/615823020_1362134715928828_1183975438128128685_n-1.jpg 2048w\" sizes=\"auto, (max-width: 1024px) 100vw, 1024px\" \/><\/a><\/figure>\n<\/figure>\n","protected":false},"author":16,"featured_media":268023,"comment_status":"closed","ping_status":"closed","template":"","meta":{"_acf_changed":false,"footnotes":""},"tags":[6408],"class_list":["post-268021","live-news","type-live-news","status-publish","has-post-thumbnail","hentry","tag-dakar-2026"],"acf":[],"yoast_head":"<!-- This site is optimized with the Yoast SEO Premium plugin v27.5 (Yoast SEO v27.5) - https:\/\/yoast.com\/product\/yoast-seo-premium-wordpress\/ -->\n<title>Rezumatul Dakar 2026, etapa 10: Dacia revine \u00een fruntea clasamentului general - Autocritica<\/title>\n<meta name=\"robots\" content=\"index, follow, max-snippet:-1, max-image-preview:large, max-video-preview:-1\" \/>\n<link rel=\"canonical\" href=\"https:\/\/www.autocritica.ro\/en\/live-news\/rezumatul-dakar-2026-etapa-10-dacia-revine-in-fruntea-clasamentului-general\/\" \/>\n<meta property=\"og:locale\" content=\"en_US\" \/>\n<meta property=\"og:type\" content=\"article\" \/>\n<meta property=\"og:title\" content=\"Rezumatul Dakar 2026, etapa 10: Dacia revine \u00een fruntea clasamentului general\" \/>\n<meta property=\"og:description\" content=\"\u2022 S-a \u00eencheiat a zecea etap\u0103 a Raliului Dakar. Concuren\u021bii de la clasa Auto au avut de parcurs 420 km, iar cei de la clasa Moto au avut de parcurs 368 km.\" \/>\n<meta property=\"og:url\" content=\"https:\/\/www.autocritica.ro\/en\/live-news\/rezumatul-dakar-2026-etapa-10-dacia-revine-in-fruntea-clasamentului-general\/\" \/>\n<meta property=\"og:site_name\" content=\"Autocritica\" \/>\n<meta property=\"article:publisher\" content=\"https:\/\/www.facebook.com\/autocritica.ro\" \/>\n<meta property=\"article:modified_time\" content=\"2026-01-14T12:49:36+00:00\" \/>\n<meta property=\"og:image\" content=\"https:\/\/www.autocritica.ro\/wp-content\/uploads\/2026\/01\/WhatsApp-Image-2026-01-14-at-14.22.12.jpg\" \/>\n\t<meta property=\"og:image:width\" content=\"1600\" \/>\n\t<meta property=\"og:image:height\" content=\"1066\" \/>\n\t<meta property=\"og:image:type\" content=\"image\/jpeg\" \/>\n<meta name=\"twitter:card\" content=\"summary_large_image\" \/>\n<meta name=\"twitter:label1\" content=\"Est. reading time\" \/>\n\t<meta name=\"twitter:data1\" content=\"2 minutes\" \/>\n<script type=\"application\/ld+json\" class=\"yoast-schema-graph\">{\"@context\":\"https:\\\/\\\/schema.org\",\"@graph\":[{\"@type\":\"WebPage\",\"@id\":\"https:\\\/\\\/www.autocritica.ro\\\/en\\\/live-news\\\/rezumatul-dakar-2026-etapa-10-dacia-revine-in-fruntea-clasamentului-general\\\/\",\"url\":\"https:\\\/\\\/www.autocritica.ro\\\/en\\\/live-news\\\/rezumatul-dakar-2026-etapa-10-dacia-revine-in-fruntea-clasamentului-general\\\/\",\"name\":\"Rezumatul Dakar 2026, etapa 10: Dacia revine \u00een fruntea clasamentului general - Autocritica\",\"isPartOf\":{\"@id\":\"https:\\\/\\\/www.autocritica.ro\\\/en\\\/#website\"},\"primaryImageOfPage\":{\"@id\":\"https:\\\/\\\/www.autocritica.ro\\\/en\\\/live-news\\\/rezumatul-dakar-2026-etapa-10-dacia-revine-in-fruntea-clasamentului-general\\\/#primaryimage\"},\"image\":{\"@id\":\"https:\\\/\\\/www.autocritica.ro\\\/en\\\/live-news\\\/rezumatul-dakar-2026-etapa-10-dacia-revine-in-fruntea-clasamentului-general\\\/#primaryimage\"},\"thumbnailUrl\":\"https:\\\/\\\/www.autocritica.ro\\\/wp-content\\\/uploads\\\/2026\\\/01\\\/WhatsApp-Image-2026-01-14-at-14.22.12.jpg\",\"datePublished\":\"2026-01-14T12:49:16+00:00\",\"dateModified\":\"2026-01-14T12:49:36+00:00\",\"breadcrumb\":{\"@id\":\"https:\\\/\\\/www.autocritica.ro\\\/en\\\/live-news\\\/rezumatul-dakar-2026-etapa-10-dacia-revine-in-fruntea-clasamentului-general\\\/#breadcrumb\"},\"inLanguage\":\"en-US\",\"potentialAction\":[{\"@type\":\"ReadAction\",\"target\":[\"https:\\\/\\\/www.autocritica.ro\\\/en\\\/live-news\\\/rezumatul-dakar-2026-etapa-10-dacia-revine-in-fruntea-clasamentului-general\\\/\"]}]},{\"@type\":\"ImageObject\",\"inLanguage\":\"en-US\",\"@id\":\"https:\\\/\\\/www.autocritica.ro\\\/en\\\/live-news\\\/rezumatul-dakar-2026-etapa-10-dacia-revine-in-fruntea-clasamentului-general\\\/#primaryimage\",\"url\":\"https:\\\/\\\/www.autocritica.ro\\\/wp-content\\\/uploads\\\/2026\\\/01\\\/WhatsApp-Image-2026-01-14-at-14.22.12.jpg\",\"contentUrl\":\"https:\\\/\\\/www.autocritica.ro\\\/wp-content\\\/uploads\\\/2026\\\/01\\\/WhatsApp-Image-2026-01-14-at-14.22.12.jpg\",\"width\":1600,\"height\":1066},{\"@type\":\"BreadcrumbList\",\"@id\":\"https:\\\/\\\/www.autocritica.ro\\\/en\\\/live-news\\\/rezumatul-dakar-2026-etapa-10-dacia-revine-in-fruntea-clasamentului-general\\\/#breadcrumb\",\"itemListElement\":[{\"@type\":\"ListItem\",\"position\":1,\"name\":\"Home\",\"item\":\"https:\\\/\\\/www.autocritica.ro\\\/en\\\/\"},{\"@type\":\"ListItem\",\"position\":2,\"name\":\"Live News\",\"item\":\"https:\\\/\\\/www.autocritica.ro\\\/en\\\/live-news\\\/\"},{\"@type\":\"ListItem\",\"position\":3,\"name\":\"Rezumatul Dakar 2026, etapa 10: Dacia revine \u00een fruntea clasamentului general\"}]},{\"@type\":\"WebSite\",\"@id\":\"https:\\\/\\\/www.autocritica.ro\\\/en\\\/#website\",\"url\":\"https:\\\/\\\/www.autocritica.ro\\\/en\\\/\",\"name\":\"Autocritica\",\"description\":\"\",\"publisher\":{\"@id\":\"https:\\\/\\\/www.autocritica.ro\\\/en\\\/#organization\"},\"potentialAction\":[{\"@type\":\"SearchAction\",\"target\":{\"@type\":\"EntryPoint\",\"urlTemplate\":\"https:\\\/\\\/www.autocritica.ro\\\/en\\\/?s={search_term_string}\"},\"query-input\":{\"@type\":\"PropertyValueSpecification\",\"valueRequired\":true,\"valueName\":\"search_term_string\"}}],\"inLanguage\":\"en-US\"},{\"@type\":\"Organization\",\"@id\":\"https:\\\/\\\/www.autocritica.ro\\\/en\\\/#organization\",\"name\":\"Autocritica\",\"url\":\"https:\\\/\\\/www.autocritica.ro\\\/en\\\/\",\"logo\":{\"@type\":\"ImageObject\",\"inLanguage\":\"en-US\",\"@id\":\"https:\\\/\\\/www.autocritica.ro\\\/en\\\/#\\\/schema\\\/logo\\\/image\\\/\",\"url\":\"https:\\\/\\\/www.autocritica.ro\\\/wp-content\\\/uploads\\\/2020\\\/12\\\/logo-negru.png\",\"contentUrl\":\"https:\\\/\\\/www.autocritica.ro\\\/wp-content\\\/uploads\\\/2020\\\/12\\\/logo-negru.png\",\"width\":300,\"height\":102,\"caption\":\"Autocritica\"},\"image\":{\"@id\":\"https:\\\/\\\/www.autocritica.ro\\\/en\\\/#\\\/schema\\\/logo\\\/image\\\/\"},\"sameAs\":[\"https:\\\/\\\/www.facebook.com\\\/autocritica.ro\",\"https:\\\/\\\/www.instagram.com\\\/autocritica.ro\\\/\"]}]}<\/script>\n<!-- \/ Yoast SEO Premium plugin. -->","yoast_head_json":{"title":"Rezumatul Dakar 2026, etapa 10: Dacia revine \u00een fruntea clasamentului general - Autocritica","robots":{"index":"index","follow":"follow","max-snippet":"max-snippet:-1","max-image-preview":"max-image-preview:large","max-video-preview":"max-video-preview:-1"},"canonical":"https:\/\/www.autocritica.ro\/en\/live-news\/rezumatul-dakar-2026-etapa-10-dacia-revine-in-fruntea-clasamentului-general\/","og_locale":"en_US","og_type":"article","og_title":"Rezumatul Dakar 2026, etapa 10: Dacia revine \u00een fruntea clasamentului general","og_description":"\u2022 S-a \u00eencheiat a zecea etap\u0103 a Raliului Dakar. Concuren\u021bii de la clasa Auto au avut de parcurs 420 km, iar cei de la clasa Moto au avut de parcurs 368 km.","og_url":"https:\/\/www.autocritica.ro\/en\/live-news\/rezumatul-dakar-2026-etapa-10-dacia-revine-in-fruntea-clasamentului-general\/","og_site_name":"Autocritica","article_publisher":"https:\/\/www.facebook.com\/autocritica.ro","article_modified_time":"2026-01-14T12:49:36+00:00","og_image":[{"width":1600,"height":1066,"url":"https:\/\/www.autocritica.ro\/wp-content\/uploads\/2026\/01\/WhatsApp-Image-2026-01-14-at-14.22.12.jpg","type":"image\/jpeg"}],"twitter_card":"summary_large_image","twitter_misc":{"Est. reading time":"2 minutes"},"schema":{"@context":"https:\/\/schema.org","@graph":[{"@type":"WebPage","@id":"https:\/\/www.autocritica.ro\/en\/live-news\/rezumatul-dakar-2026-etapa-10-dacia-revine-in-fruntea-clasamentului-general\/","url":"https:\/\/www.autocritica.ro\/en\/live-news\/rezumatul-dakar-2026-etapa-10-dacia-revine-in-fruntea-clasamentului-general\/","name":"Rezumatul Dakar 2026, etapa 10: Dacia revine \u00een fruntea clasamentului general - Autocritica","isPartOf":{"@id":"https:\/\/www.autocritica.ro\/en\/#website"},"primaryImageOfPage":{"@id":"https:\/\/www.autocritica.ro\/en\/live-news\/rezumatul-dakar-2026-etapa-10-dacia-revine-in-fruntea-clasamentului-general\/#primaryimage"},"image":{"@id":"https:\/\/www.autocritica.ro\/en\/live-news\/rezumatul-dakar-2026-etapa-10-dacia-revine-in-fruntea-clasamentului-general\/#primaryimage"},"thumbnailUrl":"https:\/\/www.autocritica.ro\/wp-content\/uploads\/2026\/01\/WhatsApp-Image-2026-01-14-at-14.22.12.jpg","datePublished":"2026-01-14T12:49:16+00:00","dateModified":"2026-01-14T12:49:36+00:00","breadcrumb":{"@id":"https:\/\/www.autocritica.ro\/en\/live-news\/rezumatul-dakar-2026-etapa-10-dacia-revine-in-fruntea-clasamentului-general\/#breadcrumb"},"inLanguage":"en-US","potentialAction":[{"@type":"ReadAction","target":["https:\/\/www.autocritica.ro\/en\/live-news\/rezumatul-dakar-2026-etapa-10-dacia-revine-in-fruntea-clasamentului-general\/"]}]},{"@type":"ImageObject","inLanguage":"en-US","@id":"https:\/\/www.autocritica.ro\/en\/live-news\/rezumatul-dakar-2026-etapa-10-dacia-revine-in-fruntea-clasamentului-general\/#primaryimage","url":"https:\/\/www.autocritica.ro\/wp-content\/uploads\/2026\/01\/WhatsApp-Image-2026-01-14-at-14.22.12.jpg","contentUrl":"https:\/\/www.autocritica.ro\/wp-content\/uploads\/2026\/01\/WhatsApp-Image-2026-01-14-at-14.22.12.jpg","width":1600,"height":1066},{"@type":"BreadcrumbList","@id":"https:\/\/www.autocritica.ro\/en\/live-news\/rezumatul-dakar-2026-etapa-10-dacia-revine-in-fruntea-clasamentului-general\/#breadcrumb","itemListElement":[{"@type":"ListItem","position":1,"name":"Home","item":"https:\/\/www.autocritica.ro\/en\/"},{"@type":"ListItem","position":2,"name":"Live News","item":"https:\/\/www.autocritica.ro\/en\/live-news\/"},{"@type":"ListItem","position":3,"name":"Rezumatul Dakar 2026, etapa 10: Dacia revine \u00een fruntea clasamentului general"}]},{"@type":"WebSite","@id":"https:\/\/www.autocritica.ro\/en\/#website","url":"https:\/\/www.autocritica.ro\/en\/","name":"Autocritica","description":"","publisher":{"@id":"https:\/\/www.autocritica.ro\/en\/#organization"},"potentialAction":[{"@type":"SearchAction","target":{"@type":"EntryPoint","urlTemplate":"https:\/\/www.autocritica.ro\/en\/?s={search_term_string}"},"query-input":{"@type":"PropertyValueSpecification","valueRequired":true,"valueName":"search_term_string"}}],"inLanguage":"en-US"},{"@type":"Organization","@id":"https:\/\/www.autocritica.ro\/en\/#organization","name":"Autocritica","url":"https:\/\/www.autocritica.ro\/en\/","logo":{"@type":"ImageObject","inLanguage":"en-US","@id":"https:\/\/www.autocritica.ro\/en\/#\/schema\/logo\/image\/","url":"https:\/\/www.autocritica.ro\/wp-content\/uploads\/2020\/12\/logo-negru.png","contentUrl":"https:\/\/www.autocritica.ro\/wp-content\/uploads\/2020\/12\/logo-negru.png","width":300,"height":102,"caption":"Autocritica"},"image":{"@id":"https:\/\/www.autocritica.ro\/en\/#\/schema\/logo\/image\/"},"sameAs":["https:\/\/www.facebook.com\/autocritica.ro","https:\/\/www.instagram.com\/autocritica.ro\/"]}]}},"_links":{"self":[{"href":"https:\/\/www.autocritica.ro\/en\/wp-json\/wp\/v2\/live-news\/268021","targetHints":{"allow":["GET"]}}],"collection":[{"href":"https:\/\/www.autocritica.ro\/en\/wp-json\/wp\/v2\/live-news"}],"about":[{"href":"https:\/\/www.autocritica.ro\/en\/wp-json\/wp\/v2\/types\/live-news"}],"author":[{"embeddable":true,"href":"https:\/\/www.autocritica.ro\/en\/wp-json\/wp\/v2\/users\/16"}],"replies":[{"embeddable":true,"href":"https:\/\/www.autocritica.ro\/en\/wp-json\/wp\/v2\/comments?post=268021"}],"version-history":[{"count":3,"href":"https:\/\/www.autocritica.ro\/en\/wp-json\/wp\/v2\/live-news\/268021\/revisions"}],"predecessor-version":[{"id":268044,"href":"https:\/\/www.autocritica.ro\/en\/wp-json\/wp\/v2\/live-news\/268021\/revisions\/268044"}],"wp:featuredmedia":[{"embeddable":true,"href":"https:\/\/www.autocritica.ro\/en\/wp-json\/wp\/v2\/media\/268023"}],"wp:attachment":[{"href":"https:\/\/www.autocritica.ro\/en\/wp-json\/wp\/v2\/media?parent=268021"}],"wp:term":[{"taxonomy":"post_tag","embeddable":true,"href":"https:\/\/www.autocritica.ro\/en\/wp-json\/wp\/v2\/tags?post=268021"}],"curies":[{"name":"wp","href":"https:\/\/api.w.org\/{rel}","templated":true}]}}