{"id":268017,"date":"2026-01-14T14:52:59","date_gmt":"2026-01-14T11:52:59","guid":{"rendered":"https:\/\/www.autocritica.ro\/?post_type=live-news&#038;p=268017"},"modified":"2026-01-14T14:53:32","modified_gmt":"2026-01-14T11:53:32","slug":"volkswagen-vanzarile-de-electrice-in-europa-au-crescut-cu-49-in-2025","status":"publish","type":"live-news","link":"https:\/\/www.autocritica.ro\/en\/live-news\/volkswagen-vanzarile-de-electrice-in-europa-au-crescut-cu-49-in-2025\/","title":{"rendered":"Volkswagen: v\u00e2nz\u0103rile de electrice \u00een Europa au crescut cu 49% \u00een 2025"},"content":{"rendered":"\n<p>\u2022 Volkswagen a v\u00e2ndut anul trecut circa 4,7 milioane de ma\u0219ini la nivel global, \u00een sc\u0103dere u\u0219oar\u0103 (-1,4%) fa\u021b\u0103 de 2024.<\/p>\n\n\n\n<p>\u2022 V\u00e2nz\u0103rile au crescut \u00een Europa (+5,1%) \u0219i America de Sud (+18,5%), \u00een timp ce pie\u021bele din China \u0219i America de Nord au \u00eenregistrat sc\u0103deri de aproximativ 8% fiecare.<\/p>\n\n\n\n<p>\u2022 Electricele au reprezentat 8,1% din v\u00e2nz\u0103rile companiei: 382.000 de unit\u0103\u021bi (-0,2% \u00een 2025).<\/p>\n\n\n\n<p>\u2022 \u00cen Europa, v\u00e2nz\u0103rile de electrice Volkswagen au crescut cu 49% anul trecut (247.900 de exemplare). Cea mai v\u00e2ndut\u0103 electric\u0103 a fost ID.7, cu 76.600 de unit\u0103\u021bi \u0219i o cre\u0219tere de 133,9%.<\/p>\n\n\n\n<p>\u2022 Volkswagen mizeaz\u0103 pe cre\u0219terea v\u00e2nz\u0103rilor de electrice \u00een 2026, pe fondul lans\u0103rilor unor modele noi precum ID. Polo \u0219i ID. Cross.<\/p>\n\n\n\n<p>\u2022 La nivel global, jum\u0103tate din v\u00e2nz\u0103rile Volkswagen au fost \u00een dreptul SUV-urilor (50,2% mai exact). T-Roc a fost cel mai v\u00e2ndut SUV din Europa (201.995, +3,9%).<\/p>\n\n\n\n<p>\u2022 Via: Volkswagen<\/p>\n","protected":false},"author":16,"featured_media":133594,"comment_status":"closed","ping_status":"closed","template":"","meta":{"_acf_changed":false,"footnotes":""},"tags":[3424,6233,4581,81],"class_list":["post-268017","live-news","type-live-news","status-publish","has-post-thumbnail","hentry","tag-electrice-volkswagen","tag-vanzari-electrice-volkswagen","tag-vanzari-volkswagen","tag-volkswagen"],"acf":[],"yoast_head":"<!-- This site is optimized with the Yoast SEO Premium plugin v27.5 (Yoast SEO v27.5) - https:\/\/yoast.com\/product\/yoast-seo-premium-wordpress\/ -->\n<title>Volkswagen: v\u00e2nz\u0103rile de electrice \u00een Europa au crescut cu 49% \u00een 2025 - Autocritica<\/title>\n<meta name=\"robots\" content=\"index, follow, max-snippet:-1, max-image-preview:large, max-video-preview:-1\" \/>\n<link rel=\"canonical\" href=\"https:\/\/www.autocritica.ro\/en\/live-news\/volkswagen-vanzarile-de-electrice-in-europa-au-crescut-cu-49-in-2025\/\" \/>\n<meta property=\"og:locale\" content=\"en_US\" \/>\n<meta property=\"og:type\" content=\"article\" \/>\n<meta property=\"og:title\" content=\"Volkswagen: v\u00e2nz\u0103rile de electrice \u00een Europa au crescut cu 49% \u00een 2025\" \/>\n<meta property=\"og:description\" content=\"\u2022 Volkswagen a v\u00e2ndut anul trecut circa 4,7 milioane de ma\u0219ini la nivel global, \u00een sc\u0103dere u\u0219oar\u0103 (-1,4%) fa\u021b\u0103 de 2024. \u2022 V\u00e2nz\u0103rile au crescut \u00een Europa\" \/>\n<meta property=\"og:url\" content=\"https:\/\/www.autocritica.ro\/en\/live-news\/volkswagen-vanzarile-de-electrice-in-europa-au-crescut-cu-49-in-2025\/\" \/>\n<meta property=\"og:site_name\" content=\"Autocritica\" \/>\n<meta property=\"article:publisher\" content=\"https:\/\/www.facebook.com\/autocritica.ro\" \/>\n<meta property=\"article:modified_time\" content=\"2026-01-14T11:53:32+00:00\" \/>\n<meta property=\"og:image\" content=\"https:\/\/www.autocritica.ro\/wp-content\/uploads\/2025\/01\/volkswagen-id.7-1.jpg\" \/>\n\t<meta property=\"og:image:width\" content=\"2400\" \/>\n\t<meta property=\"og:image:height\" content=\"1801\" \/>\n\t<meta property=\"og:image:type\" content=\"image\/jpeg\" \/>\n<meta name=\"twitter:card\" content=\"summary_large_image\" \/>\n<meta name=\"twitter:label1\" content=\"Est. reading time\" \/>\n\t<meta name=\"twitter:data1\" content=\"1 minute\" \/>\n<script type=\"application\/ld+json\" class=\"yoast-schema-graph\">{\"@context\":\"https:\\\/\\\/schema.org\",\"@graph\":[{\"@type\":\"WebPage\",\"@id\":\"https:\\\/\\\/www.autocritica.ro\\\/en\\\/live-news\\\/volkswagen-vanzarile-de-electrice-in-europa-au-crescut-cu-49-in-2025\\\/\",\"url\":\"https:\\\/\\\/www.autocritica.ro\\\/en\\\/live-news\\\/volkswagen-vanzarile-de-electrice-in-europa-au-crescut-cu-49-in-2025\\\/\",\"name\":\"Volkswagen: v\u00e2nz\u0103rile de electrice \u00een Europa au crescut cu 49% \u00een 2025 - Autocritica\",\"isPartOf\":{\"@id\":\"https:\\\/\\\/www.autocritica.ro\\\/en\\\/#website\"},\"primaryImageOfPage\":{\"@id\":\"https:\\\/\\\/www.autocritica.ro\\\/en\\\/live-news\\\/volkswagen-vanzarile-de-electrice-in-europa-au-crescut-cu-49-in-2025\\\/#primaryimage\"},\"image\":{\"@id\":\"https:\\\/\\\/www.autocritica.ro\\\/en\\\/live-news\\\/volkswagen-vanzarile-de-electrice-in-europa-au-crescut-cu-49-in-2025\\\/#primaryimage\"},\"thumbnailUrl\":\"https:\\\/\\\/www.autocritica.ro\\\/wp-content\\\/uploads\\\/2025\\\/01\\\/volkswagen-id.7-1.jpg\",\"datePublished\":\"2026-01-14T11:52:59+00:00\",\"dateModified\":\"2026-01-14T11:53:32+00:00\",\"breadcrumb\":{\"@id\":\"https:\\\/\\\/www.autocritica.ro\\\/en\\\/live-news\\\/volkswagen-vanzarile-de-electrice-in-europa-au-crescut-cu-49-in-2025\\\/#breadcrumb\"},\"inLanguage\":\"en-US\",\"potentialAction\":[{\"@type\":\"ReadAction\",\"target\":[\"https:\\\/\\\/www.autocritica.ro\\\/en\\\/live-news\\\/volkswagen-vanzarile-de-electrice-in-europa-au-crescut-cu-49-in-2025\\\/\"]}]},{\"@type\":\"ImageObject\",\"inLanguage\":\"en-US\",\"@id\":\"https:\\\/\\\/www.autocritica.ro\\\/en\\\/live-news\\\/volkswagen-vanzarile-de-electrice-in-europa-au-crescut-cu-49-in-2025\\\/#primaryimage\",\"url\":\"https:\\\/\\\/www.autocritica.ro\\\/wp-content\\\/uploads\\\/2025\\\/01\\\/volkswagen-id.7-1.jpg\",\"contentUrl\":\"https:\\\/\\\/www.autocritica.ro\\\/wp-content\\\/uploads\\\/2025\\\/01\\\/volkswagen-id.7-1.jpg\",\"width\":2400,\"height\":1801},{\"@type\":\"BreadcrumbList\",\"@id\":\"https:\\\/\\\/www.autocritica.ro\\\/en\\\/live-news\\\/volkswagen-vanzarile-de-electrice-in-europa-au-crescut-cu-49-in-2025\\\/#breadcrumb\",\"itemListElement\":[{\"@type\":\"ListItem\",\"position\":1,\"name\":\"Home\",\"item\":\"https:\\\/\\\/www.autocritica.ro\\\/en\\\/\"},{\"@type\":\"ListItem\",\"position\":2,\"name\":\"Live News\",\"item\":\"https:\\\/\\\/www.autocritica.ro\\\/en\\\/live-news\\\/\"},{\"@type\":\"ListItem\",\"position\":3,\"name\":\"Volkswagen: v\u00e2nz\u0103rile de electrice \u00een Europa au crescut cu 49% \u00een 2025\"}]},{\"@type\":\"WebSite\",\"@id\":\"https:\\\/\\\/www.autocritica.ro\\\/en\\\/#website\",\"url\":\"https:\\\/\\\/www.autocritica.ro\\\/en\\\/\",\"name\":\"Autocritica\",\"description\":\"\",\"publisher\":{\"@id\":\"https:\\\/\\\/www.autocritica.ro\\\/en\\\/#organization\"},\"potentialAction\":[{\"@type\":\"SearchAction\",\"target\":{\"@type\":\"EntryPoint\",\"urlTemplate\":\"https:\\\/\\\/www.autocritica.ro\\\/en\\\/?s={search_term_string}\"},\"query-input\":{\"@type\":\"PropertyValueSpecification\",\"valueRequired\":true,\"valueName\":\"search_term_string\"}}],\"inLanguage\":\"en-US\"},{\"@type\":\"Organization\",\"@id\":\"https:\\\/\\\/www.autocritica.ro\\\/en\\\/#organization\",\"name\":\"Autocritica\",\"url\":\"https:\\\/\\\/www.autocritica.ro\\\/en\\\/\",\"logo\":{\"@type\":\"ImageObject\",\"inLanguage\":\"en-US\",\"@id\":\"https:\\\/\\\/www.autocritica.ro\\\/en\\\/#\\\/schema\\\/logo\\\/image\\\/\",\"url\":\"https:\\\/\\\/www.autocritica.ro\\\/wp-content\\\/uploads\\\/2020\\\/12\\\/logo-negru.png\",\"contentUrl\":\"https:\\\/\\\/www.autocritica.ro\\\/wp-content\\\/uploads\\\/2020\\\/12\\\/logo-negru.png\",\"width\":300,\"height\":102,\"caption\":\"Autocritica\"},\"image\":{\"@id\":\"https:\\\/\\\/www.autocritica.ro\\\/en\\\/#\\\/schema\\\/logo\\\/image\\\/\"},\"sameAs\":[\"https:\\\/\\\/www.facebook.com\\\/autocritica.ro\",\"https:\\\/\\\/www.instagram.com\\\/autocritica.ro\\\/\"]}]}<\/script>\n<!-- \/ Yoast SEO Premium plugin. -->","yoast_head_json":{"title":"Volkswagen: v\u00e2nz\u0103rile de electrice \u00een Europa au crescut cu 49% \u00een 2025 - Autocritica","robots":{"index":"index","follow":"follow","max-snippet":"max-snippet:-1","max-image-preview":"max-image-preview:large","max-video-preview":"max-video-preview:-1"},"canonical":"https:\/\/www.autocritica.ro\/en\/live-news\/volkswagen-vanzarile-de-electrice-in-europa-au-crescut-cu-49-in-2025\/","og_locale":"en_US","og_type":"article","og_title":"Volkswagen: v\u00e2nz\u0103rile de electrice \u00een Europa au crescut cu 49% \u00een 2025","og_description":"\u2022 Volkswagen a v\u00e2ndut anul trecut circa 4,7 milioane de ma\u0219ini la nivel global, \u00een sc\u0103dere u\u0219oar\u0103 (-1,4%) fa\u021b\u0103 de 2024. \u2022 V\u00e2nz\u0103rile au crescut \u00een Europa","og_url":"https:\/\/www.autocritica.ro\/en\/live-news\/volkswagen-vanzarile-de-electrice-in-europa-au-crescut-cu-49-in-2025\/","og_site_name":"Autocritica","article_publisher":"https:\/\/www.facebook.com\/autocritica.ro","article_modified_time":"2026-01-14T11:53:32+00:00","og_image":[{"width":2400,"height":1801,"url":"https:\/\/www.autocritica.ro\/wp-content\/uploads\/2025\/01\/volkswagen-id.7-1.jpg","type":"image\/jpeg"}],"twitter_card":"summary_large_image","twitter_misc":{"Est. reading time":"1 minute"},"schema":{"@context":"https:\/\/schema.org","@graph":[{"@type":"WebPage","@id":"https:\/\/www.autocritica.ro\/en\/live-news\/volkswagen-vanzarile-de-electrice-in-europa-au-crescut-cu-49-in-2025\/","url":"https:\/\/www.autocritica.ro\/en\/live-news\/volkswagen-vanzarile-de-electrice-in-europa-au-crescut-cu-49-in-2025\/","name":"Volkswagen: v\u00e2nz\u0103rile de electrice \u00een Europa au crescut cu 49% \u00een 2025 - Autocritica","isPartOf":{"@id":"https:\/\/www.autocritica.ro\/en\/#website"},"primaryImageOfPage":{"@id":"https:\/\/www.autocritica.ro\/en\/live-news\/volkswagen-vanzarile-de-electrice-in-europa-au-crescut-cu-49-in-2025\/#primaryimage"},"image":{"@id":"https:\/\/www.autocritica.ro\/en\/live-news\/volkswagen-vanzarile-de-electrice-in-europa-au-crescut-cu-49-in-2025\/#primaryimage"},"thumbnailUrl":"https:\/\/www.autocritica.ro\/wp-content\/uploads\/2025\/01\/volkswagen-id.7-1.jpg","datePublished":"2026-01-14T11:52:59+00:00","dateModified":"2026-01-14T11:53:32+00:00","breadcrumb":{"@id":"https:\/\/www.autocritica.ro\/en\/live-news\/volkswagen-vanzarile-de-electrice-in-europa-au-crescut-cu-49-in-2025\/#breadcrumb"},"inLanguage":"en-US","potentialAction":[{"@type":"ReadAction","target":["https:\/\/www.autocritica.ro\/en\/live-news\/volkswagen-vanzarile-de-electrice-in-europa-au-crescut-cu-49-in-2025\/"]}]},{"@type":"ImageObject","inLanguage":"en-US","@id":"https:\/\/www.autocritica.ro\/en\/live-news\/volkswagen-vanzarile-de-electrice-in-europa-au-crescut-cu-49-in-2025\/#primaryimage","url":"https:\/\/www.autocritica.ro\/wp-content\/uploads\/2025\/01\/volkswagen-id.7-1.jpg","contentUrl":"https:\/\/www.autocritica.ro\/wp-content\/uploads\/2025\/01\/volkswagen-id.7-1.jpg","width":2400,"height":1801},{"@type":"BreadcrumbList","@id":"https:\/\/www.autocritica.ro\/en\/live-news\/volkswagen-vanzarile-de-electrice-in-europa-au-crescut-cu-49-in-2025\/#breadcrumb","itemListElement":[{"@type":"ListItem","position":1,"name":"Home","item":"https:\/\/www.autocritica.ro\/en\/"},{"@type":"ListItem","position":2,"name":"Live News","item":"https:\/\/www.autocritica.ro\/en\/live-news\/"},{"@type":"ListItem","position":3,"name":"Volkswagen: v\u00e2nz\u0103rile de electrice \u00een Europa au crescut cu 49% \u00een 2025"}]},{"@type":"WebSite","@id":"https:\/\/www.autocritica.ro\/en\/#website","url":"https:\/\/www.autocritica.ro\/en\/","name":"Autocritica","description":"","publisher":{"@id":"https:\/\/www.autocritica.ro\/en\/#organization"},"potentialAction":[{"@type":"SearchAction","target":{"@type":"EntryPoint","urlTemplate":"https:\/\/www.autocritica.ro\/en\/?s={search_term_string}"},"query-input":{"@type":"PropertyValueSpecification","valueRequired":true,"valueName":"search_term_string"}}],"inLanguage":"en-US"},{"@type":"Organization","@id":"https:\/\/www.autocritica.ro\/en\/#organization","name":"Autocritica","url":"https:\/\/www.autocritica.ro\/en\/","logo":{"@type":"ImageObject","inLanguage":"en-US","@id":"https:\/\/www.autocritica.ro\/en\/#\/schema\/logo\/image\/","url":"https:\/\/www.autocritica.ro\/wp-content\/uploads\/2020\/12\/logo-negru.png","contentUrl":"https:\/\/www.autocritica.ro\/wp-content\/uploads\/2020\/12\/logo-negru.png","width":300,"height":102,"caption":"Autocritica"},"image":{"@id":"https:\/\/www.autocritica.ro\/en\/#\/schema\/logo\/image\/"},"sameAs":["https:\/\/www.facebook.com\/autocritica.ro","https:\/\/www.instagram.com\/autocritica.ro\/"]}]}},"_links":{"self":[{"href":"https:\/\/www.autocritica.ro\/en\/wp-json\/wp\/v2\/live-news\/268017","targetHints":{"allow":["GET"]}}],"collection":[{"href":"https:\/\/www.autocritica.ro\/en\/wp-json\/wp\/v2\/live-news"}],"about":[{"href":"https:\/\/www.autocritica.ro\/en\/wp-json\/wp\/v2\/types\/live-news"}],"author":[{"embeddable":true,"href":"https:\/\/www.autocritica.ro\/en\/wp-json\/wp\/v2\/users\/16"}],"replies":[{"embeddable":true,"href":"https:\/\/www.autocritica.ro\/en\/wp-json\/wp\/v2\/comments?post=268017"}],"version-history":[{"count":3,"href":"https:\/\/www.autocritica.ro\/en\/wp-json\/wp\/v2\/live-news\/268017\/revisions"}],"predecessor-version":[{"id":268020,"href":"https:\/\/www.autocritica.ro\/en\/wp-json\/wp\/v2\/live-news\/268017\/revisions\/268020"}],"wp:featuredmedia":[{"embeddable":true,"href":"https:\/\/www.autocritica.ro\/en\/wp-json\/wp\/v2\/media\/133594"}],"wp:attachment":[{"href":"https:\/\/www.autocritica.ro\/en\/wp-json\/wp\/v2\/media?parent=268017"}],"wp:term":[{"taxonomy":"post_tag","embeddable":true,"href":"https:\/\/www.autocritica.ro\/en\/wp-json\/wp\/v2\/tags?post=268017"}],"curies":[{"name":"wp","href":"https:\/\/api.w.org\/{rel}","templated":true}]}}