{"id":268005,"date":"2026-01-13T16:19:07","date_gmt":"2026-01-13T13:19:07","guid":{"rendered":"https:\/\/www.autocritica.ro\/?post_type=live-news&#038;p=268005"},"modified":"2026-01-13T16:19:37","modified_gmt":"2026-01-13T13:19:37","slug":"rezumatul-dakar-2026-etapa-9-dacia-pierde-primul-loc-la-general","status":"publish","type":"live-news","link":"https:\/\/www.autocritica.ro\/en\/live-news\/rezumatul-dakar-2026-etapa-9-dacia-pierde-primul-loc-la-general\/","title":{"rendered":"Rezumatul Dakar 2026, etapa 9: Dacia pierde primul loc la general"},"content":{"rendered":"\n<p>\u2022 S-a \u00eencheiat etapa a noua a Raliului Dakar 2026. Concuren\u021bii au avut de parcurs 541 km de prob\u0103 \u00eencheiat\u0103 \u00eentr-un bivuac-refugiu f\u0103r\u0103 echipe de asisten\u021b\u0103.<\/p>\n\n\n\n<p>\u2022 La clasa Auto, c\u00e2\u0219tig\u0103tor a fost echipajul polonez format din Eryk Goczal \u0219i Szymon Gospodarczyk. Echipa Energylandia Rally Team a f\u0103cut \u201cdubla\u201d dup\u0103 ce Michal Goczal \u0219i Diego Ortega au fost pe locul al doilea, la 7 minute \u0219i 45 de secunde \u00een spatele liderilor. Pe ultima treapt\u0103 a podiumului de etap\u0103 au sosit Toby Price \u0219i Armand Monleon (Toyota Gazoo Racing) cu o \u00eent\u00e2rziere de 11 minute \u0219i 36 de secunde fa\u021b\u0103 de c\u00e2\u0219tig\u0103tor.<\/p>\n\n\n\n<p>\u2022 Rezultatele echipajelor Dacia Sandriders \u00een etapa a noua: Cristina Gutierrez (locul 6; +14 min 49s), Nasser Al-Attiyah (locul 17; +26 min 23s), S\u00e9bastien Loeb (locul 22; +28 min 54s) \u0219i Lucas Moraes (locul 26; +32 min 7s).<\/p>\n\n\n\n<p>\u2022 \u00cen urma rezultatelor de ast\u0103zi, Nasser Al-Attiyah a pierdut pozi\u021bia de lider \u00een clasamentul general, dup\u0103 ce a fost pe primul loc pentru trei zile consecutive.<\/p>\n\n\n\n<p>\u2022 Clasamentul Dakar 2026 dup\u0103 a noua etap\u0103 \u00een categoria Auto:<\/p>\n\n\n\n<p>1. Nani Roma \u2013 Alex Haro (Ford Racing)<\/p>\n\n\n\n<p>2. Carlos Sainz \u2013 Lucas Cruz (Ford Racing): + 57s<\/p>\n\n\n\n<p>3. Nasser Al-Attiyah \u2013 Fabian Lurquin (Dacia Sandriders): +1 min 10s<\/p>\n\n\n\n<p>4. Henk Lategan \u2013 Brett Cummings (Toyota Gazoo Racing W2RC): +6 min 13s<\/p>\n\n\n\n<p>5. Mattias Ekstr\u00f6m \u2013 Emil Bergkvist (Ford Racing): + 11min 19s<\/p>\n\n\n\n<p>6. S\u00e9bastien Loeb \u2013 Edouard Boulanger (Dacia Sandriders): + 21 min 6s<\/p>\n\n\n\n<p>7. Toby Price \u2013 Armand Monleon (Toyota Gazoo Racing): + 26 min 49s<\/p>\n\n\n\n<p>8. Lucas Moraes \u2013 Dennis Zenz (Dacia Sandriders): + 36 min 49s<\/p>\n\n\n\n<p>9. Mathieu Serradori \u2013 Loin Minaudier (Century Racing): + 41min 4s<\/p>\n\n\n\n<p>10. Cristina Gutierrez \u2013 Pablo Moreno (Dacia Sandriders): + 49 min 22s<\/p>\n\n\n\n<p>\u2022 \u00cen clasa Original by Motul (categorie f\u0103r\u0103 echip\u0103 de asisten\u021b\u0103 tehnic\u0103), riderul <a href=\"https:\/\/www.facebook.com\/ManiGyenes?__cft__%5b0%5d=AZYdQUySFtvm9n5Guc0vvK9sGpk7soZgqfpfA47EpRIQpBG4Xaq_gDffHnweZFBZ-R5U_vN27QDJVPdBXz-fs_V4msCnUX1Sb9SeA7YptczdzlZURnCZOQc4TSUF-HfmVeMCvh-rNbNHKWXqgaJRN_0v0k9dQbiH-v9Nb2T42Wi2beikzIocUbwkXFGMk-wLy9Y&amp;__tn__=-%5dK-R\"><strong>Emanuel Gyenes &#8211; Mani<\/strong><\/a> continu\u0103 competi\u021bia. \u00cen ziua a noua, acesta a \u00eencheiat pe locul al patrulea al categoriei, cu o \u00eent\u00e2rziere de peste 22 de minute fa\u021b\u0103 de lider. Evolu\u021bia lui Mani \u00een Dakar 2026 este afectat\u0103 de accidentarea suferit\u0103 pe finalul etapei a treia.<\/p>\n\n\n\n<p>\u2022 Clasamentul Dakar 2026 dup\u0103 a noua etap\u0103 \u00een categoria Original by Motul:<\/p>\n\n\n\n<p>1. Josep Pedro<\/p>\n\n\n\n<p>2. Benjamin Melot: + 29s<\/p>\n\n\n\n<p>3. Jerome Martiny; + 42min 31s<\/p>\n\n\n\n<p>4. Emanuel Gyenes; + 2ore 11min<\/p>\n\n\n\n<p>5. Javi Vega; + 2 ore \u0219i 54 min<\/p>\n\n\n\n<p>\u2022 Foto: IMAGO<\/p>\n","protected":false},"author":16,"featured_media":268007,"comment_status":"closed","ping_status":"closed","template":"","meta":{"_acf_changed":false,"footnotes":""},"tags":[6408],"class_list":["post-268005","live-news","type-live-news","status-publish","has-post-thumbnail","hentry","tag-dakar-2026"],"acf":[],"yoast_head":"<!-- This site is optimized with the Yoast SEO Premium plugin v27.5 (Yoast SEO v27.5) - https:\/\/yoast.com\/product\/yoast-seo-premium-wordpress\/ -->\n<title>Rezumatul Dakar 2026, etapa 9: Dacia pierde primul loc la general - Autocritica<\/title>\n<meta name=\"robots\" content=\"index, follow, max-snippet:-1, max-image-preview:large, max-video-preview:-1\" \/>\n<link rel=\"canonical\" href=\"https:\/\/www.autocritica.ro\/en\/live-news\/rezumatul-dakar-2026-etapa-9-dacia-pierde-primul-loc-la-general\/\" \/>\n<meta property=\"og:locale\" content=\"en_US\" \/>\n<meta property=\"og:type\" content=\"article\" \/>\n<meta property=\"og:title\" content=\"Rezumatul Dakar 2026, etapa 9: Dacia pierde primul loc la general\" \/>\n<meta property=\"og:description\" content=\"\u2022 S-a \u00eencheiat etapa a noua a Raliului Dakar 2026. Concuren\u021bii au avut de parcurs 541 km de prob\u0103 \u00eencheiat\u0103 \u00eentr-un bivuac-refugiu f\u0103r\u0103 echipe de\" \/>\n<meta property=\"og:url\" content=\"https:\/\/www.autocritica.ro\/en\/live-news\/rezumatul-dakar-2026-etapa-9-dacia-pierde-primul-loc-la-general\/\" \/>\n<meta property=\"og:site_name\" content=\"Autocritica\" \/>\n<meta property=\"article:publisher\" content=\"https:\/\/www.facebook.com\/autocritica.ro\" \/>\n<meta property=\"article:modified_time\" content=\"2026-01-13T13:19:37+00:00\" \/>\n<meta property=\"og:image\" content=\"https:\/\/www.autocritica.ro\/wp-content\/uploads\/2026\/01\/imago1071200417-scaled.jpg\" \/>\n\t<meta property=\"og:image:width\" content=\"2560\" \/>\n\t<meta property=\"og:image:height\" content=\"1707\" \/>\n\t<meta property=\"og:image:type\" content=\"image\/jpeg\" \/>\n<meta name=\"twitter:card\" content=\"summary_large_image\" \/>\n<meta name=\"twitter:label1\" content=\"Est. reading time\" \/>\n\t<meta name=\"twitter:data1\" content=\"2 minutes\" \/>\n<script type=\"application\/ld+json\" class=\"yoast-schema-graph\">{\"@context\":\"https:\\\/\\\/schema.org\",\"@graph\":[{\"@type\":\"WebPage\",\"@id\":\"https:\\\/\\\/www.autocritica.ro\\\/en\\\/live-news\\\/rezumatul-dakar-2026-etapa-9-dacia-pierde-primul-loc-la-general\\\/\",\"url\":\"https:\\\/\\\/www.autocritica.ro\\\/en\\\/live-news\\\/rezumatul-dakar-2026-etapa-9-dacia-pierde-primul-loc-la-general\\\/\",\"name\":\"Rezumatul Dakar 2026, etapa 9: Dacia pierde primul loc la general - Autocritica\",\"isPartOf\":{\"@id\":\"https:\\\/\\\/www.autocritica.ro\\\/en\\\/#website\"},\"primaryImageOfPage\":{\"@id\":\"https:\\\/\\\/www.autocritica.ro\\\/en\\\/live-news\\\/rezumatul-dakar-2026-etapa-9-dacia-pierde-primul-loc-la-general\\\/#primaryimage\"},\"image\":{\"@id\":\"https:\\\/\\\/www.autocritica.ro\\\/en\\\/live-news\\\/rezumatul-dakar-2026-etapa-9-dacia-pierde-primul-loc-la-general\\\/#primaryimage\"},\"thumbnailUrl\":\"https:\\\/\\\/www.autocritica.ro\\\/wp-content\\\/uploads\\\/2026\\\/01\\\/imago1071200417-scaled.jpg\",\"datePublished\":\"2026-01-13T13:19:07+00:00\",\"dateModified\":\"2026-01-13T13:19:37+00:00\",\"breadcrumb\":{\"@id\":\"https:\\\/\\\/www.autocritica.ro\\\/en\\\/live-news\\\/rezumatul-dakar-2026-etapa-9-dacia-pierde-primul-loc-la-general\\\/#breadcrumb\"},\"inLanguage\":\"en-US\",\"potentialAction\":[{\"@type\":\"ReadAction\",\"target\":[\"https:\\\/\\\/www.autocritica.ro\\\/en\\\/live-news\\\/rezumatul-dakar-2026-etapa-9-dacia-pierde-primul-loc-la-general\\\/\"]}]},{\"@type\":\"ImageObject\",\"inLanguage\":\"en-US\",\"@id\":\"https:\\\/\\\/www.autocritica.ro\\\/en\\\/live-news\\\/rezumatul-dakar-2026-etapa-9-dacia-pierde-primul-loc-la-general\\\/#primaryimage\",\"url\":\"https:\\\/\\\/www.autocritica.ro\\\/wp-content\\\/uploads\\\/2026\\\/01\\\/imago1071200417-scaled.jpg\",\"contentUrl\":\"https:\\\/\\\/www.autocritica.ro\\\/wp-content\\\/uploads\\\/2026\\\/01\\\/imago1071200417-scaled.jpg\",\"width\":2560,\"height\":1707,\"caption\":\"DAKAR 2026 - STAGE 9 205 GOCZAL Eryk pol, GOSPODARCZYK Szymon pol, Energylandia Rally Team, Toyota, Ultimate, action during the Stage 9 of the Dakar 2026, on January 13, 2026 between Wadi Ad-Dawasir and Bivouac Refuge, Saudi Arabia - Wadi Ad-DawasirSaudi Arabia PUBLICATIONxNOTxINxFRAxBEL Copyright: xJULIENxDELFOSSEx\"},{\"@type\":\"BreadcrumbList\",\"@id\":\"https:\\\/\\\/www.autocritica.ro\\\/en\\\/live-news\\\/rezumatul-dakar-2026-etapa-9-dacia-pierde-primul-loc-la-general\\\/#breadcrumb\",\"itemListElement\":[{\"@type\":\"ListItem\",\"position\":1,\"name\":\"Home\",\"item\":\"https:\\\/\\\/www.autocritica.ro\\\/en\\\/\"},{\"@type\":\"ListItem\",\"position\":2,\"name\":\"Live News\",\"item\":\"https:\\\/\\\/www.autocritica.ro\\\/en\\\/live-news\\\/\"},{\"@type\":\"ListItem\",\"position\":3,\"name\":\"Rezumatul Dakar 2026, etapa 9: Dacia pierde primul loc la general\"}]},{\"@type\":\"WebSite\",\"@id\":\"https:\\\/\\\/www.autocritica.ro\\\/en\\\/#website\",\"url\":\"https:\\\/\\\/www.autocritica.ro\\\/en\\\/\",\"name\":\"Autocritica\",\"description\":\"\",\"publisher\":{\"@id\":\"https:\\\/\\\/www.autocritica.ro\\\/en\\\/#organization\"},\"potentialAction\":[{\"@type\":\"SearchAction\",\"target\":{\"@type\":\"EntryPoint\",\"urlTemplate\":\"https:\\\/\\\/www.autocritica.ro\\\/en\\\/?s={search_term_string}\"},\"query-input\":{\"@type\":\"PropertyValueSpecification\",\"valueRequired\":true,\"valueName\":\"search_term_string\"}}],\"inLanguage\":\"en-US\"},{\"@type\":\"Organization\",\"@id\":\"https:\\\/\\\/www.autocritica.ro\\\/en\\\/#organization\",\"name\":\"Autocritica\",\"url\":\"https:\\\/\\\/www.autocritica.ro\\\/en\\\/\",\"logo\":{\"@type\":\"ImageObject\",\"inLanguage\":\"en-US\",\"@id\":\"https:\\\/\\\/www.autocritica.ro\\\/en\\\/#\\\/schema\\\/logo\\\/image\\\/\",\"url\":\"https:\\\/\\\/www.autocritica.ro\\\/wp-content\\\/uploads\\\/2020\\\/12\\\/logo-negru.png\",\"contentUrl\":\"https:\\\/\\\/www.autocritica.ro\\\/wp-content\\\/uploads\\\/2020\\\/12\\\/logo-negru.png\",\"width\":300,\"height\":102,\"caption\":\"Autocritica\"},\"image\":{\"@id\":\"https:\\\/\\\/www.autocritica.ro\\\/en\\\/#\\\/schema\\\/logo\\\/image\\\/\"},\"sameAs\":[\"https:\\\/\\\/www.facebook.com\\\/autocritica.ro\",\"https:\\\/\\\/www.instagram.com\\\/autocritica.ro\\\/\"]}]}<\/script>\n<!-- \/ Yoast SEO Premium plugin. -->","yoast_head_json":{"title":"Rezumatul Dakar 2026, etapa 9: Dacia pierde primul loc la general - Autocritica","robots":{"index":"index","follow":"follow","max-snippet":"max-snippet:-1","max-image-preview":"max-image-preview:large","max-video-preview":"max-video-preview:-1"},"canonical":"https:\/\/www.autocritica.ro\/en\/live-news\/rezumatul-dakar-2026-etapa-9-dacia-pierde-primul-loc-la-general\/","og_locale":"en_US","og_type":"article","og_title":"Rezumatul Dakar 2026, etapa 9: Dacia pierde primul loc la general","og_description":"\u2022 S-a \u00eencheiat etapa a noua a Raliului Dakar 2026. Concuren\u021bii au avut de parcurs 541 km de prob\u0103 \u00eencheiat\u0103 \u00eentr-un bivuac-refugiu f\u0103r\u0103 echipe de","og_url":"https:\/\/www.autocritica.ro\/en\/live-news\/rezumatul-dakar-2026-etapa-9-dacia-pierde-primul-loc-la-general\/","og_site_name":"Autocritica","article_publisher":"https:\/\/www.facebook.com\/autocritica.ro","article_modified_time":"2026-01-13T13:19:37+00:00","og_image":[{"width":2560,"height":1707,"url":"https:\/\/www.autocritica.ro\/wp-content\/uploads\/2026\/01\/imago1071200417-scaled.jpg","type":"image\/jpeg"}],"twitter_card":"summary_large_image","twitter_misc":{"Est. reading time":"2 minutes"},"schema":{"@context":"https:\/\/schema.org","@graph":[{"@type":"WebPage","@id":"https:\/\/www.autocritica.ro\/en\/live-news\/rezumatul-dakar-2026-etapa-9-dacia-pierde-primul-loc-la-general\/","url":"https:\/\/www.autocritica.ro\/en\/live-news\/rezumatul-dakar-2026-etapa-9-dacia-pierde-primul-loc-la-general\/","name":"Rezumatul Dakar 2026, etapa 9: Dacia pierde primul loc la general - Autocritica","isPartOf":{"@id":"https:\/\/www.autocritica.ro\/en\/#website"},"primaryImageOfPage":{"@id":"https:\/\/www.autocritica.ro\/en\/live-news\/rezumatul-dakar-2026-etapa-9-dacia-pierde-primul-loc-la-general\/#primaryimage"},"image":{"@id":"https:\/\/www.autocritica.ro\/en\/live-news\/rezumatul-dakar-2026-etapa-9-dacia-pierde-primul-loc-la-general\/#primaryimage"},"thumbnailUrl":"https:\/\/www.autocritica.ro\/wp-content\/uploads\/2026\/01\/imago1071200417-scaled.jpg","datePublished":"2026-01-13T13:19:07+00:00","dateModified":"2026-01-13T13:19:37+00:00","breadcrumb":{"@id":"https:\/\/www.autocritica.ro\/en\/live-news\/rezumatul-dakar-2026-etapa-9-dacia-pierde-primul-loc-la-general\/#breadcrumb"},"inLanguage":"en-US","potentialAction":[{"@type":"ReadAction","target":["https:\/\/www.autocritica.ro\/en\/live-news\/rezumatul-dakar-2026-etapa-9-dacia-pierde-primul-loc-la-general\/"]}]},{"@type":"ImageObject","inLanguage":"en-US","@id":"https:\/\/www.autocritica.ro\/en\/live-news\/rezumatul-dakar-2026-etapa-9-dacia-pierde-primul-loc-la-general\/#primaryimage","url":"https:\/\/www.autocritica.ro\/wp-content\/uploads\/2026\/01\/imago1071200417-scaled.jpg","contentUrl":"https:\/\/www.autocritica.ro\/wp-content\/uploads\/2026\/01\/imago1071200417-scaled.jpg","width":2560,"height":1707,"caption":"DAKAR 2026 - STAGE 9 205 GOCZAL Eryk pol, GOSPODARCZYK Szymon pol, Energylandia Rally Team, Toyota, Ultimate, action during the Stage 9 of the Dakar 2026, on January 13, 2026 between Wadi Ad-Dawasir and Bivouac Refuge, Saudi Arabia - Wadi Ad-DawasirSaudi Arabia PUBLICATIONxNOTxINxFRAxBEL Copyright: xJULIENxDELFOSSEx"},{"@type":"BreadcrumbList","@id":"https:\/\/www.autocritica.ro\/en\/live-news\/rezumatul-dakar-2026-etapa-9-dacia-pierde-primul-loc-la-general\/#breadcrumb","itemListElement":[{"@type":"ListItem","position":1,"name":"Home","item":"https:\/\/www.autocritica.ro\/en\/"},{"@type":"ListItem","position":2,"name":"Live News","item":"https:\/\/www.autocritica.ro\/en\/live-news\/"},{"@type":"ListItem","position":3,"name":"Rezumatul Dakar 2026, etapa 9: Dacia pierde primul loc la general"}]},{"@type":"WebSite","@id":"https:\/\/www.autocritica.ro\/en\/#website","url":"https:\/\/www.autocritica.ro\/en\/","name":"Autocritica","description":"","publisher":{"@id":"https:\/\/www.autocritica.ro\/en\/#organization"},"potentialAction":[{"@type":"SearchAction","target":{"@type":"EntryPoint","urlTemplate":"https:\/\/www.autocritica.ro\/en\/?s={search_term_string}"},"query-input":{"@type":"PropertyValueSpecification","valueRequired":true,"valueName":"search_term_string"}}],"inLanguage":"en-US"},{"@type":"Organization","@id":"https:\/\/www.autocritica.ro\/en\/#organization","name":"Autocritica","url":"https:\/\/www.autocritica.ro\/en\/","logo":{"@type":"ImageObject","inLanguage":"en-US","@id":"https:\/\/www.autocritica.ro\/en\/#\/schema\/logo\/image\/","url":"https:\/\/www.autocritica.ro\/wp-content\/uploads\/2020\/12\/logo-negru.png","contentUrl":"https:\/\/www.autocritica.ro\/wp-content\/uploads\/2020\/12\/logo-negru.png","width":300,"height":102,"caption":"Autocritica"},"image":{"@id":"https:\/\/www.autocritica.ro\/en\/#\/schema\/logo\/image\/"},"sameAs":["https:\/\/www.facebook.com\/autocritica.ro","https:\/\/www.instagram.com\/autocritica.ro\/"]}]}},"_links":{"self":[{"href":"https:\/\/www.autocritica.ro\/en\/wp-json\/wp\/v2\/live-news\/268005","targetHints":{"allow":["GET"]}}],"collection":[{"href":"https:\/\/www.autocritica.ro\/en\/wp-json\/wp\/v2\/live-news"}],"about":[{"href":"https:\/\/www.autocritica.ro\/en\/wp-json\/wp\/v2\/types\/live-news"}],"author":[{"embeddable":true,"href":"https:\/\/www.autocritica.ro\/en\/wp-json\/wp\/v2\/users\/16"}],"replies":[{"embeddable":true,"href":"https:\/\/www.autocritica.ro\/en\/wp-json\/wp\/v2\/comments?post=268005"}],"version-history":[{"count":3,"href":"https:\/\/www.autocritica.ro\/en\/wp-json\/wp\/v2\/live-news\/268005\/revisions"}],"predecessor-version":[{"id":268010,"href":"https:\/\/www.autocritica.ro\/en\/wp-json\/wp\/v2\/live-news\/268005\/revisions\/268010"}],"wp:featuredmedia":[{"embeddable":true,"href":"https:\/\/www.autocritica.ro\/en\/wp-json\/wp\/v2\/media\/268007"}],"wp:attachment":[{"href":"https:\/\/www.autocritica.ro\/en\/wp-json\/wp\/v2\/media?parent=268005"}],"wp:term":[{"taxonomy":"post_tag","embeddable":true,"href":"https:\/\/www.autocritica.ro\/en\/wp-json\/wp\/v2\/tags?post=268005"}],"curies":[{"name":"wp","href":"https:\/\/api.w.org\/{rel}","templated":true}]}}