{"id":267964,"date":"2026-01-13T11:24:25","date_gmt":"2026-01-13T08:24:25","guid":{"rendered":"https:\/\/www.autocritica.ro\/?post_type=live-news&#038;p=267964"},"modified":"2026-01-13T11:24:54","modified_gmt":"2026-01-13T08:24:54","slug":"noul-suv-renault-filante","status":"publish","type":"live-news","link":"https:\/\/www.autocritica.ro\/en\/live-news\/noul-suv-renault-filante\/","title":{"rendered":"Noul SUV Renault Filante"},"content":{"rendered":"\n<p>\u2022 Renault a publicat primele imagini \u0219i detalii referitoare la noul model Filante.<\/p>\n\n\n\n<p>\u2022 Noul SUV este dezvoltat pe arhitectura CMA \u0219i va fi produs \u00een Coreea de Sud.<\/p>\n\n\n\n<p>\u2022 Motorizare full-hybrid cu 250 CP \u0219i 565 Nm: motor pe benzin\u0103 turbo de 1,5 litri (150 CP) + dou\u0103 motoare electrice (136 CP \u0219i 82 CP) integrate \u00een transmisia automat\u0103 multimodal\u0103. Baterie de 1,64 kWh.<\/p>\n\n\n\n<p>\u2022 Plan\u0219\u0103 de bord care integreaz\u0103 3 ecrane de 12,3 inchi fiecare (instrumentarul digital, sistemul multimedia \u0219i display-ul pentru pasager). Ansamblul este denumit OpenR Panorama Screen. Head-up display cu realitate augmentat\u0103 de 25,6 inchi.<\/p>\n\n\n\n<p>\u2022 Filante este cel mai lung model Renault (4.915 mm). 1.890 mm l\u0103\u021bime \u0219i 1.635 mm \u00een\u0103l\u021bime.<\/p>\n\n\n\n<p>\u2022 Portbagaj de 633 de litri (p\u00e2n\u0103 la 2.050 litri prin rabatarea scaunelor spate).<\/p>\n\n\n\n<p>\u2022 Proiectat de Renault Technocentre din Fran\u021ba \u00een colaborare cu Renault Design Center Seul.<\/p>\n\n\n\n<p>\u2022 Noul Filante va fi lansat ini\u021bial \u00een Coreea de Sud \u00een martie 2026. Ulterior, SUV-ul va ajunge \u00een America Latin\u0103 \u0219i statele din Golf.<\/p>\n\n\n\n<p>\u2022 Via: Renault<\/p>\n\n\n\n<figure class=\"wp-block-gallery has-nested-images columns-default is-cropped wp-block-gallery-1 is-layout-flex wp-block-gallery-is-layout-flex\">\n<figure class=\"wp-block-image size-large\"><a href=\"https:\/\/www.autocritica.ro\/wp-content\/uploads\/2026\/01\/R-DAM_1733856.jpg\" data-lbwps-width=\"4000\" data-lbwps-height=\"2250\" data-lbwps-srcsmall=\"https:\/\/www.autocritica.ro\/wp-content\/uploads\/2026\/01\/R-DAM_1733856-300x169.jpg\"><img loading=\"lazy\" decoding=\"async\" width=\"1024\" height=\"576\" data-id=\"267979\" src=\"https:\/\/www.autocritica.ro\/wp-content\/uploads\/2026\/01\/R-DAM_1733856-1024x576.jpg\" alt=\"\" class=\"wp-image-267979\" srcset=\"https:\/\/www.autocritica.ro\/wp-content\/uploads\/2026\/01\/R-DAM_1733856-1024x576.jpg 1024w, https:\/\/www.autocritica.ro\/wp-content\/uploads\/2026\/01\/R-DAM_1733856-300x169.jpg 300w, https:\/\/www.autocritica.ro\/wp-content\/uploads\/2026\/01\/R-DAM_1733856-768x432.jpg 768w, https:\/\/www.autocritica.ro\/wp-content\/uploads\/2026\/01\/R-DAM_1733856-1536x864.jpg 1536w, https:\/\/www.autocritica.ro\/wp-content\/uploads\/2026\/01\/R-DAM_1733856-2048x1152.jpg 2048w\" sizes=\"auto, (max-width: 1024px) 100vw, 1024px\" \/><\/a><\/figure>\n\n\n\n<figure class=\"wp-block-image size-large\"><a href=\"https:\/\/www.autocritica.ro\/wp-content\/uploads\/2026\/01\/R-DAM_1733871.jpg\" data-lbwps-width=\"4000\" data-lbwps-height=\"2250\" data-lbwps-srcsmall=\"https:\/\/www.autocritica.ro\/wp-content\/uploads\/2026\/01\/R-DAM_1733871-300x169.jpg\"><img loading=\"lazy\" decoding=\"async\" width=\"1024\" height=\"576\" data-id=\"267968\" src=\"https:\/\/www.autocritica.ro\/wp-content\/uploads\/2026\/01\/R-DAM_1733871-1024x576.jpg\" alt=\"\" class=\"wp-image-267968\" srcset=\"https:\/\/www.autocritica.ro\/wp-content\/uploads\/2026\/01\/R-DAM_1733871-1024x576.jpg 1024w, https:\/\/www.autocritica.ro\/wp-content\/uploads\/2026\/01\/R-DAM_1733871-300x169.jpg 300w, https:\/\/www.autocritica.ro\/wp-content\/uploads\/2026\/01\/R-DAM_1733871-768x432.jpg 768w, https:\/\/www.autocritica.ro\/wp-content\/uploads\/2026\/01\/R-DAM_1733871-1536x864.jpg 1536w, https:\/\/www.autocritica.ro\/wp-content\/uploads\/2026\/01\/R-DAM_1733871-2048x1152.jpg 2048w\" sizes=\"auto, (max-width: 1024px) 100vw, 1024px\" \/><\/a><\/figure>\n\n\n\n<figure class=\"wp-block-image size-large\"><a href=\"https:\/\/www.autocritica.ro\/wp-content\/uploads\/2026\/01\/R-DAM_1733916.jpg\" data-lbwps-width=\"4000\" data-lbwps-height=\"2250\" data-lbwps-srcsmall=\"https:\/\/www.autocritica.ro\/wp-content\/uploads\/2026\/01\/R-DAM_1733916-300x169.jpg\"><img loading=\"lazy\" decoding=\"async\" width=\"1024\" height=\"576\" data-id=\"267975\" src=\"https:\/\/www.autocritica.ro\/wp-content\/uploads\/2026\/01\/R-DAM_1733916-1024x576.jpg\" alt=\"\" class=\"wp-image-267975\" srcset=\"https:\/\/www.autocritica.ro\/wp-content\/uploads\/2026\/01\/R-DAM_1733916-1024x576.jpg 1024w, https:\/\/www.autocritica.ro\/wp-content\/uploads\/2026\/01\/R-DAM_1733916-300x169.jpg 300w, https:\/\/www.autocritica.ro\/wp-content\/uploads\/2026\/01\/R-DAM_1733916-768x432.jpg 768w, https:\/\/www.autocritica.ro\/wp-content\/uploads\/2026\/01\/R-DAM_1733916-1536x864.jpg 1536w, https:\/\/www.autocritica.ro\/wp-content\/uploads\/2026\/01\/R-DAM_1733916-2048x1152.jpg 2048w\" sizes=\"auto, (max-width: 1024px) 100vw, 1024px\" \/><\/a><\/figure>\n\n\n\n<figure class=\"wp-block-image size-large\"><a href=\"https:\/\/www.autocritica.ro\/wp-content\/uploads\/2026\/01\/R-DAM_1733928.jpg\" data-lbwps-width=\"4000\" data-lbwps-height=\"2250\" data-lbwps-srcsmall=\"https:\/\/www.autocritica.ro\/wp-content\/uploads\/2026\/01\/R-DAM_1733928-300x169.jpg\" data-lbwps-caption=\"ProEXR File Description&lt;br \/&gt;\r&lt;br \/&gt;\r=Attributes=&lt;br \/&gt;\rcameraAperture (float): 36&lt;br \/&gt;\rcameraFNumber (float): 5&lt;br \/&gt;\rcameraFarClip (float): 100000&lt;br \/&gt;\rcameraFarRange (float): 1e+18&lt;br \/&gt;\rcameraFocalLength (float): 19.0477&lt;br \/&gt;\rcameraFov (float): 83.9743&lt;br \/&gt;\rcameraNearClip (float): 0.01&lt;br \/&gt;\rcameraNearRange (float): 0&lt;br \/&gt;\rcameraProjection (int): 0&lt;br \/&gt;\rcameraTargetDistance (float): 40&lt;br \/&gt;\rcameraTransform (m44f): [{-0.751849, -0.594515, -0.285087, -50.8401}, {-0.0229368, 0.455707, -0.889834, 111.766}, {0.658936, -0.662482, -0.35626, -97.7753}, {0, 0, 0, 1}]&lt;br \/&gt;\rchannels (chlist)&lt;br \/&gt;\rcompression (compression): DWAA&lt;br \/&gt;\rdataWindow (box2i): [0, 0, 3999, 4469]&lt;br \/&gt;\rdisplayWindow (box2i): [0, 1565, 3999, 3799]&lt;br \/&gt;\rlineOrder (lineOrder): Increasing Y&lt;br \/&gt;\rpixelAspectRatio (float): 1&lt;br \/&gt;\rscreenWindowCenter (v2f): [0, 0]&lt;br \/&gt;\rscreenWindowWidth (float): 1&lt;br \/&gt;\rtype (string): &amp;#8220;scanlineimage&amp;#8221;&lt;br \/&gt;\rvfb2_layers_json (string): &amp;#8220;{&amp;#8220;Version&amp;#8221;:1,&amp;#8221;class&amp;#8221;:&amp;#8221;root&amp;#8221;,&amp;#8221;properties&amp;#8221;:{&amp;#8220;version&amp;#8221;:1,&amp;#8221;name&amp;#8221;:&amp;#8221;&amp;#8221;,&amp;#8221;enable&amp;#8221;:true,&amp;#8221;expand&amp;#8221;:false,&amp;#8221;expandable&amp;#8221;:true},&amp;#8221;sub-layers&amp;#8221;:[{&amp;#8220;class&amp;#8221;:&amp;#8221;chaos.displayCorrection&amp;#8221;,&amp;#8221;properties&amp;#8221;:{&amp;#8220;version&amp;#8221;:1,&amp;#8221;name&amp;#8221;:&amp;#8221;Display Correction&amp;#8221;,&amp;#8221;enable&amp;#8221;:true,&amp;#8221;expand&amp;#8221;:true,&amp;#8221;expandable&amp;#8221;:true,&amp;#8221;profile&amp;#8221;:2,&amp;#8221;exposure&amp;#8221;:0.0,&amp;#8221;save_rgb_primitives&amp;#8221;:false,&amp;#8221;ocio_file&amp;#8221;:&amp;#8221;R:\/00_PIPE_TOOLS\/Pipeline\/library\/OpenColorIO-Configs\/aces_1.2\/config.ocio&amp;#8221;,&amp;#8221;ocio_colorspace&amp;#8221;:4,&amp;#8221;ocio_displaydevice&amp;#8221;:0,&amp;#8221;ocio_viewtransform&amp;#8221;:0,&amp;#8221;ocio_saveinimage&amp;#8221;:false,&amp;#8221;icc_file&amp;#8221;:&amp;#8221;&amp;#8221;,&amp;#8221;icc_profile_data&amp;#8221;:null,&amp;#8221;icc_rendintent&amp;#8221;:0,&amp;#8221;blkptconv&amp;#8221;:false},&amp;#8221;sub-layers&amp;#8221;:[{&amp;#8220;class&amp;#8221;:&amp;#8221;chaos.ref.sourcefolder&amp;#8221;,&amp;#8221;properties&amp;#8221;:{&amp;#8220;version&amp;#8221;:1,&amp;#8221;name&amp;#8221;:&amp;#8221;Source: LightMix&amp;#8221;,&amp;#8221;enable&amp;#8221;:true,&amp;#8221;expand&amp;#8221;:false,&amp;#8221;expandable&amp;#8221;:false,&amp;#8221;blend_mode&amp;#8221;:0,&amp;#8221;opacity&amp;#8221;:1.0,&amp;#8221;show_preview&amp;#8221;:true,&amp;#8221;src_type&amp;#8221;:2},&amp;#8221;sub-layers&amp;#8221;:[{&amp;#8220;class&amp;#8221;:&amp;#8221;chaos.ref.lightmix&amp;#8221;,&amp;#8221;properties&amp;#8221;:{&amp;#8220;version&amp;#8221;:1,&amp;#8221;name&amp;#8221;:&amp;#8221;LightMix&amp;#8221;,&amp;#8221;enable&amp;#8221;:true,&amp;#8221;expand&amp;#8221;:false,&amp;#8221;expandable&amp;#8221;:true,&amp;#8221;lmElem_on_All&amp;#8221;:true,&amp;#8221;lmElem_mult_All&amp;#8221;:1.0,&amp;#8221;lmElem_color_All&amp;#8221;:[1.0,1.0,1.0],&amp;#8221;lmElem_on_|ALPINE_rigged:ALPINE_prep:vrayLightMeshProperties4_lightlink|ALPINE_rigged:ALPINE_prep:VRayLightMeshLightLinking14&amp;#8243;:true,&amp;#8221;lmElem_mult_|ALPINE_rigged:ALPINE_prep:vrayLightMeshPro\"><img loading=\"lazy\" decoding=\"async\" width=\"1024\" height=\"576\" data-id=\"267972\" src=\"https:\/\/www.autocritica.ro\/wp-content\/uploads\/2026\/01\/R-DAM_1733928-1024x576.jpg\" alt=\"\" class=\"wp-image-267972\" srcset=\"https:\/\/www.autocritica.ro\/wp-content\/uploads\/2026\/01\/R-DAM_1733928-1024x576.jpg 1024w, https:\/\/www.autocritica.ro\/wp-content\/uploads\/2026\/01\/R-DAM_1733928-300x169.jpg 300w, https:\/\/www.autocritica.ro\/wp-content\/uploads\/2026\/01\/R-DAM_1733928-768x432.jpg 768w, https:\/\/www.autocritica.ro\/wp-content\/uploads\/2026\/01\/R-DAM_1733928-1536x864.jpg 1536w, https:\/\/www.autocritica.ro\/wp-content\/uploads\/2026\/01\/R-DAM_1733928-2048x1152.jpg 2048w\" sizes=\"auto, (max-width: 1024px) 100vw, 1024px\" \/><\/a><\/figure>\n\n\n\n<figure class=\"wp-block-image size-large\"><a href=\"https:\/\/www.autocritica.ro\/wp-content\/uploads\/2026\/01\/R-DAM_1734015.jpg\" data-lbwps-width=\"4000\" data-lbwps-height=\"2250\" data-lbwps-srcsmall=\"https:\/\/www.autocritica.ro\/wp-content\/uploads\/2026\/01\/R-DAM_1734015-300x169.jpg\" data-lbwps-caption=\"ProEXR File Description&lt;br \/&gt;\r&lt;br \/&gt;\r=Attributes=&lt;br \/&gt;\rcameraAperture (float): 36&lt;br \/&gt;\rcameraFNumber (float): 12&lt;br \/&gt;\rcameraFarClip (float): 10000&lt;br \/&gt;\rcameraFarRange (float): 1e+18&lt;br \/&gt;\rcameraFocalLength (float): 14.7502&lt;br \/&gt;\rcameraFov (float): 100.389&lt;br \/&gt;\rcameraNearClip (float): 0.1&lt;br \/&gt;\rcameraNearRange (float): 0&lt;br \/&gt;\rcameraProjection (int): 0&lt;br \/&gt;\rcameraTargetDistance (float): 88.5525&lt;br \/&gt;\rcameraTransform (m44f): [{-0.999976, 0.00662523, 0.00223562, 0.631885}, {0.000157228, 0.340952, -0.940081, 126.837}, {-0.00699049, -0.940057, -0.340944, -178.616}, {0, 0, 0, 1}]&lt;br \/&gt;\rchannels (chlist)&lt;br \/&gt;\rcompression (compression): DWAA&lt;br \/&gt;\rdataWindow (box2i): [0, 0, 7999, 8285]&lt;br \/&gt;\rdisplayWindow (box2i): [0, 0, 7999, 8285]&lt;br \/&gt;\rlineOrder (lineOrder): Increasing Y&lt;br \/&gt;\rpixelAspectRatio (float): 1&lt;br \/&gt;\rscreenWindowCenter (v2f): [0, 0]&lt;br \/&gt;\rscreenWindowWidth (float): 1&lt;br \/&gt;\rtype (string): &amp;#8220;scanlineimage&amp;#8221;&lt;br \/&gt;\rvfb2_layers_json (string): &amp;#8220;{&amp;#8220;Version&amp;#8221;:1,&amp;#8221;class&amp;#8221;:&amp;#8221;root&amp;#8221;,&amp;#8221;properties&amp;#8221;:{&amp;#8220;version&amp;#8221;:1,&amp;#8221;name&amp;#8221;:&amp;#8221;&amp;#8221;,&amp;#8221;enable&amp;#8221;:true,&amp;#8221;expand&amp;#8221;:false,&amp;#8221;expandable&amp;#8221;:true},&amp;#8221;sub-layers&amp;#8221;:[{&amp;#8220;class&amp;#8221;:&amp;#8221;chaos.displayCorrection&amp;#8221;,&amp;#8221;properties&amp;#8221;:{&amp;#8220;version&amp;#8221;:1,&amp;#8221;name&amp;#8221;:&amp;#8221;Display Correction&amp;#8221;,&amp;#8221;enable&amp;#8221;:true,&amp;#8221;expand&amp;#8221;:true,&amp;#8221;expandable&amp;#8221;:true,&amp;#8221;profile&amp;#8221;:2,&amp;#8221;exposure&amp;#8221;:0.0,&amp;#8221;save_rgb_primitives&amp;#8221;:false,&amp;#8221;ocio_file&amp;#8221;:&amp;#8221;R:\/00_PIPE_TOOLS\/Pipeline\/library\/OpenColorIO-Configs\/aces_1.2\/config.ocio&amp;#8221;,&amp;#8221;ocio_colorspace&amp;#8221;:4,&amp;#8221;ocio_displaydevice&amp;#8221;:0,&amp;#8221;ocio_viewtransform&amp;#8221;:0,&amp;#8221;ocio_saveinimage&amp;#8221;:false,&amp;#8221;icc_file&amp;#8221;:&amp;#8221;&amp;#8221;,&amp;#8221;icc_profile_data&amp;#8221;:null,&amp;#8221;icc_rendintent&amp;#8221;:0,&amp;#8221;blkptconv&amp;#8221;:false},&amp;#8221;sub-layers&amp;#8221;:[{&amp;#8220;class&amp;#8221;:&amp;#8221;chaos.ref.sourcefolder&amp;#8221;,&amp;#8221;properties&amp;#8221;:{&amp;#8220;version&amp;#8221;:1,&amp;#8221;name&amp;#8221;:&amp;#8221;Source: RGB&amp;#8221;,&amp;#8221;enable&amp;#8221;:true,&amp;#8221;expand&amp;#8221;:false,&amp;#8221;expandable&amp;#8221;:false,&amp;#8221;blend_mode&amp;#8221;:0,&amp;#8221;opacity&amp;#8221;:1.0,&amp;#8221;show_preview&amp;#8221;:true,&amp;#8221;src_type&amp;#8221;:0},&amp;#8221;sub-layers&amp;#8221;:[{&amp;#8220;class&amp;#8221;:&amp;#8221;chaos.ref.lightmix&amp;#8221;,&amp;#8221;properties&amp;#8221;:{&amp;#8220;version&amp;#8221;:1,&amp;#8221;name&amp;#8221;:&amp;#8221;LightMix&amp;#8221;,&amp;#8221;enable&amp;#8221;:false,&amp;#8221;expand&amp;#8221;:false,&amp;#8221;expandable&amp;#8221;:true},&amp;#8221;sub-layers&amp;#8221;:[]},{&amp;#8220;class&amp;#8221;:&amp;#8221;chaos.ref.composite&amp;#8221;,&amp;#8221;properties&amp;#8221;:{&amp;#8220;version&amp;#8221;:1,&amp;#8221;name&amp;#8221;:&amp;#8221;Composite&amp;#8221;,&amp;#8221;enable&amp;#8221;:false,&amp;#8221;expand&amp;#8221;:false,&amp;#8221;expandable&amp;#8221;:true,&amp;#8221;blend_mode&amp;#8221;:0,&amp;#8221;opacity&amp;#8221;:1.0,&amp;#8221;show_preview&amp;#8221;:true},&amp;#8221;sub-layers&amp;#8221;:[]}]},{&amp;#8220;class&amp;#8221;:&amp;#8221;chaos.pe.denoiser&amp;#8221;,&amp;#8221;properties&amp;#8221;:{&amp;#8220;versio\"><img loading=\"lazy\" decoding=\"async\" width=\"1024\" height=\"576\" data-id=\"267967\" src=\"https:\/\/www.autocritica.ro\/wp-content\/uploads\/2026\/01\/R-DAM_1734015-1024x576.jpg\" alt=\"\" class=\"wp-image-267967\" srcset=\"https:\/\/www.autocritica.ro\/wp-content\/uploads\/2026\/01\/R-DAM_1734015-1024x576.jpg 1024w, https:\/\/www.autocritica.ro\/wp-content\/uploads\/2026\/01\/R-DAM_1734015-300x169.jpg 300w, https:\/\/www.autocritica.ro\/wp-content\/uploads\/2026\/01\/R-DAM_1734015-768x432.jpg 768w, https:\/\/www.autocritica.ro\/wp-content\/uploads\/2026\/01\/R-DAM_1734015-1536x864.jpg 1536w, https:\/\/www.autocritica.ro\/wp-content\/uploads\/2026\/01\/R-DAM_1734015-2048x1152.jpg 2048w\" sizes=\"auto, (max-width: 1024px) 100vw, 1024px\" \/><\/a><\/figure>\n\n\n\n<figure class=\"wp-block-image size-large\"><a href=\"https:\/\/www.autocritica.ro\/wp-content\/uploads\/2026\/01\/R-DAM_1734129.jpg\" data-lbwps-width=\"4000\" data-lbwps-height=\"2250\" data-lbwps-srcsmall=\"https:\/\/www.autocritica.ro\/wp-content\/uploads\/2026\/01\/R-DAM_1734129-300x169.jpg\" data-lbwps-caption=\"ProEXR File Description&lt;br \/&gt;\r&lt;br \/&gt;\r=Attributes=&lt;br \/&gt;\rcameraAperture (float): 35&lt;br \/&gt;\rcameraFNumber (float): 8&lt;br \/&gt;\rcameraFarClip (float): 100000&lt;br \/&gt;\rcameraFarRange (float): 1e+18&lt;br \/&gt;\rcameraFocalLength (float): 30.7017&lt;br \/&gt;\rcameraFov (float): 59.3664&lt;br \/&gt;\rcameraNearClip (float): 10&lt;br \/&gt;\rcameraNearRange (float): 0&lt;br \/&gt;\rcameraProjection (int): 0&lt;br \/&gt;\rcameraTargetDistance (float): 1e+18&lt;br \/&gt;\rcameraTransform (m44f): [{-0.993952, -0.109788, 0.00258358, 3.25618}, {-0.0112839, 0.0786988, -0.996835, 133.5}, {0.109237, -0.990834, -0.0794616, -890.533}, {0, 0, 0, 1}]&lt;br \/&gt;\rchannels (chlist)&lt;br \/&gt;\rcompression (compression): DWAA&lt;br \/&gt;\rdataWindow (box2i): [0, 0, 3999, 2812]&lt;br \/&gt;\rdisplayWindow (box2i): [0, 0, 3999, 2812]&lt;br \/&gt;\rlineOrder (lineOrder): Increasing Y&lt;br \/&gt;\rpixelAspectRatio (float): 1&lt;br \/&gt;\rscreenWindowCenter (v2f): [0, 0]&lt;br \/&gt;\rscreenWindowWidth (float): 1&lt;br \/&gt;\rtype (string): &amp;#8220;scanlineimage&amp;#8221;&lt;br \/&gt;\rvfb2_layers_json (string): &amp;#8220;{&amp;#8220;Version&amp;#8221;:1,&amp;#8221;class&amp;#8221;:&amp;#8221;root&amp;#8221;,&amp;#8221;properties&amp;#8221;:{&amp;#8220;version&amp;#8221;:1,&amp;#8221;name&amp;#8221;:&amp;#8221;&amp;#8221;,&amp;#8221;enable&amp;#8221;:true,&amp;#8221;expand&amp;#8221;:false,&amp;#8221;expandable&amp;#8221;:true},&amp;#8221;sub-layers&amp;#8221;:[{&amp;#8220;class&amp;#8221;:&amp;#8221;chaos.displayCorrection&amp;#8221;,&amp;#8221;properties&amp;#8221;:{&amp;#8220;version&amp;#8221;:1,&amp;#8221;name&amp;#8221;:&amp;#8221;Display Correction&amp;#8221;,&amp;#8221;enable&amp;#8221;:true,&amp;#8221;expand&amp;#8221;:true,&amp;#8221;expandable&amp;#8221;:true,&amp;#8221;profile&amp;#8221;:2,&amp;#8221;exposure&amp;#8221;:0.0,&amp;#8221;save_rgb_primitives&amp;#8221;:false,&amp;#8221;ocio_file&amp;#8221;:&amp;#8221;R:\/00_PIPE_TOOLS\/Pipeline\/library\/OpenColorIO-Configs\/aces_1.2\/config.ocio&amp;#8221;,&amp;#8221;ocio_colorspace&amp;#8221;:4,&amp;#8221;ocio_displaydevice&amp;#8221;:0,&amp;#8221;ocio_viewtransform&amp;#8221;:0,&amp;#8221;ocio_saveinimage&amp;#8221;:false,&amp;#8221;icc_file&amp;#8221;:&amp;#8221;&amp;#8221;,&amp;#8221;icc_profile_data&amp;#8221;:null,&amp;#8221;icc_rendintent&amp;#8221;:0,&amp;#8221;blkptconv&amp;#8221;:false},&amp;#8221;sub-layers&amp;#8221;:[{&amp;#8220;class&amp;#8221;:&amp;#8221;chaos.ref.sourcefolder&amp;#8221;,&amp;#8221;properties&amp;#8221;:{&amp;#8220;version&amp;#8221;:1,&amp;#8221;name&amp;#8221;:&amp;#8221;Source: LightMix&amp;#8221;,&amp;#8221;enable&amp;#8221;:true,&amp;#8221;expand&amp;#8221;:false,&amp;#8221;expandable&amp;#8221;:false,&amp;#8221;blend_mode&amp;#8221;:0,&amp;#8221;opacity&amp;#8221;:1.0,&amp;#8221;show_preview&amp;#8221;:true,&amp;#8221;src_type&amp;#8221;:2},&amp;#8221;sub-layers&amp;#8221;:[{&amp;#8220;class&amp;#8221;:&amp;#8221;chaos.ref.lightmix&amp;#8221;,&amp;#8221;properties&amp;#8221;:{&amp;#8220;version&amp;#8221;:1,&amp;#8221;name&amp;#8221;:&amp;#8221;LightMix&amp;#8221;,&amp;#8221;enable&amp;#8221;:true,&amp;#8221;expand&amp;#8221;:false,&amp;#8221;expandable&amp;#8221;:true,&amp;#8221;lmElem_on_All&amp;#8221;:true,&amp;#8221;lmElem_mult_All&amp;#8221;:1.0,&amp;#8221;lmElem_color_All&amp;#8221;:[1.0,1.0,1.0],&amp;#8221;lmElem_on_|ALPINE_rigged:ALPINE_prep:vrayLightMeshProperties2_lightlink|ALPINE_rigged:ALPINE_prep:VRayLightMeshLightLinking12&amp;#8243;:true,&amp;#8221;lmElem_mult_|ALPINE_rigged:ALPINE_prep:vrayLightMeshProp\"><img loading=\"lazy\" decoding=\"async\" width=\"1024\" height=\"576\" data-id=\"267974\" src=\"https:\/\/www.autocritica.ro\/wp-content\/uploads\/2026\/01\/R-DAM_1734129-1024x576.jpg\" alt=\"\" class=\"wp-image-267974\" srcset=\"https:\/\/www.autocritica.ro\/wp-content\/uploads\/2026\/01\/R-DAM_1734129-1024x576.jpg 1024w, https:\/\/www.autocritica.ro\/wp-content\/uploads\/2026\/01\/R-DAM_1734129-300x169.jpg 300w, https:\/\/www.autocritica.ro\/wp-content\/uploads\/2026\/01\/R-DAM_1734129-768x432.jpg 768w, https:\/\/www.autocritica.ro\/wp-content\/uploads\/2026\/01\/R-DAM_1734129-1536x864.jpg 1536w, https:\/\/www.autocritica.ro\/wp-content\/uploads\/2026\/01\/R-DAM_1734129-2048x1152.jpg 2048w\" sizes=\"auto, (max-width: 1024px) 100vw, 1024px\" \/><\/a><\/figure>\n\n\n\n<figure class=\"wp-block-image size-large\"><a href=\"https:\/\/www.autocritica.ro\/wp-content\/uploads\/2026\/01\/R-DAM_1734147.jpg\" data-lbwps-width=\"4000\" data-lbwps-height=\"2250\" data-lbwps-srcsmall=\"https:\/\/www.autocritica.ro\/wp-content\/uploads\/2026\/01\/R-DAM_1734147-300x169.jpg\"><img loading=\"lazy\" decoding=\"async\" width=\"1024\" height=\"576\" data-id=\"267969\" src=\"https:\/\/www.autocritica.ro\/wp-content\/uploads\/2026\/01\/R-DAM_1734147-1024x576.jpg\" alt=\"\" class=\"wp-image-267969\" srcset=\"https:\/\/www.autocritica.ro\/wp-content\/uploads\/2026\/01\/R-DAM_1734147-1024x576.jpg 1024w, https:\/\/www.autocritica.ro\/wp-content\/uploads\/2026\/01\/R-DAM_1734147-300x169.jpg 300w, https:\/\/www.autocritica.ro\/wp-content\/uploads\/2026\/01\/R-DAM_1734147-768x432.jpg 768w, https:\/\/www.autocritica.ro\/wp-content\/uploads\/2026\/01\/R-DAM_1734147-1536x864.jpg 1536w, https:\/\/www.autocritica.ro\/wp-content\/uploads\/2026\/01\/R-DAM_1734147-2048x1152.jpg 2048w\" sizes=\"auto, (max-width: 1024px) 100vw, 1024px\" \/><\/a><\/figure>\n\n\n\n<figure class=\"wp-block-image size-large\"><a href=\"https:\/\/www.autocritica.ro\/wp-content\/uploads\/2026\/01\/R-DAM_1734168.jpg\" data-lbwps-width=\"4000\" data-lbwps-height=\"2250\" data-lbwps-srcsmall=\"https:\/\/www.autocritica.ro\/wp-content\/uploads\/2026\/01\/R-DAM_1734168-300x169.jpg\"><img loading=\"lazy\" decoding=\"async\" width=\"1024\" height=\"576\" data-id=\"267978\" src=\"https:\/\/www.autocritica.ro\/wp-content\/uploads\/2026\/01\/R-DAM_1734168-1024x576.jpg\" alt=\"\" class=\"wp-image-267978\" srcset=\"https:\/\/www.autocritica.ro\/wp-content\/uploads\/2026\/01\/R-DAM_1734168-1024x576.jpg 1024w, https:\/\/www.autocritica.ro\/wp-content\/uploads\/2026\/01\/R-DAM_1734168-300x169.jpg 300w, https:\/\/www.autocritica.ro\/wp-content\/uploads\/2026\/01\/R-DAM_1734168-768x432.jpg 768w, https:\/\/www.autocritica.ro\/wp-content\/uploads\/2026\/01\/R-DAM_1734168-1536x864.jpg 1536w, https:\/\/www.autocritica.ro\/wp-content\/uploads\/2026\/01\/R-DAM_1734168-2048x1152.jpg 2048w\" sizes=\"auto, (max-width: 1024px) 100vw, 1024px\" \/><\/a><\/figure>\n\n\n\n<figure class=\"wp-block-image size-large\"><a href=\"https:\/\/www.autocritica.ro\/wp-content\/uploads\/2026\/01\/R-DAM_1734225.jpg\" data-lbwps-width=\"4000\" data-lbwps-height=\"2250\" data-lbwps-srcsmall=\"https:\/\/www.autocritica.ro\/wp-content\/uploads\/2026\/01\/R-DAM_1734225-300x169.jpg\" data-lbwps-caption=\"ProEXR File Description&lt;br \/&gt;\r&lt;br \/&gt;\r=Attributes=&lt;br \/&gt;\rcameraAperture (float): 36&lt;br \/&gt;\rcameraFNumber (float): 8&lt;br \/&gt;\rcameraFarClip (float): 1e+30&lt;br \/&gt;\rcameraFarRange (float): 1e+18&lt;br \/&gt;\rcameraFocalLength (float): 36.6668&lt;br \/&gt;\rcameraFov (float): 51.8845&lt;br \/&gt;\rcameraNearClip (float): 0&lt;br \/&gt;\rcameraNearRange (float): 0&lt;br \/&gt;\rcameraProjection (int): 0&lt;br \/&gt;\rcameraTargetDistance (float): 407.035&lt;br \/&gt;\rcameraTransform (m44f): [{0.784627, -0.619904, 0.00895823, -429.786}, {0.00342634, -0.0101134, -0.999943, 102.03}, {0.619959, 0.784613, -0.00581123, 535.56}, {0, 0, 0, 1}]&lt;br \/&gt;\rchannels (chlist)&lt;br \/&gt;\rcompression (compression): DWAA&lt;br \/&gt;\rdataWindow (box2i): [0, 0, 7999, 5327]&lt;br \/&gt;\rdisplayWindow (box2i): [0, 0, 7999, 5327]&lt;br \/&gt;\rlineOrder (lineOrder): Increasing Y&lt;br \/&gt;\rpixelAspectRatio (float): 1&lt;br \/&gt;\rscreenWindowCenter (v2f): [0, 0]&lt;br \/&gt;\rscreenWindowWidth (float): 1&lt;br \/&gt;\rtype (string): &amp;#8220;scanlineimage&amp;#8221;&lt;br \/&gt;\rvfb2_layers_json (string): &amp;#8220;{&amp;#8220;Version&amp;#8221;:1,&amp;#8221;class&amp;#8221;:&amp;#8221;root&amp;#8221;,&amp;#8221;properties&amp;#8221;:{&amp;#8220;version&amp;#8221;:1,&amp;#8221;name&amp;#8221;:&amp;#8221;&amp;#8221;,&amp;#8221;enable&amp;#8221;:true,&amp;#8221;expand&amp;#8221;:false,&amp;#8221;expandable&amp;#8221;:true},&amp;#8221;sub-layers&amp;#8221;:[{&amp;#8220;class&amp;#8221;:&amp;#8221;chaos.displayCorrection&amp;#8221;,&amp;#8221;properties&amp;#8221;:{&amp;#8220;version&amp;#8221;:1,&amp;#8221;name&amp;#8221;:&amp;#8221;Display Correction&amp;#8221;,&amp;#8221;enable&amp;#8221;:true,&amp;#8221;expand&amp;#8221;:true,&amp;#8221;expandable&amp;#8221;:true,&amp;#8221;profile&amp;#8221;:2,&amp;#8221;exposure&amp;#8221;:0.0,&amp;#8221;save_rgb_primitives&amp;#8221;:false,&amp;#8221;ocio_file&amp;#8221;:&amp;#8221;Z:\/pipeline\/library\/OpenColorIO-Configs\/aces_1.2\/config.ocio&amp;#8221;,&amp;#8221;ocio_colorspace&amp;#8221;:4,&amp;#8221;ocio_displaydevice&amp;#8221;:0,&amp;#8221;ocio_viewtransform&amp;#8221;:0,&amp;#8221;ocio_saveinimage&amp;#8221;:false,&amp;#8221;icc_file&amp;#8221;:&amp;#8221;&amp;#8221;,&amp;#8221;icc_profile_data&amp;#8221;:null,&amp;#8221;icc_rendintent&amp;#8221;:0,&amp;#8221;blkptconv&amp;#8221;:false},&amp;#8221;sub-layers&amp;#8221;:[{&amp;#8220;class&amp;#8221;:&amp;#8221;chaos.ref.sourcefolder&amp;#8221;,&amp;#8221;properties&amp;#8221;:{&amp;#8220;version&amp;#8221;:1,&amp;#8221;name&amp;#8221;:&amp;#8221;Source: RGB&amp;#8221;,&amp;#8221;enable&amp;#8221;:true,&amp;#8221;expand&amp;#8221;:false,&amp;#8221;expandable&amp;#8221;:false,&amp;#8221;blend_mode&amp;#8221;:0,&amp;#8221;opacity&amp;#8221;:1.0,&amp;#8221;show_preview&amp;#8221;:true,&amp;#8221;src_type&amp;#8221;:0},&amp;#8221;sub-layers&amp;#8221;:[{&amp;#8220;class&amp;#8221;:&amp;#8221;chaos.ref.lightmix&amp;#8221;,&amp;#8221;properties&amp;#8221;:{&amp;#8220;version&amp;#8221;:1,&amp;#8221;name&amp;#8221;:&amp;#8221;LightMix&amp;#8221;,&amp;#8221;enable&amp;#8221;:false,&amp;#8221;expand&amp;#8221;:false,&amp;#8221;expandable&amp;#8221;:true},&amp;#8221;sub-layers&amp;#8221;:[]},{&amp;#8220;class&amp;#8221;:&amp;#8221;chaos.ref.composite&amp;#8221;,&amp;#8221;properties&amp;#8221;:{&amp;#8220;version&amp;#8221;:1,&amp;#8221;name&amp;#8221;:&amp;#8221;Composite&amp;#8221;,&amp;#8221;enable&amp;#8221;:false,&amp;#8221;expand&amp;#8221;:false,&amp;#8221;expandable&amp;#8221;:true,&amp;#8221;blend_mode&amp;#8221;:0,&amp;#8221;opacity&amp;#8221;:1.0,&amp;#8221;show_preview&amp;#8221;:true},&amp;#8221;sub-layers&amp;#8221;:[]}]},{&amp;#8220;class&amp;#8221;:&amp;#8221;chaos.pe.denoiser&amp;#8221;,&amp;#8221;properties&amp;#8221;:{&amp;#8220;version&amp;#8221;:1,&amp;#8221;name&amp;#8221;:&amp;#8221;Denoiser&amp;#8221;,\"><img loading=\"lazy\" decoding=\"async\" width=\"1024\" height=\"576\" data-id=\"267976\" src=\"https:\/\/www.autocritica.ro\/wp-content\/uploads\/2026\/01\/R-DAM_1734225-1024x576.jpg\" alt=\"\" class=\"wp-image-267976\" srcset=\"https:\/\/www.autocritica.ro\/wp-content\/uploads\/2026\/01\/R-DAM_1734225-1024x576.jpg 1024w, https:\/\/www.autocritica.ro\/wp-content\/uploads\/2026\/01\/R-DAM_1734225-300x169.jpg 300w, https:\/\/www.autocritica.ro\/wp-content\/uploads\/2026\/01\/R-DAM_1734225-768x432.jpg 768w, https:\/\/www.autocritica.ro\/wp-content\/uploads\/2026\/01\/R-DAM_1734225-1536x864.jpg 1536w, https:\/\/www.autocritica.ro\/wp-content\/uploads\/2026\/01\/R-DAM_1734225-2048x1152.jpg 2048w\" sizes=\"auto, (max-width: 1024px) 100vw, 1024px\" \/><\/a><\/figure>\n\n\n\n<figure class=\"wp-block-image size-large\"><a href=\"https:\/\/www.autocritica.ro\/wp-content\/uploads\/2026\/01\/R-DAM_1734246.jpg\" data-lbwps-width=\"4000\" data-lbwps-height=\"2250\" data-lbwps-srcsmall=\"https:\/\/www.autocritica.ro\/wp-content\/uploads\/2026\/01\/R-DAM_1734246-300x169.jpg\" data-lbwps-caption=\"ProEXR File Description&lt;br \/&gt;\r&lt;br \/&gt;\r=Attributes=&lt;br \/&gt;\rcameraAperture (float): 35.9999&lt;br \/&gt;\rcameraFNumber (float): 8&lt;br \/&gt;\rcameraFarClip (float): 1e+30&lt;br \/&gt;\rcameraFarRange (float): 1e+18&lt;br \/&gt;\rcameraFocalLength (float): 30&lt;br \/&gt;\rcameraFov (float): 61.9275&lt;br \/&gt;\rcameraNearClip (float): 0&lt;br \/&gt;\rcameraNearRange (float): 0&lt;br \/&gt;\rcameraProjection (int): 0&lt;br \/&gt;\rcameraTargetDistance (float): 1e+18&lt;br \/&gt;\rcameraTransform (m44f): [{0.0581123, -0.998306, 0.00292635, -900.12}, {0.0120028, -0.00223241, -0.999925, 119.016}, {0.998238, 0.0581431, 0.0118527, -84.9884}, {0, 0, 0, 1}]&lt;br \/&gt;\rchannels (chlist)&lt;br \/&gt;\rcompression (compression): DWAA&lt;br \/&gt;\rdataWindow (box2i): [0, 0, 7999, 4927]&lt;br \/&gt;\rdisplayWindow (box2i): [0, 0, 7999, 4927]&lt;br \/&gt;\rlineOrder (lineOrder): Increasing Y&lt;br \/&gt;\rpixelAspectRatio (float): 1&lt;br \/&gt;\rscreenWindowCenter (v2f): [0, 0]&lt;br \/&gt;\rscreenWindowWidth (float): 1&lt;br \/&gt;\rtype (string): &amp;#8220;scanlineimage&amp;#8221;&lt;br \/&gt;\rvfb2_layers_json (string): &amp;#8220;{&amp;#8220;Version&amp;#8221;:1,&amp;#8221;class&amp;#8221;:&amp;#8221;root&amp;#8221;,&amp;#8221;properties&amp;#8221;:{&amp;#8220;version&amp;#8221;:1,&amp;#8221;name&amp;#8221;:&amp;#8221;&amp;#8221;,&amp;#8221;enable&amp;#8221;:true,&amp;#8221;expand&amp;#8221;:false,&amp;#8221;expandable&amp;#8221;:true},&amp;#8221;sub-layers&amp;#8221;:[{&amp;#8220;class&amp;#8221;:&amp;#8221;chaos.displayCorrection&amp;#8221;,&amp;#8221;properties&amp;#8221;:{&amp;#8220;version&amp;#8221;:1,&amp;#8221;name&amp;#8221;:&amp;#8221;Display Correction&amp;#8221;,&amp;#8221;enable&amp;#8221;:true,&amp;#8221;expand&amp;#8221;:true,&amp;#8221;expandable&amp;#8221;:true,&amp;#8221;profile&amp;#8221;:2,&amp;#8221;exposure&amp;#8221;:0.0,&amp;#8221;save_rgb_primitives&amp;#8221;:false,&amp;#8221;ocio_file&amp;#8221;:&amp;#8221;Z:\/pipeline\/library\/OpenColorIO-Configs\/aces_1.2\/config.ocio&amp;#8221;,&amp;#8221;ocio_colorspace&amp;#8221;:4,&amp;#8221;ocio_displaydevice&amp;#8221;:0,&amp;#8221;ocio_viewtransform&amp;#8221;:0,&amp;#8221;ocio_saveinimage&amp;#8221;:false,&amp;#8221;icc_file&amp;#8221;:&amp;#8221;&amp;#8221;,&amp;#8221;icc_profile_data&amp;#8221;:null,&amp;#8221;icc_rendintent&amp;#8221;:0,&amp;#8221;blkptconv&amp;#8221;:false},&amp;#8221;sub-layers&amp;#8221;:[{&amp;#8220;class&amp;#8221;:&amp;#8221;chaos.ref.sourcefolder&amp;#8221;,&amp;#8221;properties&amp;#8221;:{&amp;#8220;version&amp;#8221;:1,&amp;#8221;name&amp;#8221;:&amp;#8221;Source: RGB&amp;#8221;,&amp;#8221;enable&amp;#8221;:true,&amp;#8221;expand&amp;#8221;:false,&amp;#8221;expandable&amp;#8221;:false,&amp;#8221;blend_mode&amp;#8221;:0,&amp;#8221;opacity&amp;#8221;:1.0,&amp;#8221;show_preview&amp;#8221;:true,&amp;#8221;src_type&amp;#8221;:0},&amp;#8221;sub-layers&amp;#8221;:[{&amp;#8220;class&amp;#8221;:&amp;#8221;chaos.ref.lightmix&amp;#8221;,&amp;#8221;properties&amp;#8221;:{&amp;#8220;version&amp;#8221;:1,&amp;#8221;name&amp;#8221;:&amp;#8221;LightMix&amp;#8221;,&amp;#8221;enable&amp;#8221;:false,&amp;#8221;expand&amp;#8221;:false,&amp;#8221;expandable&amp;#8221;:true},&amp;#8221;sub-layers&amp;#8221;:[]},{&amp;#8220;class&amp;#8221;:&amp;#8221;chaos.ref.composite&amp;#8221;,&amp;#8221;properties&amp;#8221;:{&amp;#8220;version&amp;#8221;:1,&amp;#8221;name&amp;#8221;:&amp;#8221;Composite&amp;#8221;,&amp;#8221;enable&amp;#8221;:false,&amp;#8221;expand&amp;#8221;:false,&amp;#8221;expandable&amp;#8221;:true,&amp;#8221;blend_mode&amp;#8221;:0,&amp;#8221;opacity&amp;#8221;:1.0,&amp;#8221;show_preview&amp;#8221;:true},&amp;#8221;sub-layers&amp;#8221;:[]}]},{&amp;#8220;class&amp;#8221;:&amp;#8221;chaos.pe.denoiser&amp;#8221;,&amp;#8221;properties&amp;#8221;:{&amp;#8220;version&amp;#8221;:1,&amp;#8221;name&amp;#8221;:&amp;#8221;Denoiser&amp;#8221;,\"><img loading=\"lazy\" decoding=\"async\" width=\"1024\" height=\"576\" data-id=\"267966\" src=\"https:\/\/www.autocritica.ro\/wp-content\/uploads\/2026\/01\/R-DAM_1734246-1024x576.jpg\" alt=\"\" class=\"wp-image-267966\" srcset=\"https:\/\/www.autocritica.ro\/wp-content\/uploads\/2026\/01\/R-DAM_1734246-1024x576.jpg 1024w, https:\/\/www.autocritica.ro\/wp-content\/uploads\/2026\/01\/R-DAM_1734246-300x169.jpg 300w, https:\/\/www.autocritica.ro\/wp-content\/uploads\/2026\/01\/R-DAM_1734246-768x432.jpg 768w, https:\/\/www.autocritica.ro\/wp-content\/uploads\/2026\/01\/R-DAM_1734246-1536x864.jpg 1536w, https:\/\/www.autocritica.ro\/wp-content\/uploads\/2026\/01\/R-DAM_1734246-2048x1152.jpg 2048w\" sizes=\"auto, (max-width: 1024px) 100vw, 1024px\" \/><\/a><\/figure>\n<\/figure>\n","protected":false},"author":16,"featured_media":267982,"comment_status":"closed","ping_status":"closed","template":"","meta":{"_acf_changed":false,"footnotes":""},"tags":[6449,916,6405],"class_list":["post-267964","live-news","type-live-news","status-publish","has-post-thumbnail","hentry","tag-filante-suv","tag-renault","tag-renault-filante"],"acf":[],"yoast_head":"<!-- This site is optimized with the Yoast SEO Premium plugin v27.5 (Yoast SEO v27.5) - https:\/\/yoast.com\/product\/yoast-seo-premium-wordpress\/ -->\n<title>Noul SUV Renault Filante - Autocritica<\/title>\n<meta name=\"robots\" content=\"index, follow, max-snippet:-1, max-image-preview:large, max-video-preview:-1\" \/>\n<link rel=\"canonical\" href=\"https:\/\/www.autocritica.ro\/en\/live-news\/noul-suv-renault-filante\/\" \/>\n<meta property=\"og:locale\" content=\"en_US\" \/>\n<meta property=\"og:type\" content=\"article\" \/>\n<meta property=\"og:title\" content=\"Noul SUV Renault Filante\" \/>\n<meta property=\"og:description\" content=\"\u2022 Renault a publicat primele imagini \u0219i detalii referitoare la noul model Filante. \u2022 Noul SUV este dezvoltat pe arhitectura CMA \u0219i va fi produs \u00een Coreea\" \/>\n<meta property=\"og:url\" content=\"https:\/\/www.autocritica.ro\/en\/live-news\/noul-suv-renault-filante\/\" \/>\n<meta property=\"og:site_name\" content=\"Autocritica\" \/>\n<meta property=\"article:publisher\" content=\"https:\/\/www.facebook.com\/autocritica.ro\" \/>\n<meta property=\"article:modified_time\" content=\"2026-01-13T08:24:54+00:00\" \/>\n<meta property=\"og:image\" content=\"https:\/\/www.autocritica.ro\/wp-content\/uploads\/2026\/01\/R-DAM_1734225-1-scaled.jpg\" \/>\n\t<meta property=\"og:image:width\" content=\"2560\" \/>\n\t<meta property=\"og:image:height\" content=\"1440\" \/>\n\t<meta property=\"og:image:type\" content=\"image\/jpeg\" \/>\n<meta name=\"twitter:card\" content=\"summary_large_image\" \/>\n<meta name=\"twitter:label1\" content=\"Est. reading time\" \/>\n\t<meta name=\"twitter:data1\" content=\"1 minute\" \/>\n<script type=\"application\/ld+json\" class=\"yoast-schema-graph\">{\"@context\":\"https:\\\/\\\/schema.org\",\"@graph\":[{\"@type\":\"WebPage\",\"@id\":\"https:\\\/\\\/www.autocritica.ro\\\/en\\\/live-news\\\/noul-suv-renault-filante\\\/\",\"url\":\"https:\\\/\\\/www.autocritica.ro\\\/en\\\/live-news\\\/noul-suv-renault-filante\\\/\",\"name\":\"Noul SUV Renault Filante - Autocritica\",\"isPartOf\":{\"@id\":\"https:\\\/\\\/www.autocritica.ro\\\/en\\\/#website\"},\"primaryImageOfPage\":{\"@id\":\"https:\\\/\\\/www.autocritica.ro\\\/en\\\/live-news\\\/noul-suv-renault-filante\\\/#primaryimage\"},\"image\":{\"@id\":\"https:\\\/\\\/www.autocritica.ro\\\/en\\\/live-news\\\/noul-suv-renault-filante\\\/#primaryimage\"},\"thumbnailUrl\":\"https:\\\/\\\/www.autocritica.ro\\\/wp-content\\\/uploads\\\/2026\\\/01\\\/R-DAM_1734225-1-scaled.jpg\",\"datePublished\":\"2026-01-13T08:24:25+00:00\",\"dateModified\":\"2026-01-13T08:24:54+00:00\",\"breadcrumb\":{\"@id\":\"https:\\\/\\\/www.autocritica.ro\\\/en\\\/live-news\\\/noul-suv-renault-filante\\\/#breadcrumb\"},\"inLanguage\":\"en-US\",\"potentialAction\":[{\"@type\":\"ReadAction\",\"target\":[\"https:\\\/\\\/www.autocritica.ro\\\/en\\\/live-news\\\/noul-suv-renault-filante\\\/\"]}]},{\"@type\":\"ImageObject\",\"inLanguage\":\"en-US\",\"@id\":\"https:\\\/\\\/www.autocritica.ro\\\/en\\\/live-news\\\/noul-suv-renault-filante\\\/#primaryimage\",\"url\":\"https:\\\/\\\/www.autocritica.ro\\\/wp-content\\\/uploads\\\/2026\\\/01\\\/R-DAM_1734225-1-scaled.jpg\",\"contentUrl\":\"https:\\\/\\\/www.autocritica.ro\\\/wp-content\\\/uploads\\\/2026\\\/01\\\/R-DAM_1734225-1-scaled.jpg\",\"width\":2560,\"height\":1440,\"caption\":\"ProEXR File Description =Attributes= cameraAperture (float): 36 cameraFNumber (float): 8 cameraFarClip (float): 1e+30 cameraFarRange (float): 1e+18 cameraFocalLength (float): 36.6668 cameraFov (float): 51.8845 cameraNearClip (float): 0 cameraNearRange (float): 0 cameraProjection (int): 0 cameraTargetDistance (float): 407.035 cameraTransform (m44f): [{0.784627, -0.619904, 0.00895823, -429.786}, {0.00342634, -0.0101134, -0.999943, 102.03}, {0.619959, 0.784613, -0.00581123, 535.56}, {0, 0, 0, 1}] channels (chlist) compression (compression): DWAA dataWindow (box2i): [0, 0, 7999, 5327] displayWindow (box2i): [0, 0, 7999, 5327] lineOrder (lineOrder): Increasing Y pixelAspectRatio (float): 1 screenWindowCenter (v2f): [0, 0] screenWindowWidth (float): 1 type (string): \\\"scanlineimage\\\" vfb2_layers_json (string): \\\"{\\\"Version\\\":1,\\\"class\\\":\\\"root\\\",\\\"properties\\\":{\\\"version\\\":1,\\\"name\\\":\\\"\\\",\\\"enable\\\":true,\\\"expand\\\":false,\\\"expandable\\\":true},\\\"sub-layers\\\":[{\\\"class\\\":\\\"chaos.displayCorrection\\\",\\\"properties\\\":{\\\"version\\\":1,\\\"name\\\":\\\"Display Correction\\\",\\\"enable\\\":true,\\\"expand\\\":true,\\\"expandable\\\":true,\\\"profile\\\":2,\\\"exposure\\\":0.0,\\\"save_rgb_primitives\\\":false,\\\"ocio_file\\\":\\\"Z:\\\/pipeline\\\/library\\\/OpenColorIO-Configs\\\/aces_1.2\\\/config.ocio\\\",\\\"ocio_colorspace\\\":4,\\\"ocio_displaydevice\\\":0,\\\"ocio_viewtransform\\\":0,\\\"ocio_saveinimage\\\":false,\\\"icc_file\\\":\\\"\\\",\\\"icc_profile_data\\\":null,\\\"icc_rendintent\\\":0,\\\"blkptconv\\\":false},\\\"sub-layers\\\":[{\\\"class\\\":\\\"chaos.ref.sourcefolder\\\",\\\"properties\\\":{\\\"version\\\":1,\\\"name\\\":\\\"Source: RGB\\\",\\\"enable\\\":true,\\\"expand\\\":false,\\\"expandable\\\":false,\\\"blend_mode\\\":0,\\\"opacity\\\":1.0,\\\"show_preview\\\":true,\\\"src_type\\\":0},\\\"sub-layers\\\":[{\\\"class\\\":\\\"chaos.ref.lightmix\\\",\\\"properties\\\":{\\\"version\\\":1,\\\"name\\\":\\\"LightMix\\\",\\\"enable\\\":false,\\\"expand\\\":false,\\\"expandable\\\":true},\\\"sub-layers\\\":[]},{\\\"class\\\":\\\"chaos.ref.composite\\\",\\\"properties\\\":{\\\"version\\\":1,\\\"name\\\":\\\"Composite\\\",\\\"enable\\\":false,\\\"expand\\\":false,\\\"expandable\\\":true,\\\"blend_mode\\\":0,\\\"opacity\\\":1.0,\\\"show_preview\\\":true},\\\"sub-layers\\\":[]}]},{\\\"class\\\":\\\"chaos.pe.denoiser\\\",\\\"properties\\\":{\\\"version\\\":1,\\\"name\\\":\\\"Denoiser\\\",\"},{\"@type\":\"BreadcrumbList\",\"@id\":\"https:\\\/\\\/www.autocritica.ro\\\/en\\\/live-news\\\/noul-suv-renault-filante\\\/#breadcrumb\",\"itemListElement\":[{\"@type\":\"ListItem\",\"position\":1,\"name\":\"Home\",\"item\":\"https:\\\/\\\/www.autocritica.ro\\\/en\\\/\"},{\"@type\":\"ListItem\",\"position\":2,\"name\":\"Live News\",\"item\":\"https:\\\/\\\/www.autocritica.ro\\\/en\\\/live-news\\\/\"},{\"@type\":\"ListItem\",\"position\":3,\"name\":\"Noul SUV Renault Filante\"}]},{\"@type\":\"WebSite\",\"@id\":\"https:\\\/\\\/www.autocritica.ro\\\/en\\\/#website\",\"url\":\"https:\\\/\\\/www.autocritica.ro\\\/en\\\/\",\"name\":\"Autocritica\",\"description\":\"\",\"publisher\":{\"@id\":\"https:\\\/\\\/www.autocritica.ro\\\/en\\\/#organization\"},\"potentialAction\":[{\"@type\":\"SearchAction\",\"target\":{\"@type\":\"EntryPoint\",\"urlTemplate\":\"https:\\\/\\\/www.autocritica.ro\\\/en\\\/?s={search_term_string}\"},\"query-input\":{\"@type\":\"PropertyValueSpecification\",\"valueRequired\":true,\"valueName\":\"search_term_string\"}}],\"inLanguage\":\"en-US\"},{\"@type\":\"Organization\",\"@id\":\"https:\\\/\\\/www.autocritica.ro\\\/en\\\/#organization\",\"name\":\"Autocritica\",\"url\":\"https:\\\/\\\/www.autocritica.ro\\\/en\\\/\",\"logo\":{\"@type\":\"ImageObject\",\"inLanguage\":\"en-US\",\"@id\":\"https:\\\/\\\/www.autocritica.ro\\\/en\\\/#\\\/schema\\\/logo\\\/image\\\/\",\"url\":\"https:\\\/\\\/www.autocritica.ro\\\/wp-content\\\/uploads\\\/2020\\\/12\\\/logo-negru.png\",\"contentUrl\":\"https:\\\/\\\/www.autocritica.ro\\\/wp-content\\\/uploads\\\/2020\\\/12\\\/logo-negru.png\",\"width\":300,\"height\":102,\"caption\":\"Autocritica\"},\"image\":{\"@id\":\"https:\\\/\\\/www.autocritica.ro\\\/en\\\/#\\\/schema\\\/logo\\\/image\\\/\"},\"sameAs\":[\"https:\\\/\\\/www.facebook.com\\\/autocritica.ro\",\"https:\\\/\\\/www.instagram.com\\\/autocritica.ro\\\/\"]}]}<\/script>\n<!-- \/ Yoast SEO Premium plugin. -->","yoast_head_json":{"title":"Noul SUV Renault Filante - Autocritica","robots":{"index":"index","follow":"follow","max-snippet":"max-snippet:-1","max-image-preview":"max-image-preview:large","max-video-preview":"max-video-preview:-1"},"canonical":"https:\/\/www.autocritica.ro\/en\/live-news\/noul-suv-renault-filante\/","og_locale":"en_US","og_type":"article","og_title":"Noul SUV Renault Filante","og_description":"\u2022 Renault a publicat primele imagini \u0219i detalii referitoare la noul model Filante. \u2022 Noul SUV este dezvoltat pe arhitectura CMA \u0219i va fi produs \u00een Coreea","og_url":"https:\/\/www.autocritica.ro\/en\/live-news\/noul-suv-renault-filante\/","og_site_name":"Autocritica","article_publisher":"https:\/\/www.facebook.com\/autocritica.ro","article_modified_time":"2026-01-13T08:24:54+00:00","og_image":[{"width":2560,"height":1440,"url":"https:\/\/www.autocritica.ro\/wp-content\/uploads\/2026\/01\/R-DAM_1734225-1-scaled.jpg","type":"image\/jpeg"}],"twitter_card":"summary_large_image","twitter_misc":{"Est. reading time":"1 minute"},"schema":{"@context":"https:\/\/schema.org","@graph":[{"@type":"WebPage","@id":"https:\/\/www.autocritica.ro\/en\/live-news\/noul-suv-renault-filante\/","url":"https:\/\/www.autocritica.ro\/en\/live-news\/noul-suv-renault-filante\/","name":"Noul SUV Renault Filante - Autocritica","isPartOf":{"@id":"https:\/\/www.autocritica.ro\/en\/#website"},"primaryImageOfPage":{"@id":"https:\/\/www.autocritica.ro\/en\/live-news\/noul-suv-renault-filante\/#primaryimage"},"image":{"@id":"https:\/\/www.autocritica.ro\/en\/live-news\/noul-suv-renault-filante\/#primaryimage"},"thumbnailUrl":"https:\/\/www.autocritica.ro\/wp-content\/uploads\/2026\/01\/R-DAM_1734225-1-scaled.jpg","datePublished":"2026-01-13T08:24:25+00:00","dateModified":"2026-01-13T08:24:54+00:00","breadcrumb":{"@id":"https:\/\/www.autocritica.ro\/en\/live-news\/noul-suv-renault-filante\/#breadcrumb"},"inLanguage":"en-US","potentialAction":[{"@type":"ReadAction","target":["https:\/\/www.autocritica.ro\/en\/live-news\/noul-suv-renault-filante\/"]}]},{"@type":"ImageObject","inLanguage":"en-US","@id":"https:\/\/www.autocritica.ro\/en\/live-news\/noul-suv-renault-filante\/#primaryimage","url":"https:\/\/www.autocritica.ro\/wp-content\/uploads\/2026\/01\/R-DAM_1734225-1-scaled.jpg","contentUrl":"https:\/\/www.autocritica.ro\/wp-content\/uploads\/2026\/01\/R-DAM_1734225-1-scaled.jpg","width":2560,"height":1440,"caption":"ProEXR File Description =Attributes= cameraAperture (float): 36 cameraFNumber (float): 8 cameraFarClip (float): 1e+30 cameraFarRange (float): 1e+18 cameraFocalLength (float): 36.6668 cameraFov (float): 51.8845 cameraNearClip (float): 0 cameraNearRange (float): 0 cameraProjection (int): 0 cameraTargetDistance (float): 407.035 cameraTransform (m44f): [{0.784627, -0.619904, 0.00895823, -429.786}, {0.00342634, -0.0101134, -0.999943, 102.03}, {0.619959, 0.784613, -0.00581123, 535.56}, {0, 0, 0, 1}] channels (chlist) compression (compression): DWAA dataWindow (box2i): [0, 0, 7999, 5327] displayWindow (box2i): [0, 0, 7999, 5327] lineOrder (lineOrder): Increasing Y pixelAspectRatio (float): 1 screenWindowCenter (v2f): [0, 0] screenWindowWidth (float): 1 type (string): \"scanlineimage\" vfb2_layers_json (string): \"{\"Version\":1,\"class\":\"root\",\"properties\":{\"version\":1,\"name\":\"\",\"enable\":true,\"expand\":false,\"expandable\":true},\"sub-layers\":[{\"class\":\"chaos.displayCorrection\",\"properties\":{\"version\":1,\"name\":\"Display Correction\",\"enable\":true,\"expand\":true,\"expandable\":true,\"profile\":2,\"exposure\":0.0,\"save_rgb_primitives\":false,\"ocio_file\":\"Z:\/pipeline\/library\/OpenColorIO-Configs\/aces_1.2\/config.ocio\",\"ocio_colorspace\":4,\"ocio_displaydevice\":0,\"ocio_viewtransform\":0,\"ocio_saveinimage\":false,\"icc_file\":\"\",\"icc_profile_data\":null,\"icc_rendintent\":0,\"blkptconv\":false},\"sub-layers\":[{\"class\":\"chaos.ref.sourcefolder\",\"properties\":{\"version\":1,\"name\":\"Source: RGB\",\"enable\":true,\"expand\":false,\"expandable\":false,\"blend_mode\":0,\"opacity\":1.0,\"show_preview\":true,\"src_type\":0},\"sub-layers\":[{\"class\":\"chaos.ref.lightmix\",\"properties\":{\"version\":1,\"name\":\"LightMix\",\"enable\":false,\"expand\":false,\"expandable\":true},\"sub-layers\":[]},{\"class\":\"chaos.ref.composite\",\"properties\":{\"version\":1,\"name\":\"Composite\",\"enable\":false,\"expand\":false,\"expandable\":true,\"blend_mode\":0,\"opacity\":1.0,\"show_preview\":true},\"sub-layers\":[]}]},{\"class\":\"chaos.pe.denoiser\",\"properties\":{\"version\":1,\"name\":\"Denoiser\","},{"@type":"BreadcrumbList","@id":"https:\/\/www.autocritica.ro\/en\/live-news\/noul-suv-renault-filante\/#breadcrumb","itemListElement":[{"@type":"ListItem","position":1,"name":"Home","item":"https:\/\/www.autocritica.ro\/en\/"},{"@type":"ListItem","position":2,"name":"Live News","item":"https:\/\/www.autocritica.ro\/en\/live-news\/"},{"@type":"ListItem","position":3,"name":"Noul SUV Renault Filante"}]},{"@type":"WebSite","@id":"https:\/\/www.autocritica.ro\/en\/#website","url":"https:\/\/www.autocritica.ro\/en\/","name":"Autocritica","description":"","publisher":{"@id":"https:\/\/www.autocritica.ro\/en\/#organization"},"potentialAction":[{"@type":"SearchAction","target":{"@type":"EntryPoint","urlTemplate":"https:\/\/www.autocritica.ro\/en\/?s={search_term_string}"},"query-input":{"@type":"PropertyValueSpecification","valueRequired":true,"valueName":"search_term_string"}}],"inLanguage":"en-US"},{"@type":"Organization","@id":"https:\/\/www.autocritica.ro\/en\/#organization","name":"Autocritica","url":"https:\/\/www.autocritica.ro\/en\/","logo":{"@type":"ImageObject","inLanguage":"en-US","@id":"https:\/\/www.autocritica.ro\/en\/#\/schema\/logo\/image\/","url":"https:\/\/www.autocritica.ro\/wp-content\/uploads\/2020\/12\/logo-negru.png","contentUrl":"https:\/\/www.autocritica.ro\/wp-content\/uploads\/2020\/12\/logo-negru.png","width":300,"height":102,"caption":"Autocritica"},"image":{"@id":"https:\/\/www.autocritica.ro\/en\/#\/schema\/logo\/image\/"},"sameAs":["https:\/\/www.facebook.com\/autocritica.ro","https:\/\/www.instagram.com\/autocritica.ro\/"]}]}},"_links":{"self":[{"href":"https:\/\/www.autocritica.ro\/en\/wp-json\/wp\/v2\/live-news\/267964","targetHints":{"allow":["GET"]}}],"collection":[{"href":"https:\/\/www.autocritica.ro\/en\/wp-json\/wp\/v2\/live-news"}],"about":[{"href":"https:\/\/www.autocritica.ro\/en\/wp-json\/wp\/v2\/types\/live-news"}],"author":[{"embeddable":true,"href":"https:\/\/www.autocritica.ro\/en\/wp-json\/wp\/v2\/users\/16"}],"replies":[{"embeddable":true,"href":"https:\/\/www.autocritica.ro\/en\/wp-json\/wp\/v2\/comments?post=267964"}],"version-history":[{"count":3,"href":"https:\/\/www.autocritica.ro\/en\/wp-json\/wp\/v2\/live-news\/267964\/revisions"}],"predecessor-version":[{"id":267985,"href":"https:\/\/www.autocritica.ro\/en\/wp-json\/wp\/v2\/live-news\/267964\/revisions\/267985"}],"wp:featuredmedia":[{"embeddable":true,"href":"https:\/\/www.autocritica.ro\/en\/wp-json\/wp\/v2\/media\/267982"}],"wp:attachment":[{"href":"https:\/\/www.autocritica.ro\/en\/wp-json\/wp\/v2\/media?parent=267964"}],"wp:term":[{"taxonomy":"post_tag","embeddable":true,"href":"https:\/\/www.autocritica.ro\/en\/wp-json\/wp\/v2\/tags?post=267964"}],"curies":[{"name":"wp","href":"https:\/\/api.w.org\/{rel}","templated":true}]}}