{"id":267919,"date":"2026-01-12T15:38:27","date_gmt":"2026-01-12T12:38:27","guid":{"rendered":"https:\/\/www.autocritica.ro\/?post_type=live-news&#038;p=267919"},"modified":"2026-01-12T15:38:37","modified_gmt":"2026-01-12T12:38:37","slug":"rezumatul-dakar-2026-etapa-8-toyota-obtine-o-noua-victorie-dacia-isi-pastreaza-primul-loc-la-general","status":"publish","type":"live-news","link":"https:\/\/www.autocritica.ro\/en\/live-news\/rezumatul-dakar-2026-etapa-8-toyota-obtine-o-noua-victorie-dacia-isi-pastreaza-primul-loc-la-general\/","title":{"rendered":"Rezumatul Dakar 2026, etapa 8: Toyota ob\u021bine o nou\u0103 victorie. Dacia \u00ee\u0219i p\u0103streaz\u0103 primul loc la general"},"content":{"rendered":"\n<p>\u2022 S-a&nbsp;\u00eencheiat etapa a opta a Raliului Dakar 2026. Concuren\u021bii au avut de parcurs 483 km de prob\u0103 cronometrat\u0103 \u00eentr-o bucl\u0103 cu start \u0219i sosire \u00een Wade Ad-Dawasir.&nbsp;<\/p>\n\n\n\n<p>\u2022 Podiumul clasei Auto de ast\u0103zi a fost unul str\u00e2ns. Dup\u0103 cei 483 de kilometri, c\u00e2\u0219tig\u0103tor a fost echipajul format din Saood Variawa &#8211; Fran\u00e7ois Cazalet (Toyota Gazoo Racing SA) cu un avans de doar 3 secunde \u00een fa\u021ba echipajului Henk Lategan &#8211; Brett Cummings (Toyota Gazoo Racing W2RC). Pe ultima treapt\u0103 a podiumului de etap\u0103 a sosit Mattias Ekstr\u00f6m &#8211; Emil Bergkvist (Ford Racing) cu o \u00eent\u00e2rziere de 29 de secunde fa\u021b\u0103 de c\u00e2\u0219tig\u0103tor.&nbsp;<\/p>\n\n\n\n<p>\u2022 Rezultatele echipajelor Dacia Sandriders \u00een etapa a opta: Nasser Al-Attiyah (locul 5; +1 min 16s), S\u00e9bastien Loeb (locul 8; +3 min 2), Lucas Moraes (locul 16; +6 min 32s) \u0219i Cristina Gutierrez (locul 26; +21 min 28s).&nbsp;<\/p>\n\n\n\n<p>\u2022 \u00cen urma rezultatelor de ast\u0103zi, Nasser Al-Attiyah r\u0103m\u00e2ne lider \u00een clasamentul general. Este pentru prima dat\u0103 \u00een aceast\u0103 edi\u021bie de Dakar c\u00e2nd un lider al clasamentului general provizoriu \u00ee\u0219i p\u0103streaz\u0103 pozi\u021bia pentru trei zile consecutive. Totodat\u0103, edi\u021bia din 2026 a Raliului Dakar este una dintre cele mai str\u00e2nse, ecartul dintre primii zece clasa\u021bi fiind de doar 35 de minute dup\u0103 8 dintre cele 13 etape programate.&nbsp;<\/p>\n\n\n\n<p>\u2022 Clasamentul Dakar 2026 dup\u0103 a opta etap\u0103 \u00een categoria Auto:<\/p>\n\n\n\n<ol class=\"wp-block-list\">\n<li>Nasser Al-Attiyah \u2013 Fabian Lurquin (Dacia Sandriders)<\/li>\n\n\n\n<li>Mattias Ekstr\u00f6m \u2013 Emil Bergkvist (Ford Racing); +4min<\/li>\n\n\n\n<li>Henk Lategan \u2013 Brett Cummings (Toyota Gazoo Racing W2RC); +6 min 8s<\/li>\n\n\n\n<li>Nani Roma \u2013 Alex Haro (Ford Racing); +9 min 37s<\/li>\n\n\n\n<li>Carlos Sainz \u2013 Lucas Cruz (Ford Racing);\u00a0+10 min 39s<\/li>\n\n\n\n<li>S\u00e9bastien Loeb \u2013 Edouard Boulanger (Dacia Sandriders);\u00a0+17 min 25s<\/li>\n\n\n\n<li>Mitch Guthrie \u2013 Kellon Walch (Ford Racing); +23 min<\/li>\n\n\n\n<li>Mathieu Serradori \u2013 Loin Minaudier (Century Racing);\u00a0+25min 4s<\/li>\n\n\n\n<li>Lucas Moraes \u2013 Dennis Zenz (Dacia Sandriders);\u00a0+29 min 55s<\/li>\n\n\n\n<li>Joao Ferreira &#8211; Filipe Palmeiro (Toyota Gazoo Racing SA); +35 min 8s<\/li>\n<\/ol>\n\n\n\n<p>\u2022 \u00cen clasa Original by Motul (categorie f\u0103r\u0103 echip\u0103 de asisten\u021b\u0103 tehnic\u0103), riderul Emanuel Gyenes continu\u0103 competi\u021bia. \u00cen ziua a opta, acesta a \u00eencheiat pe locul al cincilea al categoriei, cu o \u00eent\u00e2rziere de peste 31 de minute fa\u021b\u0103 de lider. Evolu\u021bia lui Mani \u00een Dakar 2026 continu\u0103 s\u0103 fie afectat\u0103 de accidentarea suferit\u0103 pe finalul etapei a treia.&nbsp;<\/p>\n\n\n\n<p>\u2022 Clasamentul Dakar 2026 dup\u0103 a opta etap\u0103 \u00een categoria Original by Motul:<\/p>\n\n\n\n<ol class=\"wp-block-list\">\n<li>Benjamin Melot;<\/li>\n\n\n\n<li>Josep Pedro; +38s<\/li>\n\n\n\n<li>Jerome Martiny; +27 min 8s<\/li>\n\n\n\n<li>Emanuel Gyenes; o or\u0103 \u0219i 49 min\u00a0<\/li>\n\n\n\n<li>Javi Vega; + 2 ore \u0219i 29 min<\/li>\n<\/ol>\n\n\n\n<p>\u2022 M\u00e2ine, 13 ianuarie, concuren\u021bii vor porni \u00een a doua etap\u0103 maraton a edi\u021biei din acest an. Prima zi se va \u00eencheia \u00eentr-un bivuac-refugiu f\u0103r\u0103 echipe de asisten\u021b\u0103.\u00a0<\/p>\n\n\n\n<figure class=\"wp-block-gallery has-nested-images columns-default is-cropped wp-block-gallery-1 is-layout-flex wp-block-gallery-is-layout-flex\">\n<figure class=\"wp-block-image size-large\"><a href=\"https:\/\/www.autocritica.ro\/wp-content\/uploads\/2026\/01\/imago1071153660.jpg\" data-lbwps-width=\"2800\" data-lbwps-height=\"1866\" data-lbwps-srcsmall=\"https:\/\/www.autocritica.ro\/wp-content\/uploads\/2026\/01\/imago1071153660-300x200.jpg\"><img loading=\"lazy\" decoding=\"async\" width=\"1024\" height=\"682\" data-id=\"267927\" src=\"https:\/\/www.autocritica.ro\/wp-content\/uploads\/2026\/01\/imago1071153660-1024x682.jpg\" alt=\"\" class=\"wp-image-267927\" srcset=\"https:\/\/www.autocritica.ro\/wp-content\/uploads\/2026\/01\/imago1071153660-1024x682.jpg 1024w, https:\/\/www.autocritica.ro\/wp-content\/uploads\/2026\/01\/imago1071153660-300x200.jpg 300w, https:\/\/www.autocritica.ro\/wp-content\/uploads\/2026\/01\/imago1071153660-768x512.jpg 768w, https:\/\/www.autocritica.ro\/wp-content\/uploads\/2026\/01\/imago1071153660-1536x1024.jpg 1536w, https:\/\/www.autocritica.ro\/wp-content\/uploads\/2026\/01\/imago1071153660-2048x1365.jpg 2048w, https:\/\/www.autocritica.ro\/wp-content\/uploads\/2026\/01\/imago1071153660-1200x800.jpg 1200w, https:\/\/www.autocritica.ro\/wp-content\/uploads\/2026\/01\/imago1071153660-1000x666.jpg 1000w, https:\/\/www.autocritica.ro\/wp-content\/uploads\/2026\/01\/imago1071153660-2000x1333.jpg 2000w\" sizes=\"auto, (max-width: 1024px) 100vw, 1024px\" \/><\/a><figcaption class=\"wp-element-caption\"><br>Saood Variawa &#8211; Fran\u00e7ois Cazalet. Foto: IMAGO (Antonin VIncent)<\/figcaption><\/figure>\n\n\n\n<figure class=\"wp-block-image size-large\"><a href=\"https:\/\/www.autocritica.ro\/wp-content\/uploads\/2026\/01\/SI202601110110.jpg\" data-lbwps-width=\"2800\" data-lbwps-height=\"1867\" data-lbwps-srcsmall=\"https:\/\/www.autocritica.ro\/wp-content\/uploads\/2026\/01\/SI202601110110-300x200.jpg\"><img loading=\"lazy\" decoding=\"async\" width=\"1024\" height=\"683\" data-id=\"267923\" src=\"https:\/\/www.autocritica.ro\/wp-content\/uploads\/2026\/01\/SI202601110110-1024x683.jpg\" alt=\"\" class=\"wp-image-267923\" srcset=\"https:\/\/www.autocritica.ro\/wp-content\/uploads\/2026\/01\/SI202601110110-1024x683.jpg 1024w, https:\/\/www.autocritica.ro\/wp-content\/uploads\/2026\/01\/SI202601110110-300x200.jpg 300w, https:\/\/www.autocritica.ro\/wp-content\/uploads\/2026\/01\/SI202601110110-768x512.jpg 768w, https:\/\/www.autocritica.ro\/wp-content\/uploads\/2026\/01\/SI202601110110-1536x1024.jpg 1536w, https:\/\/www.autocritica.ro\/wp-content\/uploads\/2026\/01\/SI202601110110-2048x1366.jpg 2048w, https:\/\/www.autocritica.ro\/wp-content\/uploads\/2026\/01\/SI202601110110-1200x800.jpg 1200w, https:\/\/www.autocritica.ro\/wp-content\/uploads\/2026\/01\/SI202601110110-1000x666.jpg 1000w, https:\/\/www.autocritica.ro\/wp-content\/uploads\/2026\/01\/SI202601110110-2000x1333.jpg 2000w\" sizes=\"auto, (max-width: 1024px) 100vw, 1024px\" \/><\/a><figcaption class=\"wp-element-caption\"><br>Henk Lategan \u2013 Brett Cummings. Foto: <a href=\"https:\/\/www.redbullcontentpool.com\/search?q=Florent%20Gooden%20%2F%20DPPI%20%2F%20Red%20Bull%20Content%20Pool\">Florent Gooden \/ DPPI \/ Red Bull Content Pool<\/a><\/figcaption><\/figure>\n\n\n\n<figure class=\"wp-block-image size-large\"><a href=\"https:\/\/www.autocritica.ro\/wp-content\/uploads\/2026\/01\/SI202601110146.jpg\" data-lbwps-width=\"2800\" data-lbwps-height=\"1866\" data-lbwps-srcsmall=\"https:\/\/www.autocritica.ro\/wp-content\/uploads\/2026\/01\/SI202601110146-300x200.jpg\"><img loading=\"lazy\" decoding=\"async\" width=\"1024\" height=\"682\" data-id=\"267925\" src=\"https:\/\/www.autocritica.ro\/wp-content\/uploads\/2026\/01\/SI202601110146-1024x682.jpg\" alt=\"\" class=\"wp-image-267925\" srcset=\"https:\/\/www.autocritica.ro\/wp-content\/uploads\/2026\/01\/SI202601110146-1024x682.jpg 1024w, https:\/\/www.autocritica.ro\/wp-content\/uploads\/2026\/01\/SI202601110146-300x200.jpg 300w, https:\/\/www.autocritica.ro\/wp-content\/uploads\/2026\/01\/SI202601110146-768x512.jpg 768w, https:\/\/www.autocritica.ro\/wp-content\/uploads\/2026\/01\/SI202601110146-1536x1024.jpg 1536w, https:\/\/www.autocritica.ro\/wp-content\/uploads\/2026\/01\/SI202601110146-2048x1365.jpg 2048w, https:\/\/www.autocritica.ro\/wp-content\/uploads\/2026\/01\/SI202601110146-1200x800.jpg 1200w, https:\/\/www.autocritica.ro\/wp-content\/uploads\/2026\/01\/SI202601110146-1000x666.jpg 1000w, https:\/\/www.autocritica.ro\/wp-content\/uploads\/2026\/01\/SI202601110146-2000x1333.jpg 2000w\" sizes=\"auto, (max-width: 1024px) 100vw, 1024px\" \/><\/a><figcaption class=\"wp-element-caption\"><br>Mattias Ekstr\u00f6m \u2013 Emil Bergkvist. Foto: <a href=\"https:\/\/www.redbullcontentpool.com\/search?q=Kin%20Marcin%20%2F%20Red%20Bull%20Content%20Pool\">Kin Marcin \/ Red Bull Content Pool<\/a><\/figcaption><\/figure>\n\n\n\n<figure class=\"wp-block-image size-large\"><a href=\"https:\/\/www.autocritica.ro\/wp-content\/uploads\/2026\/01\/M61_0419.jpg\" data-lbwps-width=\"2800\" data-lbwps-height=\"1866\" data-lbwps-srcsmall=\"https:\/\/www.autocritica.ro\/wp-content\/uploads\/2026\/01\/M61_0419-300x200.jpg\"><img loading=\"lazy\" decoding=\"async\" width=\"1024\" height=\"682\" data-id=\"267921\" src=\"https:\/\/www.autocritica.ro\/wp-content\/uploads\/2026\/01\/M61_0419-1024x682.jpg\" alt=\"\" class=\"wp-image-267921\" srcset=\"https:\/\/www.autocritica.ro\/wp-content\/uploads\/2026\/01\/M61_0419-1024x682.jpg 1024w, https:\/\/www.autocritica.ro\/wp-content\/uploads\/2026\/01\/M61_0419-300x200.jpg 300w, https:\/\/www.autocritica.ro\/wp-content\/uploads\/2026\/01\/M61_0419-768x512.jpg 768w, https:\/\/www.autocritica.ro\/wp-content\/uploads\/2026\/01\/M61_0419-1536x1024.jpg 1536w, https:\/\/www.autocritica.ro\/wp-content\/uploads\/2026\/01\/M61_0419-2048x1365.jpg 2048w, https:\/\/www.autocritica.ro\/wp-content\/uploads\/2026\/01\/M61_0419-1200x800.jpg 1200w, https:\/\/www.autocritica.ro\/wp-content\/uploads\/2026\/01\/M61_0419-1000x666.jpg 1000w, https:\/\/www.autocritica.ro\/wp-content\/uploads\/2026\/01\/M61_0419-2000x1333.jpg 2000w\" sizes=\"auto, (max-width: 1024px) 100vw, 1024px\" \/><\/a><figcaption class=\"wp-element-caption\"><br>Nasser Al-Attiyah \u2013 Fabian Lurquin. Foto: Dacia Sandriders<\/figcaption><\/figure>\n\n\n\n<figure class=\"wp-block-image size-large\"><a href=\"https:\/\/www.autocritica.ro\/wp-content\/uploads\/2026\/01\/M61_0467.jpg\" data-lbwps-width=\"2800\" data-lbwps-height=\"1866\" data-lbwps-srcsmall=\"https:\/\/www.autocritica.ro\/wp-content\/uploads\/2026\/01\/M61_0467-300x200.jpg\"><img loading=\"lazy\" decoding=\"async\" width=\"1024\" height=\"682\" data-id=\"267928\" src=\"https:\/\/www.autocritica.ro\/wp-content\/uploads\/2026\/01\/M61_0467-1024x682.jpg\" alt=\"\" class=\"wp-image-267928\" srcset=\"https:\/\/www.autocritica.ro\/wp-content\/uploads\/2026\/01\/M61_0467-1024x682.jpg 1024w, https:\/\/www.autocritica.ro\/wp-content\/uploads\/2026\/01\/M61_0467-300x200.jpg 300w, https:\/\/www.autocritica.ro\/wp-content\/uploads\/2026\/01\/M61_0467-768x512.jpg 768w, https:\/\/www.autocritica.ro\/wp-content\/uploads\/2026\/01\/M61_0467-1536x1024.jpg 1536w, https:\/\/www.autocritica.ro\/wp-content\/uploads\/2026\/01\/M61_0467-2048x1365.jpg 2048w, https:\/\/www.autocritica.ro\/wp-content\/uploads\/2026\/01\/M61_0467-1200x800.jpg 1200w, https:\/\/www.autocritica.ro\/wp-content\/uploads\/2026\/01\/M61_0467-1000x666.jpg 1000w, https:\/\/www.autocritica.ro\/wp-content\/uploads\/2026\/01\/M61_0467-2000x1333.jpg 2000w\" sizes=\"auto, (max-width: 1024px) 100vw, 1024px\" \/><\/a><figcaption class=\"wp-element-caption\"><br>S\u00e9bastien Loeb \u2013 Edouard Boulanger. Foto: Dacia Sandriders<\/figcaption><\/figure>\n\n\n\n<figure class=\"wp-block-image size-large\"><a href=\"https:\/\/www.autocritica.ro\/wp-content\/uploads\/2026\/01\/00_DK26_RF909304.jpg\" data-lbwps-width=\"2800\" data-lbwps-height=\"1867\" data-lbwps-srcsmall=\"https:\/\/www.autocritica.ro\/wp-content\/uploads\/2026\/01\/00_DK26_RF909304-300x200.jpg\"><img loading=\"lazy\" decoding=\"async\" width=\"1024\" height=\"683\" data-id=\"267929\" src=\"https:\/\/www.autocritica.ro\/wp-content\/uploads\/2026\/01\/00_DK26_RF909304-1024x683.jpg\" alt=\"\" class=\"wp-image-267929\" srcset=\"https:\/\/www.autocritica.ro\/wp-content\/uploads\/2026\/01\/00_DK26_RF909304-1024x683.jpg 1024w, https:\/\/www.autocritica.ro\/wp-content\/uploads\/2026\/01\/00_DK26_RF909304-300x200.jpg 300w, https:\/\/www.autocritica.ro\/wp-content\/uploads\/2026\/01\/00_DK26_RF909304-768x512.jpg 768w, https:\/\/www.autocritica.ro\/wp-content\/uploads\/2026\/01\/00_DK26_RF909304-1536x1024.jpg 1536w, https:\/\/www.autocritica.ro\/wp-content\/uploads\/2026\/01\/00_DK26_RF909304-2048x1366.jpg 2048w, https:\/\/www.autocritica.ro\/wp-content\/uploads\/2026\/01\/00_DK26_RF909304-1200x800.jpg 1200w, https:\/\/www.autocritica.ro\/wp-content\/uploads\/2026\/01\/00_DK26_RF909304-1000x666.jpg 1000w, https:\/\/www.autocritica.ro\/wp-content\/uploads\/2026\/01\/00_DK26_RF909304-2000x1333.jpg 2000w\" sizes=\"auto, (max-width: 1024px) 100vw, 1024px\" \/><\/a><figcaption class=\"wp-element-caption\"><br>Mani Gyenes. Foto: CBAImages<\/figcaption><\/figure>\n<\/figure>\n\n\n\n<p>\u2022 Foto: IMAGO (Antonin Vincent), Florent Gooden\/DPPI, Kin Marcin (Red Bull Content Pool), Dacia Sandriders, CBAImages<\/p>\n\n\n\n<p><\/p>\n","protected":false},"author":4,"featured_media":267927,"comment_status":"closed","ping_status":"closed","template":"","meta":{"_acf_changed":false,"footnotes":""},"tags":[6408],"class_list":["post-267919","live-news","type-live-news","status-publish","has-post-thumbnail","hentry","tag-dakar-2026"],"acf":[],"yoast_head":"<!-- This site is optimized with the Yoast SEO Premium plugin v27.5 (Yoast SEO v27.5) - https:\/\/yoast.com\/product\/yoast-seo-premium-wordpress\/ -->\n<title>Rezumatul Dakar 2026, etapa 8: Toyota ob\u021bine o nou\u0103 victorie. Dacia \u00ee\u0219i p\u0103streaz\u0103 primul loc la general - Autocritica<\/title>\n<meta name=\"robots\" content=\"index, follow, max-snippet:-1, max-image-preview:large, max-video-preview:-1\" \/>\n<link rel=\"canonical\" href=\"https:\/\/www.autocritica.ro\/en\/live-news\/rezumatul-dakar-2026-etapa-8-toyota-obtine-o-noua-victorie-dacia-isi-pastreaza-primul-loc-la-general\/\" \/>\n<meta property=\"og:locale\" content=\"en_US\" \/>\n<meta property=\"og:type\" content=\"article\" \/>\n<meta property=\"og:title\" content=\"Rezumatul Dakar 2026, etapa 8: Toyota ob\u021bine o nou\u0103 victorie. Dacia \u00ee\u0219i p\u0103streaz\u0103 primul loc la general\" \/>\n<meta property=\"og:description\" content=\"\u2022 S-a&nbsp;\u00eencheiat etapa a opta a Raliului Dakar 2026. Concuren\u021bii au avut de parcurs 483 km de prob\u0103 cronometrat\u0103 \u00eentr-o bucl\u0103 cu start \u0219i sosire \u00een\" \/>\n<meta property=\"og:url\" content=\"https:\/\/www.autocritica.ro\/en\/live-news\/rezumatul-dakar-2026-etapa-8-toyota-obtine-o-noua-victorie-dacia-isi-pastreaza-primul-loc-la-general\/\" \/>\n<meta property=\"og:site_name\" content=\"Autocritica\" \/>\n<meta property=\"article:publisher\" content=\"https:\/\/www.facebook.com\/autocritica.ro\" \/>\n<meta property=\"article:modified_time\" content=\"2026-01-12T12:38:37+00:00\" \/>\n<meta property=\"og:image\" content=\"https:\/\/www.autocritica.ro\/wp-content\/uploads\/2026\/01\/imago1071153660-scaled.jpg\" \/>\n\t<meta property=\"og:image:width\" content=\"2560\" \/>\n\t<meta property=\"og:image:height\" content=\"1706\" \/>\n\t<meta property=\"og:image:type\" content=\"image\/jpeg\" \/>\n<meta name=\"twitter:card\" content=\"summary_large_image\" \/>\n<meta name=\"twitter:label1\" content=\"Est. reading time\" \/>\n\t<meta name=\"twitter:data1\" content=\"2 minutes\" \/>\n<script type=\"application\/ld+json\" class=\"yoast-schema-graph\">{\"@context\":\"https:\\\/\\\/schema.org\",\"@graph\":[{\"@type\":\"WebPage\",\"@id\":\"https:\\\/\\\/www.autocritica.ro\\\/en\\\/live-news\\\/rezumatul-dakar-2026-etapa-8-toyota-obtine-o-noua-victorie-dacia-isi-pastreaza-primul-loc-la-general\\\/\",\"url\":\"https:\\\/\\\/www.autocritica.ro\\\/en\\\/live-news\\\/rezumatul-dakar-2026-etapa-8-toyota-obtine-o-noua-victorie-dacia-isi-pastreaza-primul-loc-la-general\\\/\",\"name\":\"Rezumatul Dakar 2026, etapa 8: Toyota ob\u021bine o nou\u0103 victorie. Dacia \u00ee\u0219i p\u0103streaz\u0103 primul loc la general - Autocritica\",\"isPartOf\":{\"@id\":\"https:\\\/\\\/www.autocritica.ro\\\/en\\\/#website\"},\"primaryImageOfPage\":{\"@id\":\"https:\\\/\\\/www.autocritica.ro\\\/en\\\/live-news\\\/rezumatul-dakar-2026-etapa-8-toyota-obtine-o-noua-victorie-dacia-isi-pastreaza-primul-loc-la-general\\\/#primaryimage\"},\"image\":{\"@id\":\"https:\\\/\\\/www.autocritica.ro\\\/en\\\/live-news\\\/rezumatul-dakar-2026-etapa-8-toyota-obtine-o-noua-victorie-dacia-isi-pastreaza-primul-loc-la-general\\\/#primaryimage\"},\"thumbnailUrl\":\"https:\\\/\\\/www.autocritica.ro\\\/wp-content\\\/uploads\\\/2026\\\/01\\\/imago1071153660-scaled.jpg\",\"datePublished\":\"2026-01-12T12:38:27+00:00\",\"dateModified\":\"2026-01-12T12:38:37+00:00\",\"breadcrumb\":{\"@id\":\"https:\\\/\\\/www.autocritica.ro\\\/en\\\/live-news\\\/rezumatul-dakar-2026-etapa-8-toyota-obtine-o-noua-victorie-dacia-isi-pastreaza-primul-loc-la-general\\\/#breadcrumb\"},\"inLanguage\":\"en-US\",\"potentialAction\":[{\"@type\":\"ReadAction\",\"target\":[\"https:\\\/\\\/www.autocritica.ro\\\/en\\\/live-news\\\/rezumatul-dakar-2026-etapa-8-toyota-obtine-o-noua-victorie-dacia-isi-pastreaza-primul-loc-la-general\\\/\"]}]},{\"@type\":\"ImageObject\",\"inLanguage\":\"en-US\",\"@id\":\"https:\\\/\\\/www.autocritica.ro\\\/en\\\/live-news\\\/rezumatul-dakar-2026-etapa-8-toyota-obtine-o-noua-victorie-dacia-isi-pastreaza-primul-loc-la-general\\\/#primaryimage\",\"url\":\"https:\\\/\\\/www.autocritica.ro\\\/wp-content\\\/uploads\\\/2026\\\/01\\\/imago1071153660-scaled.jpg\",\"contentUrl\":\"https:\\\/\\\/www.autocritica.ro\\\/wp-content\\\/uploads\\\/2026\\\/01\\\/imago1071153660-scaled.jpg\",\"width\":2560,\"height\":1706},{\"@type\":\"BreadcrumbList\",\"@id\":\"https:\\\/\\\/www.autocritica.ro\\\/en\\\/live-news\\\/rezumatul-dakar-2026-etapa-8-toyota-obtine-o-noua-victorie-dacia-isi-pastreaza-primul-loc-la-general\\\/#breadcrumb\",\"itemListElement\":[{\"@type\":\"ListItem\",\"position\":1,\"name\":\"Home\",\"item\":\"https:\\\/\\\/www.autocritica.ro\\\/en\\\/\"},{\"@type\":\"ListItem\",\"position\":2,\"name\":\"Live News\",\"item\":\"https:\\\/\\\/www.autocritica.ro\\\/en\\\/live-news\\\/\"},{\"@type\":\"ListItem\",\"position\":3,\"name\":\"Rezumatul Dakar 2026, etapa 8: Toyota ob\u021bine o nou\u0103 victorie. Dacia \u00ee\u0219i p\u0103streaz\u0103 primul loc la general\"}]},{\"@type\":\"WebSite\",\"@id\":\"https:\\\/\\\/www.autocritica.ro\\\/en\\\/#website\",\"url\":\"https:\\\/\\\/www.autocritica.ro\\\/en\\\/\",\"name\":\"Autocritica\",\"description\":\"\",\"publisher\":{\"@id\":\"https:\\\/\\\/www.autocritica.ro\\\/en\\\/#organization\"},\"potentialAction\":[{\"@type\":\"SearchAction\",\"target\":{\"@type\":\"EntryPoint\",\"urlTemplate\":\"https:\\\/\\\/www.autocritica.ro\\\/en\\\/?s={search_term_string}\"},\"query-input\":{\"@type\":\"PropertyValueSpecification\",\"valueRequired\":true,\"valueName\":\"search_term_string\"}}],\"inLanguage\":\"en-US\"},{\"@type\":\"Organization\",\"@id\":\"https:\\\/\\\/www.autocritica.ro\\\/en\\\/#organization\",\"name\":\"Autocritica\",\"url\":\"https:\\\/\\\/www.autocritica.ro\\\/en\\\/\",\"logo\":{\"@type\":\"ImageObject\",\"inLanguage\":\"en-US\",\"@id\":\"https:\\\/\\\/www.autocritica.ro\\\/en\\\/#\\\/schema\\\/logo\\\/image\\\/\",\"url\":\"https:\\\/\\\/www.autocritica.ro\\\/wp-content\\\/uploads\\\/2020\\\/12\\\/logo-negru.png\",\"contentUrl\":\"https:\\\/\\\/www.autocritica.ro\\\/wp-content\\\/uploads\\\/2020\\\/12\\\/logo-negru.png\",\"width\":300,\"height\":102,\"caption\":\"Autocritica\"},\"image\":{\"@id\":\"https:\\\/\\\/www.autocritica.ro\\\/en\\\/#\\\/schema\\\/logo\\\/image\\\/\"},\"sameAs\":[\"https:\\\/\\\/www.facebook.com\\\/autocritica.ro\",\"https:\\\/\\\/www.instagram.com\\\/autocritica.ro\\\/\"]}]}<\/script>\n<!-- \/ Yoast SEO Premium plugin. -->","yoast_head_json":{"title":"Rezumatul Dakar 2026, etapa 8: Toyota ob\u021bine o nou\u0103 victorie. Dacia \u00ee\u0219i p\u0103streaz\u0103 primul loc la general - Autocritica","robots":{"index":"index","follow":"follow","max-snippet":"max-snippet:-1","max-image-preview":"max-image-preview:large","max-video-preview":"max-video-preview:-1"},"canonical":"https:\/\/www.autocritica.ro\/en\/live-news\/rezumatul-dakar-2026-etapa-8-toyota-obtine-o-noua-victorie-dacia-isi-pastreaza-primul-loc-la-general\/","og_locale":"en_US","og_type":"article","og_title":"Rezumatul Dakar 2026, etapa 8: Toyota ob\u021bine o nou\u0103 victorie. Dacia \u00ee\u0219i p\u0103streaz\u0103 primul loc la general","og_description":"\u2022 S-a&nbsp;\u00eencheiat etapa a opta a Raliului Dakar 2026. Concuren\u021bii au avut de parcurs 483 km de prob\u0103 cronometrat\u0103 \u00eentr-o bucl\u0103 cu start \u0219i sosire \u00een","og_url":"https:\/\/www.autocritica.ro\/en\/live-news\/rezumatul-dakar-2026-etapa-8-toyota-obtine-o-noua-victorie-dacia-isi-pastreaza-primul-loc-la-general\/","og_site_name":"Autocritica","article_publisher":"https:\/\/www.facebook.com\/autocritica.ro","article_modified_time":"2026-01-12T12:38:37+00:00","og_image":[{"width":2560,"height":1706,"url":"https:\/\/www.autocritica.ro\/wp-content\/uploads\/2026\/01\/imago1071153660-scaled.jpg","type":"image\/jpeg"}],"twitter_card":"summary_large_image","twitter_misc":{"Est. reading time":"2 minutes"},"schema":{"@context":"https:\/\/schema.org","@graph":[{"@type":"WebPage","@id":"https:\/\/www.autocritica.ro\/en\/live-news\/rezumatul-dakar-2026-etapa-8-toyota-obtine-o-noua-victorie-dacia-isi-pastreaza-primul-loc-la-general\/","url":"https:\/\/www.autocritica.ro\/en\/live-news\/rezumatul-dakar-2026-etapa-8-toyota-obtine-o-noua-victorie-dacia-isi-pastreaza-primul-loc-la-general\/","name":"Rezumatul Dakar 2026, etapa 8: Toyota ob\u021bine o nou\u0103 victorie. Dacia \u00ee\u0219i p\u0103streaz\u0103 primul loc la general - Autocritica","isPartOf":{"@id":"https:\/\/www.autocritica.ro\/en\/#website"},"primaryImageOfPage":{"@id":"https:\/\/www.autocritica.ro\/en\/live-news\/rezumatul-dakar-2026-etapa-8-toyota-obtine-o-noua-victorie-dacia-isi-pastreaza-primul-loc-la-general\/#primaryimage"},"image":{"@id":"https:\/\/www.autocritica.ro\/en\/live-news\/rezumatul-dakar-2026-etapa-8-toyota-obtine-o-noua-victorie-dacia-isi-pastreaza-primul-loc-la-general\/#primaryimage"},"thumbnailUrl":"https:\/\/www.autocritica.ro\/wp-content\/uploads\/2026\/01\/imago1071153660-scaled.jpg","datePublished":"2026-01-12T12:38:27+00:00","dateModified":"2026-01-12T12:38:37+00:00","breadcrumb":{"@id":"https:\/\/www.autocritica.ro\/en\/live-news\/rezumatul-dakar-2026-etapa-8-toyota-obtine-o-noua-victorie-dacia-isi-pastreaza-primul-loc-la-general\/#breadcrumb"},"inLanguage":"en-US","potentialAction":[{"@type":"ReadAction","target":["https:\/\/www.autocritica.ro\/en\/live-news\/rezumatul-dakar-2026-etapa-8-toyota-obtine-o-noua-victorie-dacia-isi-pastreaza-primul-loc-la-general\/"]}]},{"@type":"ImageObject","inLanguage":"en-US","@id":"https:\/\/www.autocritica.ro\/en\/live-news\/rezumatul-dakar-2026-etapa-8-toyota-obtine-o-noua-victorie-dacia-isi-pastreaza-primul-loc-la-general\/#primaryimage","url":"https:\/\/www.autocritica.ro\/wp-content\/uploads\/2026\/01\/imago1071153660-scaled.jpg","contentUrl":"https:\/\/www.autocritica.ro\/wp-content\/uploads\/2026\/01\/imago1071153660-scaled.jpg","width":2560,"height":1706},{"@type":"BreadcrumbList","@id":"https:\/\/www.autocritica.ro\/en\/live-news\/rezumatul-dakar-2026-etapa-8-toyota-obtine-o-noua-victorie-dacia-isi-pastreaza-primul-loc-la-general\/#breadcrumb","itemListElement":[{"@type":"ListItem","position":1,"name":"Home","item":"https:\/\/www.autocritica.ro\/en\/"},{"@type":"ListItem","position":2,"name":"Live News","item":"https:\/\/www.autocritica.ro\/en\/live-news\/"},{"@type":"ListItem","position":3,"name":"Rezumatul Dakar 2026, etapa 8: Toyota ob\u021bine o nou\u0103 victorie. Dacia \u00ee\u0219i p\u0103streaz\u0103 primul loc la general"}]},{"@type":"WebSite","@id":"https:\/\/www.autocritica.ro\/en\/#website","url":"https:\/\/www.autocritica.ro\/en\/","name":"Autocritica","description":"","publisher":{"@id":"https:\/\/www.autocritica.ro\/en\/#organization"},"potentialAction":[{"@type":"SearchAction","target":{"@type":"EntryPoint","urlTemplate":"https:\/\/www.autocritica.ro\/en\/?s={search_term_string}"},"query-input":{"@type":"PropertyValueSpecification","valueRequired":true,"valueName":"search_term_string"}}],"inLanguage":"en-US"},{"@type":"Organization","@id":"https:\/\/www.autocritica.ro\/en\/#organization","name":"Autocritica","url":"https:\/\/www.autocritica.ro\/en\/","logo":{"@type":"ImageObject","inLanguage":"en-US","@id":"https:\/\/www.autocritica.ro\/en\/#\/schema\/logo\/image\/","url":"https:\/\/www.autocritica.ro\/wp-content\/uploads\/2020\/12\/logo-negru.png","contentUrl":"https:\/\/www.autocritica.ro\/wp-content\/uploads\/2020\/12\/logo-negru.png","width":300,"height":102,"caption":"Autocritica"},"image":{"@id":"https:\/\/www.autocritica.ro\/en\/#\/schema\/logo\/image\/"},"sameAs":["https:\/\/www.facebook.com\/autocritica.ro","https:\/\/www.instagram.com\/autocritica.ro\/"]}]}},"_links":{"self":[{"href":"https:\/\/www.autocritica.ro\/en\/wp-json\/wp\/v2\/live-news\/267919","targetHints":{"allow":["GET"]}}],"collection":[{"href":"https:\/\/www.autocritica.ro\/en\/wp-json\/wp\/v2\/live-news"}],"about":[{"href":"https:\/\/www.autocritica.ro\/en\/wp-json\/wp\/v2\/types\/live-news"}],"author":[{"embeddable":true,"href":"https:\/\/www.autocritica.ro\/en\/wp-json\/wp\/v2\/users\/4"}],"replies":[{"embeddable":true,"href":"https:\/\/www.autocritica.ro\/en\/wp-json\/wp\/v2\/comments?post=267919"}],"version-history":[{"count":3,"href":"https:\/\/www.autocritica.ro\/en\/wp-json\/wp\/v2\/live-news\/267919\/revisions"}],"predecessor-version":[{"id":267933,"href":"https:\/\/www.autocritica.ro\/en\/wp-json\/wp\/v2\/live-news\/267919\/revisions\/267933"}],"wp:featuredmedia":[{"embeddable":true,"href":"https:\/\/www.autocritica.ro\/en\/wp-json\/wp\/v2\/media\/267927"}],"wp:attachment":[{"href":"https:\/\/www.autocritica.ro\/en\/wp-json\/wp\/v2\/media?parent=267919"}],"wp:term":[{"taxonomy":"post_tag","embeddable":true,"href":"https:\/\/www.autocritica.ro\/en\/wp-json\/wp\/v2\/tags?post=267919"}],"curies":[{"name":"wp","href":"https:\/\/api.w.org\/{rel}","templated":true}]}}