{"id":267856,"date":"2026-01-11T15:49:11","date_gmt":"2026-01-11T12:49:11","guid":{"rendered":"https:\/\/www.autocritica.ro\/?post_type=live-news&#038;p=267856"},"modified":"2026-01-11T15:55:11","modified_gmt":"2026-01-11T12:55:11","slug":"raliul-dakar-2026-etapa-7-ford-obtine-o-noua-victorie-dacia-ramane-lider-la-general","status":"publish","type":"live-news","link":"https:\/\/www.autocritica.ro\/en\/live-news\/raliul-dakar-2026-etapa-7-ford-obtine-o-noua-victorie-dacia-ramane-lider-la-general\/","title":{"rendered":"Raliul Dakar 2026, etapa 7: Ford ob\u021bine o nou\u0103 victorie. Dacia r\u0103m\u00e2ne lider la general"},"content":{"rendered":"\n<p>\u2022 S-a \u00eencheiat proba cronometrat\u0103 (459 de km) din etapa a \u0219aptea a Raliului Dakar 2026.&nbsp;<\/p>\n\n\n\n<p>\u2022 La clasa Auto s-a impus echipajul suedez format din Mattias Ekstr\u00f6m \u2013 Emil Bergkvist (Ford Racing). Pe locul secund s-a clasat echipajul portughez Joao Ferreira &#8211; Filipe Palmeiro (+4 min 27s; Toyota Gazoo Racing SA), iar ultima treapt\u0103 a podiumului a fost ocupat\u0103 de americanii Mitch Guthrie \u0219i Kellon Walch (+4 min 55s; Ford Racing).&nbsp;<\/p>\n\n\n\n<p>\u2022 Etapa a \u0219aptea a fost dominat\u0103 p\u00e2n\u0103 la penultimul punct de control de la kilometrul 417 de Henk Lategan (Toyota Gazoo Racing W2RC), \u00eens\u0103 sud africanul a ajuns la fini\u0219 cu al 13-lea timp al zilei \u0219i cu o \u00eent\u00e2rziere de 8 min \u0219i 35s.&nbsp;<\/p>\n\n\n\n<p>\u2022 Lucas Moraes \u2013 Dennis Zenz \u0219i\u00a0S\u00e9bastien Loeb \u2013 Edouard Boulanger sunt echipajele Dacia Sandriders care au punctat cel mai sus \u00een etapa de ast\u0103zi (locurile 5 \u0219i 6). Nasser Al-Attiyah a \u00eencheiat ziua pe locul al 11-lea, iar Cristina Gutierrez a terminat pe locul al 20-lea.\u00a0<\/p>\n\n\n\n<p>\u2022 \u00cen urma rezultatelor de ast\u0103zi, Nasser Al-Attiyah r\u0103m\u00e2ne \u00een fruntea clasamentului general provizoriu. Pe locul secund urc\u0103 Mattias Ekstr\u00f6m, iar ultima treapt\u0103 a podiumului este ocupat\u0103 de Nani Roma.&nbsp;<\/p>\n\n\n\n<p>\u2022 Clasamentul Dakar 2026 dup\u0103 a \u0219aptea etap\u0103 \u00een categoria Auto:<\/p>\n\n\n\n<ol class=\"wp-block-list\">\n<li>Nasser Al-Attiyah \u2013 Fabian Lurquin (Dacia Sandriders)<\/li>\n\n\n\n<li>Mattias Ekstr\u00f6m \u2013 Emil Bergkvist (Ford Racing);&nbsp;+4 min 47s<\/li>\n\n\n\n<li>Nani Roma \u2013 Alex Haro (Ford Racing);&nbsp;+7 min 15s<\/li>\n\n\n\n<li>Henk Lategan \u2013 Brett Cummings (Toyota Gazoo Racing W2RC); +7 min 21s<\/li>\n\n\n\n<li>Carlos Sainz \u2013 Lucas Cruz (Ford Racing); +10 min 26s<\/li>\n\n\n\n<li>S\u00e9bastien Loeb \u2013 Edouard Boulanger (Dacia Sandriders); +15 min 39s<\/li>\n\n\n\n<li>Mitch Guthrie \u2013 Kellon Walch (Ford Racing); +19 min 20s<\/li>\n\n\n\n<li>Mathieu Serradori \u2013 Loin Minaudier (Century Racing);&nbsp;+21 min 55s<\/li>\n\n\n\n<li>Lucas Moraes \u2013 Dennis Zenz (Dacia Sandriders); +24 min 39s<\/li>\n\n\n\n<li>Erik Goczal \u2013 Szymon Gospodarczyk (Energylandia); +25 min 25s<\/li>\n<\/ol>\n\n\n\n<p>\u2022 Emanuel Gyenes \u00eenc\u0103 se resimte dup\u0103 accidentul din etapa a treia (din declara\u021biile sale, acesta continu\u0103 s\u0103 aib\u0103 probleme cu vederea). Riderul din Satu Mare a \u00eencheiat etapa a \u0219aptea pe pozi\u021bia a \u0219aptea \u00een categoria Original by Motul (f\u0103r\u0103 echip\u0103 de asisten\u021b\u0103 tehnic\u0103), cu o \u00eent\u00e2rziere de peste 33 de min fa\u021b\u0103 de c\u00e2\u0219tig\u0103tor. \u00cen clasamentul general provizoriu, Mani urc\u0103 pe locul al patrulea.&nbsp;<\/p>\n\n\n\n<p>\u2022 Clasamentul Dakar 2026 dup\u0103 a \u0219asea etap\u0103 \u00een categoria Original by Motul:<\/p>\n\n\n\n<ol class=\"wp-block-list\">\n<li>Benjamin Melot;<\/li>\n\n\n\n<li>Josep Pedro; +2 min 50s<\/li>\n\n\n\n<li>Jerome Martiny; +13 min 51s<\/li>\n\n\n\n<li>Emanuel Gyenes; o or\u0103 \u0219i 20 min&nbsp;<\/li>\n\n\n\n<li>Javi Vega; + 2 ore \u0219i 6 min<\/li>\n<\/ol>\n\n\n\n<figure class=\"wp-block-gallery has-nested-images columns-default is-cropped wp-block-gallery-1 is-layout-flex wp-block-gallery-is-layout-flex\">\n<figure class=\"wp-block-image size-large\"><a href=\"https:\/\/www.autocritica.ro\/wp-content\/uploads\/2026\/01\/SI202601080424.jpg\" data-lbwps-width=\"2800\" data-lbwps-height=\"1867\" data-lbwps-srcsmall=\"https:\/\/www.autocritica.ro\/wp-content\/uploads\/2026\/01\/SI202601080424-300x200.jpg\"><img loading=\"lazy\" decoding=\"async\" width=\"1024\" height=\"683\" data-id=\"267865\" src=\"https:\/\/www.autocritica.ro\/wp-content\/uploads\/2026\/01\/SI202601080424-1024x683.jpg\" alt=\"\" class=\"wp-image-267865\" srcset=\"https:\/\/www.autocritica.ro\/wp-content\/uploads\/2026\/01\/SI202601080424-1024x683.jpg 1024w, https:\/\/www.autocritica.ro\/wp-content\/uploads\/2026\/01\/SI202601080424-300x200.jpg 300w, https:\/\/www.autocritica.ro\/wp-content\/uploads\/2026\/01\/SI202601080424-768x512.jpg 768w, https:\/\/www.autocritica.ro\/wp-content\/uploads\/2026\/01\/SI202601080424-1536x1024.jpg 1536w, https:\/\/www.autocritica.ro\/wp-content\/uploads\/2026\/01\/SI202601080424-2048x1366.jpg 2048w, https:\/\/www.autocritica.ro\/wp-content\/uploads\/2026\/01\/SI202601080424-1200x800.jpg 1200w, https:\/\/www.autocritica.ro\/wp-content\/uploads\/2026\/01\/SI202601080424-1000x666.jpg 1000w, https:\/\/www.autocritica.ro\/wp-content\/uploads\/2026\/01\/SI202601080424-2000x1333.jpg 2000w\" sizes=\"auto, (max-width: 1024px) 100vw, 1024px\" \/><\/a><figcaption class=\"wp-element-caption\">Mattias Ekstr\u00f6m \u2013 Emil Bergkvist, Foto: Marcelo Maragni \/ Red Bull Content Pool<\/figcaption><\/figure>\n\n\n\n<figure class=\"wp-block-image size-large\"><a href=\"https:\/\/www.autocritica.ro\/wp-content\/uploads\/2026\/01\/imago1071033303.jpg\" data-lbwps-width=\"2800\" data-lbwps-height=\"1866\" data-lbwps-srcsmall=\"https:\/\/www.autocritica.ro\/wp-content\/uploads\/2026\/01\/imago1071033303-300x200.jpg\"><img loading=\"lazy\" decoding=\"async\" width=\"1024\" height=\"682\" data-id=\"267860\" src=\"https:\/\/www.autocritica.ro\/wp-content\/uploads\/2026\/01\/imago1071033303-1024x682.jpg\" alt=\"\" class=\"wp-image-267860\" srcset=\"https:\/\/www.autocritica.ro\/wp-content\/uploads\/2026\/01\/imago1071033303-1024x682.jpg 1024w, https:\/\/www.autocritica.ro\/wp-content\/uploads\/2026\/01\/imago1071033303-300x200.jpg 300w, https:\/\/www.autocritica.ro\/wp-content\/uploads\/2026\/01\/imago1071033303-768x512.jpg 768w, https:\/\/www.autocritica.ro\/wp-content\/uploads\/2026\/01\/imago1071033303-1536x1024.jpg 1536w, https:\/\/www.autocritica.ro\/wp-content\/uploads\/2026\/01\/imago1071033303-2048x1365.jpg 2048w, https:\/\/www.autocritica.ro\/wp-content\/uploads\/2026\/01\/imago1071033303-1200x800.jpg 1200w, https:\/\/www.autocritica.ro\/wp-content\/uploads\/2026\/01\/imago1071033303-1000x666.jpg 1000w, https:\/\/www.autocritica.ro\/wp-content\/uploads\/2026\/01\/imago1071033303-2000x1333.jpg 2000w\" sizes=\"auto, (max-width: 1024px) 100vw, 1024px\" \/><\/a><figcaption class=\"wp-element-caption\">Joao Ferreira &#8211; Filipe Palmeiro. Foto: Imago<\/figcaption><\/figure>\n\n\n\n<figure class=\"wp-block-image size-large\"><a href=\"https:\/\/www.autocritica.ro\/wp-content\/uploads\/2026\/01\/SI202601040018.jpg\" data-lbwps-width=\"2800\" data-lbwps-height=\"1867\" data-lbwps-srcsmall=\"https:\/\/www.autocritica.ro\/wp-content\/uploads\/2026\/01\/SI202601040018-300x200.jpg\"><img loading=\"lazy\" decoding=\"async\" width=\"1024\" height=\"683\" data-id=\"267863\" src=\"https:\/\/www.autocritica.ro\/wp-content\/uploads\/2026\/01\/SI202601040018-1024x683.jpg\" alt=\"\" class=\"wp-image-267863\" srcset=\"https:\/\/www.autocritica.ro\/wp-content\/uploads\/2026\/01\/SI202601040018-1024x683.jpg 1024w, https:\/\/www.autocritica.ro\/wp-content\/uploads\/2026\/01\/SI202601040018-300x200.jpg 300w, https:\/\/www.autocritica.ro\/wp-content\/uploads\/2026\/01\/SI202601040018-768x512.jpg 768w, https:\/\/www.autocritica.ro\/wp-content\/uploads\/2026\/01\/SI202601040018-1536x1024.jpg 1536w, https:\/\/www.autocritica.ro\/wp-content\/uploads\/2026\/01\/SI202601040018-2048x1366.jpg 2048w, https:\/\/www.autocritica.ro\/wp-content\/uploads\/2026\/01\/SI202601040018-1200x800.jpg 1200w, https:\/\/www.autocritica.ro\/wp-content\/uploads\/2026\/01\/SI202601040018-1000x666.jpg 1000w, https:\/\/www.autocritica.ro\/wp-content\/uploads\/2026\/01\/SI202601040018-2000x1333.jpg 2000w\" sizes=\"auto, (max-width: 1024px) 100vw, 1024px\" \/><\/a><figcaption class=\"wp-element-caption\">Mitch Guthrie \u0219i Kellon Walch. Foto: Marcelo Maragni \/ Red Bull Content Pool<\/figcaption><\/figure>\n\n\n\n<figure class=\"wp-block-image size-large\"><a href=\"https:\/\/www.autocritica.ro\/wp-content\/uploads\/2026\/01\/M12_8005.jpg\" data-lbwps-width=\"2800\" data-lbwps-height=\"1866\" data-lbwps-srcsmall=\"https:\/\/www.autocritica.ro\/wp-content\/uploads\/2026\/01\/M12_8005-300x200.jpg\"><img loading=\"lazy\" decoding=\"async\" width=\"1024\" height=\"682\" data-id=\"267858\" src=\"https:\/\/www.autocritica.ro\/wp-content\/uploads\/2026\/01\/M12_8005-1024x682.jpg\" alt=\"\" class=\"wp-image-267858\" srcset=\"https:\/\/www.autocritica.ro\/wp-content\/uploads\/2026\/01\/M12_8005-1024x682.jpg 1024w, https:\/\/www.autocritica.ro\/wp-content\/uploads\/2026\/01\/M12_8005-300x200.jpg 300w, https:\/\/www.autocritica.ro\/wp-content\/uploads\/2026\/01\/M12_8005-768x512.jpg 768w, https:\/\/www.autocritica.ro\/wp-content\/uploads\/2026\/01\/M12_8005-1536x1024.jpg 1536w, https:\/\/www.autocritica.ro\/wp-content\/uploads\/2026\/01\/M12_8005-2048x1365.jpg 2048w, https:\/\/www.autocritica.ro\/wp-content\/uploads\/2026\/01\/M12_8005-1200x800.jpg 1200w, https:\/\/www.autocritica.ro\/wp-content\/uploads\/2026\/01\/M12_8005-1000x666.jpg 1000w, https:\/\/www.autocritica.ro\/wp-content\/uploads\/2026\/01\/M12_8005-2000x1333.jpg 2000w\" sizes=\"auto, (max-width: 1024px) 100vw, 1024px\" \/><\/a><figcaption class=\"wp-element-caption\">Lucas Moraes \u2013 Dennis Zenz. Foto: Dacia Sandriders<\/figcaption><\/figure>\n\n\n\n<figure class=\"wp-block-image size-large\"><a href=\"https:\/\/www.autocritica.ro\/wp-content\/uploads\/2026\/01\/M13_7167.jpg\" data-lbwps-width=\"2800\" data-lbwps-height=\"1866\" data-lbwps-srcsmall=\"https:\/\/www.autocritica.ro\/wp-content\/uploads\/2026\/01\/M13_7167-300x200.jpg\"><img loading=\"lazy\" decoding=\"async\" width=\"1024\" height=\"682\" data-id=\"267859\" src=\"https:\/\/www.autocritica.ro\/wp-content\/uploads\/2026\/01\/M13_7167-1024x682.jpg\" alt=\"\" class=\"wp-image-267859\" srcset=\"https:\/\/www.autocritica.ro\/wp-content\/uploads\/2026\/01\/M13_7167-1024x682.jpg 1024w, https:\/\/www.autocritica.ro\/wp-content\/uploads\/2026\/01\/M13_7167-300x200.jpg 300w, https:\/\/www.autocritica.ro\/wp-content\/uploads\/2026\/01\/M13_7167-768x512.jpg 768w, https:\/\/www.autocritica.ro\/wp-content\/uploads\/2026\/01\/M13_7167-1536x1024.jpg 1536w, https:\/\/www.autocritica.ro\/wp-content\/uploads\/2026\/01\/M13_7167-2048x1365.jpg 2048w, https:\/\/www.autocritica.ro\/wp-content\/uploads\/2026\/01\/M13_7167-1200x800.jpg 1200w, https:\/\/www.autocritica.ro\/wp-content\/uploads\/2026\/01\/M13_7167-1000x666.jpg 1000w, https:\/\/www.autocritica.ro\/wp-content\/uploads\/2026\/01\/M13_7167-2000x1333.jpg 2000w\" sizes=\"auto, (max-width: 1024px) 100vw, 1024px\" \/><\/a><figcaption class=\"wp-element-caption\">Nasser Al-Attiyah \u2013 Fabian Lurquin. Foto: Dacia Sandriders<\/figcaption><\/figure>\n\n\n\n<figure class=\"wp-block-image size-large\"><a href=\"https:\/\/www.autocritica.ro\/wp-content\/uploads\/2026\/01\/M41_1611.jpg\" data-lbwps-width=\"2800\" data-lbwps-height=\"1867\" data-lbwps-srcsmall=\"https:\/\/www.autocritica.ro\/wp-content\/uploads\/2026\/01\/M41_1611-300x200.jpg\"><img loading=\"lazy\" decoding=\"async\" width=\"1024\" height=\"683\" data-id=\"267868\" src=\"https:\/\/www.autocritica.ro\/wp-content\/uploads\/2026\/01\/M41_1611-1024x683.jpg\" alt=\"\" class=\"wp-image-267868\" srcset=\"https:\/\/www.autocritica.ro\/wp-content\/uploads\/2026\/01\/M41_1611-1024x683.jpg 1024w, https:\/\/www.autocritica.ro\/wp-content\/uploads\/2026\/01\/M41_1611-300x200.jpg 300w, https:\/\/www.autocritica.ro\/wp-content\/uploads\/2026\/01\/M41_1611-768x512.jpg 768w, https:\/\/www.autocritica.ro\/wp-content\/uploads\/2026\/01\/M41_1611-1536x1024.jpg 1536w, https:\/\/www.autocritica.ro\/wp-content\/uploads\/2026\/01\/M41_1611-2048x1366.jpg 2048w, https:\/\/www.autocritica.ro\/wp-content\/uploads\/2026\/01\/M41_1611-1200x800.jpg 1200w, https:\/\/www.autocritica.ro\/wp-content\/uploads\/2026\/01\/M41_1611-1000x666.jpg 1000w, https:\/\/www.autocritica.ro\/wp-content\/uploads\/2026\/01\/M41_1611-2000x1333.jpg 2000w\" sizes=\"auto, (max-width: 1024px) 100vw, 1024px\" \/><\/a><figcaption class=\"wp-element-caption\">S\u00e9bastien Loeb \u2013 Edouard Boulanger. Foto: Dacia Sandriders<\/figcaption><\/figure>\n\n\n\n<figure class=\"wp-block-image size-large\"><a href=\"https:\/\/www.autocritica.ro\/wp-content\/uploads\/2026\/01\/00_DK26_RF904877-Copy.jpg\" data-lbwps-width=\"2800\" data-lbwps-height=\"1867\" data-lbwps-srcsmall=\"https:\/\/www.autocritica.ro\/wp-content\/uploads\/2026\/01\/00_DK26_RF904877-Copy-300x200.jpg\"><img loading=\"lazy\" decoding=\"async\" width=\"1024\" height=\"683\" data-id=\"267869\" src=\"https:\/\/www.autocritica.ro\/wp-content\/uploads\/2026\/01\/00_DK26_RF904877-Copy-1024x683.jpg\" alt=\"\" class=\"wp-image-267869\" srcset=\"https:\/\/www.autocritica.ro\/wp-content\/uploads\/2026\/01\/00_DK26_RF904877-Copy-1024x683.jpg 1024w, https:\/\/www.autocritica.ro\/wp-content\/uploads\/2026\/01\/00_DK26_RF904877-Copy-300x200.jpg 300w, https:\/\/www.autocritica.ro\/wp-content\/uploads\/2026\/01\/00_DK26_RF904877-Copy-768x512.jpg 768w, https:\/\/www.autocritica.ro\/wp-content\/uploads\/2026\/01\/00_DK26_RF904877-Copy-1536x1024.jpg 1536w, https:\/\/www.autocritica.ro\/wp-content\/uploads\/2026\/01\/00_DK26_RF904877-Copy-2048x1366.jpg 2048w, https:\/\/www.autocritica.ro\/wp-content\/uploads\/2026\/01\/00_DK26_RF904877-Copy-1200x800.jpg 1200w, https:\/\/www.autocritica.ro\/wp-content\/uploads\/2026\/01\/00_DK26_RF904877-Copy-1000x666.jpg 1000w, https:\/\/www.autocritica.ro\/wp-content\/uploads\/2026\/01\/00_DK26_RF904877-Copy-2000x1333.jpg 2000w\" sizes=\"auto, (max-width: 1024px) 100vw, 1024px\" \/><\/a><figcaption class=\"wp-element-caption\">Mani Gyenes. Foto: CBAImages<\/figcaption><\/figure>\n<\/figure>\n\n\n\n<p>Foto: <a href=\"https:\/\/www.redbullcontentpool.com\/search?q=Marcelo%20Maragni%20%2F%20Red%20Bull%20Content%20Pool\">Marcelo Maragni \/ Red Bull Content Pool<\/a>, CBAImages, Dacia Sandriders<\/p>\n","protected":false},"author":4,"featured_media":267865,"comment_status":"closed","ping_status":"closed","template":"","meta":{"_acf_changed":false,"footnotes":""},"tags":[6408],"class_list":["post-267856","live-news","type-live-news","status-publish","has-post-thumbnail","hentry","tag-dakar-2026"],"acf":[],"yoast_head":"<!-- This site is optimized with the Yoast SEO Premium plugin v27.5 (Yoast SEO v27.5) - https:\/\/yoast.com\/product\/yoast-seo-premium-wordpress\/ -->\n<title>Raliul Dakar 2026, etapa 7: Ford ob\u021bine o nou\u0103 victorie. Dacia r\u0103m\u00e2ne lider la general - Autocritica<\/title>\n<meta name=\"robots\" content=\"index, follow, max-snippet:-1, max-image-preview:large, max-video-preview:-1\" \/>\n<link rel=\"canonical\" href=\"https:\/\/www.autocritica.ro\/en\/live-news\/raliul-dakar-2026-etapa-7-ford-obtine-o-noua-victorie-dacia-ramane-lider-la-general\/\" \/>\n<meta property=\"og:locale\" content=\"en_US\" \/>\n<meta property=\"og:type\" content=\"article\" \/>\n<meta property=\"og:title\" content=\"Raliul Dakar 2026, etapa 7: Ford ob\u021bine o nou\u0103 victorie. Dacia r\u0103m\u00e2ne lider la general\" \/>\n<meta property=\"og:description\" content=\"\u2022 S-a \u00eencheiat proba cronometrat\u0103 (459 de km) din etapa a \u0219aptea a Raliului Dakar 2026.&nbsp; \u2022 La clasa Auto s-a impus echipajul suedez format din\" \/>\n<meta property=\"og:url\" content=\"https:\/\/www.autocritica.ro\/en\/live-news\/raliul-dakar-2026-etapa-7-ford-obtine-o-noua-victorie-dacia-ramane-lider-la-general\/\" \/>\n<meta property=\"og:site_name\" content=\"Autocritica\" \/>\n<meta property=\"article:publisher\" content=\"https:\/\/www.facebook.com\/autocritica.ro\" \/>\n<meta property=\"article:modified_time\" content=\"2026-01-11T12:55:11+00:00\" \/>\n<meta property=\"og:image\" content=\"https:\/\/www.autocritica.ro\/wp-content\/uploads\/2026\/01\/SI202601080424-scaled.jpg\" \/>\n\t<meta property=\"og:image:width\" content=\"2560\" \/>\n\t<meta property=\"og:image:height\" content=\"1707\" \/>\n\t<meta property=\"og:image:type\" content=\"image\/jpeg\" \/>\n<meta name=\"twitter:card\" content=\"summary_large_image\" \/>\n<meta name=\"twitter:label1\" content=\"Est. reading time\" \/>\n\t<meta name=\"twitter:data1\" content=\"2 minutes\" \/>\n<script type=\"application\/ld+json\" class=\"yoast-schema-graph\">{\"@context\":\"https:\\\/\\\/schema.org\",\"@graph\":[{\"@type\":\"WebPage\",\"@id\":\"https:\\\/\\\/www.autocritica.ro\\\/en\\\/live-news\\\/raliul-dakar-2026-etapa-7-ford-obtine-o-noua-victorie-dacia-ramane-lider-la-general\\\/\",\"url\":\"https:\\\/\\\/www.autocritica.ro\\\/en\\\/live-news\\\/raliul-dakar-2026-etapa-7-ford-obtine-o-noua-victorie-dacia-ramane-lider-la-general\\\/\",\"name\":\"Raliul Dakar 2026, etapa 7: Ford ob\u021bine o nou\u0103 victorie. Dacia r\u0103m\u00e2ne lider la general - Autocritica\",\"isPartOf\":{\"@id\":\"https:\\\/\\\/www.autocritica.ro\\\/en\\\/#website\"},\"primaryImageOfPage\":{\"@id\":\"https:\\\/\\\/www.autocritica.ro\\\/en\\\/live-news\\\/raliul-dakar-2026-etapa-7-ford-obtine-o-noua-victorie-dacia-ramane-lider-la-general\\\/#primaryimage\"},\"image\":{\"@id\":\"https:\\\/\\\/www.autocritica.ro\\\/en\\\/live-news\\\/raliul-dakar-2026-etapa-7-ford-obtine-o-noua-victorie-dacia-ramane-lider-la-general\\\/#primaryimage\"},\"thumbnailUrl\":\"https:\\\/\\\/www.autocritica.ro\\\/wp-content\\\/uploads\\\/2026\\\/01\\\/SI202601080424-scaled.jpg\",\"datePublished\":\"2026-01-11T12:49:11+00:00\",\"dateModified\":\"2026-01-11T12:55:11+00:00\",\"breadcrumb\":{\"@id\":\"https:\\\/\\\/www.autocritica.ro\\\/en\\\/live-news\\\/raliul-dakar-2026-etapa-7-ford-obtine-o-noua-victorie-dacia-ramane-lider-la-general\\\/#breadcrumb\"},\"inLanguage\":\"en-US\",\"potentialAction\":[{\"@type\":\"ReadAction\",\"target\":[\"https:\\\/\\\/www.autocritica.ro\\\/en\\\/live-news\\\/raliul-dakar-2026-etapa-7-ford-obtine-o-noua-victorie-dacia-ramane-lider-la-general\\\/\"]}]},{\"@type\":\"ImageObject\",\"inLanguage\":\"en-US\",\"@id\":\"https:\\\/\\\/www.autocritica.ro\\\/en\\\/live-news\\\/raliul-dakar-2026-etapa-7-ford-obtine-o-noua-victorie-dacia-ramane-lider-la-general\\\/#primaryimage\",\"url\":\"https:\\\/\\\/www.autocritica.ro\\\/wp-content\\\/uploads\\\/2026\\\/01\\\/SI202601080424-scaled.jpg\",\"contentUrl\":\"https:\\\/\\\/www.autocritica.ro\\\/wp-content\\\/uploads\\\/2026\\\/01\\\/SI202601080424-scaled.jpg\",\"width\":2560,\"height\":1707},{\"@type\":\"BreadcrumbList\",\"@id\":\"https:\\\/\\\/www.autocritica.ro\\\/en\\\/live-news\\\/raliul-dakar-2026-etapa-7-ford-obtine-o-noua-victorie-dacia-ramane-lider-la-general\\\/#breadcrumb\",\"itemListElement\":[{\"@type\":\"ListItem\",\"position\":1,\"name\":\"Home\",\"item\":\"https:\\\/\\\/www.autocritica.ro\\\/en\\\/\"},{\"@type\":\"ListItem\",\"position\":2,\"name\":\"Live News\",\"item\":\"https:\\\/\\\/www.autocritica.ro\\\/en\\\/live-news\\\/\"},{\"@type\":\"ListItem\",\"position\":3,\"name\":\"Raliul Dakar 2026, etapa 7: Ford ob\u021bine o nou\u0103 victorie. Dacia r\u0103m\u00e2ne lider la general\"}]},{\"@type\":\"WebSite\",\"@id\":\"https:\\\/\\\/www.autocritica.ro\\\/en\\\/#website\",\"url\":\"https:\\\/\\\/www.autocritica.ro\\\/en\\\/\",\"name\":\"Autocritica\",\"description\":\"\",\"publisher\":{\"@id\":\"https:\\\/\\\/www.autocritica.ro\\\/en\\\/#organization\"},\"potentialAction\":[{\"@type\":\"SearchAction\",\"target\":{\"@type\":\"EntryPoint\",\"urlTemplate\":\"https:\\\/\\\/www.autocritica.ro\\\/en\\\/?s={search_term_string}\"},\"query-input\":{\"@type\":\"PropertyValueSpecification\",\"valueRequired\":true,\"valueName\":\"search_term_string\"}}],\"inLanguage\":\"en-US\"},{\"@type\":\"Organization\",\"@id\":\"https:\\\/\\\/www.autocritica.ro\\\/en\\\/#organization\",\"name\":\"Autocritica\",\"url\":\"https:\\\/\\\/www.autocritica.ro\\\/en\\\/\",\"logo\":{\"@type\":\"ImageObject\",\"inLanguage\":\"en-US\",\"@id\":\"https:\\\/\\\/www.autocritica.ro\\\/en\\\/#\\\/schema\\\/logo\\\/image\\\/\",\"url\":\"https:\\\/\\\/www.autocritica.ro\\\/wp-content\\\/uploads\\\/2020\\\/12\\\/logo-negru.png\",\"contentUrl\":\"https:\\\/\\\/www.autocritica.ro\\\/wp-content\\\/uploads\\\/2020\\\/12\\\/logo-negru.png\",\"width\":300,\"height\":102,\"caption\":\"Autocritica\"},\"image\":{\"@id\":\"https:\\\/\\\/www.autocritica.ro\\\/en\\\/#\\\/schema\\\/logo\\\/image\\\/\"},\"sameAs\":[\"https:\\\/\\\/www.facebook.com\\\/autocritica.ro\",\"https:\\\/\\\/www.instagram.com\\\/autocritica.ro\\\/\"]}]}<\/script>\n<!-- \/ Yoast SEO Premium plugin. -->","yoast_head_json":{"title":"Raliul Dakar 2026, etapa 7: Ford ob\u021bine o nou\u0103 victorie. Dacia r\u0103m\u00e2ne lider la general - Autocritica","robots":{"index":"index","follow":"follow","max-snippet":"max-snippet:-1","max-image-preview":"max-image-preview:large","max-video-preview":"max-video-preview:-1"},"canonical":"https:\/\/www.autocritica.ro\/en\/live-news\/raliul-dakar-2026-etapa-7-ford-obtine-o-noua-victorie-dacia-ramane-lider-la-general\/","og_locale":"en_US","og_type":"article","og_title":"Raliul Dakar 2026, etapa 7: Ford ob\u021bine o nou\u0103 victorie. Dacia r\u0103m\u00e2ne lider la general","og_description":"\u2022 S-a \u00eencheiat proba cronometrat\u0103 (459 de km) din etapa a \u0219aptea a Raliului Dakar 2026.&nbsp; \u2022 La clasa Auto s-a impus echipajul suedez format din","og_url":"https:\/\/www.autocritica.ro\/en\/live-news\/raliul-dakar-2026-etapa-7-ford-obtine-o-noua-victorie-dacia-ramane-lider-la-general\/","og_site_name":"Autocritica","article_publisher":"https:\/\/www.facebook.com\/autocritica.ro","article_modified_time":"2026-01-11T12:55:11+00:00","og_image":[{"width":2560,"height":1707,"url":"https:\/\/www.autocritica.ro\/wp-content\/uploads\/2026\/01\/SI202601080424-scaled.jpg","type":"image\/jpeg"}],"twitter_card":"summary_large_image","twitter_misc":{"Est. reading time":"2 minutes"},"schema":{"@context":"https:\/\/schema.org","@graph":[{"@type":"WebPage","@id":"https:\/\/www.autocritica.ro\/en\/live-news\/raliul-dakar-2026-etapa-7-ford-obtine-o-noua-victorie-dacia-ramane-lider-la-general\/","url":"https:\/\/www.autocritica.ro\/en\/live-news\/raliul-dakar-2026-etapa-7-ford-obtine-o-noua-victorie-dacia-ramane-lider-la-general\/","name":"Raliul Dakar 2026, etapa 7: Ford ob\u021bine o nou\u0103 victorie. Dacia r\u0103m\u00e2ne lider la general - Autocritica","isPartOf":{"@id":"https:\/\/www.autocritica.ro\/en\/#website"},"primaryImageOfPage":{"@id":"https:\/\/www.autocritica.ro\/en\/live-news\/raliul-dakar-2026-etapa-7-ford-obtine-o-noua-victorie-dacia-ramane-lider-la-general\/#primaryimage"},"image":{"@id":"https:\/\/www.autocritica.ro\/en\/live-news\/raliul-dakar-2026-etapa-7-ford-obtine-o-noua-victorie-dacia-ramane-lider-la-general\/#primaryimage"},"thumbnailUrl":"https:\/\/www.autocritica.ro\/wp-content\/uploads\/2026\/01\/SI202601080424-scaled.jpg","datePublished":"2026-01-11T12:49:11+00:00","dateModified":"2026-01-11T12:55:11+00:00","breadcrumb":{"@id":"https:\/\/www.autocritica.ro\/en\/live-news\/raliul-dakar-2026-etapa-7-ford-obtine-o-noua-victorie-dacia-ramane-lider-la-general\/#breadcrumb"},"inLanguage":"en-US","potentialAction":[{"@type":"ReadAction","target":["https:\/\/www.autocritica.ro\/en\/live-news\/raliul-dakar-2026-etapa-7-ford-obtine-o-noua-victorie-dacia-ramane-lider-la-general\/"]}]},{"@type":"ImageObject","inLanguage":"en-US","@id":"https:\/\/www.autocritica.ro\/en\/live-news\/raliul-dakar-2026-etapa-7-ford-obtine-o-noua-victorie-dacia-ramane-lider-la-general\/#primaryimage","url":"https:\/\/www.autocritica.ro\/wp-content\/uploads\/2026\/01\/SI202601080424-scaled.jpg","contentUrl":"https:\/\/www.autocritica.ro\/wp-content\/uploads\/2026\/01\/SI202601080424-scaled.jpg","width":2560,"height":1707},{"@type":"BreadcrumbList","@id":"https:\/\/www.autocritica.ro\/en\/live-news\/raliul-dakar-2026-etapa-7-ford-obtine-o-noua-victorie-dacia-ramane-lider-la-general\/#breadcrumb","itemListElement":[{"@type":"ListItem","position":1,"name":"Home","item":"https:\/\/www.autocritica.ro\/en\/"},{"@type":"ListItem","position":2,"name":"Live News","item":"https:\/\/www.autocritica.ro\/en\/live-news\/"},{"@type":"ListItem","position":3,"name":"Raliul Dakar 2026, etapa 7: Ford ob\u021bine o nou\u0103 victorie. Dacia r\u0103m\u00e2ne lider la general"}]},{"@type":"WebSite","@id":"https:\/\/www.autocritica.ro\/en\/#website","url":"https:\/\/www.autocritica.ro\/en\/","name":"Autocritica","description":"","publisher":{"@id":"https:\/\/www.autocritica.ro\/en\/#organization"},"potentialAction":[{"@type":"SearchAction","target":{"@type":"EntryPoint","urlTemplate":"https:\/\/www.autocritica.ro\/en\/?s={search_term_string}"},"query-input":{"@type":"PropertyValueSpecification","valueRequired":true,"valueName":"search_term_string"}}],"inLanguage":"en-US"},{"@type":"Organization","@id":"https:\/\/www.autocritica.ro\/en\/#organization","name":"Autocritica","url":"https:\/\/www.autocritica.ro\/en\/","logo":{"@type":"ImageObject","inLanguage":"en-US","@id":"https:\/\/www.autocritica.ro\/en\/#\/schema\/logo\/image\/","url":"https:\/\/www.autocritica.ro\/wp-content\/uploads\/2020\/12\/logo-negru.png","contentUrl":"https:\/\/www.autocritica.ro\/wp-content\/uploads\/2020\/12\/logo-negru.png","width":300,"height":102,"caption":"Autocritica"},"image":{"@id":"https:\/\/www.autocritica.ro\/en\/#\/schema\/logo\/image\/"},"sameAs":["https:\/\/www.facebook.com\/autocritica.ro","https:\/\/www.instagram.com\/autocritica.ro\/"]}]}},"_links":{"self":[{"href":"https:\/\/www.autocritica.ro\/en\/wp-json\/wp\/v2\/live-news\/267856","targetHints":{"allow":["GET"]}}],"collection":[{"href":"https:\/\/www.autocritica.ro\/en\/wp-json\/wp\/v2\/live-news"}],"about":[{"href":"https:\/\/www.autocritica.ro\/en\/wp-json\/wp\/v2\/types\/live-news"}],"author":[{"embeddable":true,"href":"https:\/\/www.autocritica.ro\/en\/wp-json\/wp\/v2\/users\/4"}],"replies":[{"embeddable":true,"href":"https:\/\/www.autocritica.ro\/en\/wp-json\/wp\/v2\/comments?post=267856"}],"version-history":[{"count":5,"href":"https:\/\/www.autocritica.ro\/en\/wp-json\/wp\/v2\/live-news\/267856\/revisions"}],"predecessor-version":[{"id":267874,"href":"https:\/\/www.autocritica.ro\/en\/wp-json\/wp\/v2\/live-news\/267856\/revisions\/267874"}],"wp:featuredmedia":[{"embeddable":true,"href":"https:\/\/www.autocritica.ro\/en\/wp-json\/wp\/v2\/media\/267865"}],"wp:attachment":[{"href":"https:\/\/www.autocritica.ro\/en\/wp-json\/wp\/v2\/media?parent=267856"}],"wp:term":[{"taxonomy":"post_tag","embeddable":true,"href":"https:\/\/www.autocritica.ro\/en\/wp-json\/wp\/v2\/tags?post=267856"}],"curies":[{"name":"wp","href":"https:\/\/api.w.org\/{rel}","templated":true}]}}