{"id":17820,"date":"2021-03-22T11:51:11","date_gmt":"2021-03-22T09:51:11","guid":{"rendered":"https:\/\/www.autocritica.ro\/?post_type=live-news&#038;p=17820"},"modified":"2021-03-22T12:09:16","modified_gmt":"2021-03-22T10:09:16","slug":"volkswagen-nu-va-dezvolta-o-niua-generatie-de-motoare-termice","status":"publish","type":"live-news","link":"https:\/\/www.autocritica.ro\/en\/live-news\/volkswagen-nu-va-dezvolta-o-niua-generatie-de-motoare-termice\/","title":{"rendered":"Volkswagen nu va dezvolta o nou\u0103 genera\u021bie de motoare termice"},"content":{"rendered":"<div class=\"kvgmc6g5 cxmmr5t8 oygrvhab hcukyx3x c1et5uql ii04i59q\">\n<div dir=\"auto\">Actuala familie de motoare pe benzin\u0103 \u0219i diesel este ultima pe care o va dezvolta Volkswagen \u00eenaintea erei electrice, anun\u021bat\u0103 deja dup\u0103 2030. \u00cen schimb, actualele motoare diesel \u0219i benzin\u0103 vor continua s\u0103 primeasc\u0103 actualiz\u0103ri \u0219i s\u0103 devin\u0103 din ce \u00een ce mai eficiente, urm\u00e2nd s\u0103 se alinieze implicit la standardele de emisii Euro 7: &#8220;Avem \u00eenc\u0103 nevoie de ele&#8221;, spune Ralf Brandst\u00e4tter, CEO Volkswagen.<\/div>\n<\/div>\n<div class=\"o9v6fnle cxmmr5t8 oygrvhab hcukyx3x c1et5uql ii04i59q\"><\/div>\n","protected":false},"author":3,"featured_media":17821,"comment_status":"open","ping_status":"closed","template":"","meta":{"_acf_changed":false,"footnotes":""},"tags":[81],"class_list":["post-17820","live-news","type-live-news","status-publish","has-post-thumbnail","hentry","tag-volkswagen"],"acf":[],"yoast_head":"<!-- This site is optimized with the Yoast SEO Premium plugin v27.6 (Yoast SEO v27.6) - https:\/\/yoast.com\/product\/yoast-seo-premium-wordpress\/ -->\n<title>Volkswagen nu va dezvolta o nou\u0103 genera\u021bie de motoare termice - Autocritica<\/title>\n<meta name=\"robots\" content=\"index, follow, max-snippet:-1, max-image-preview:large, max-video-preview:-1\" \/>\n<link rel=\"canonical\" href=\"https:\/\/www.autocritica.ro\/en\/live-news\/volkswagen-nu-va-dezvolta-o-niua-generatie-de-motoare-termice\/\" \/>\n<meta property=\"og:locale\" content=\"en_US\" \/>\n<meta property=\"og:type\" content=\"article\" \/>\n<meta property=\"og:title\" content=\"Volkswagen nu va dezvolta o nou\u0103 genera\u021bie de motoare termice\" \/>\n<meta property=\"og:description\" content=\"Actuala familie de motoare pe benzin\u0103 \u0219i diesel este ultima pe care o va dezvolta Volkswagen \u00eenaintea erei electrice, anun\u021bat\u0103 deja dup\u0103 2030. \u00cen schimb,\" \/>\n<meta property=\"og:url\" content=\"https:\/\/www.autocritica.ro\/en\/live-news\/volkswagen-nu-va-dezvolta-o-niua-generatie-de-motoare-termice\/\" \/>\n<meta property=\"og:site_name\" content=\"Autocritica\" \/>\n<meta property=\"article:publisher\" content=\"https:\/\/www.facebook.com\/autocritica.ro\" \/>\n<meta property=\"article:modified_time\" content=\"2021-03-22T10:09:16+00:00\" \/>\n<meta property=\"og:image\" content=\"https:\/\/www.autocritica.ro\/wp-content\/uploads\/2021\/03\/DB2020AU01960_medium.jpeg\" \/>\n\t<meta property=\"og:image:width\" content=\"1795\" \/>\n\t<meta property=\"og:image:height\" content=\"1197\" \/>\n\t<meta property=\"og:image:type\" content=\"image\/jpeg\" \/>\n<meta name=\"twitter:card\" content=\"summary_large_image\" \/>\n<meta name=\"twitter:label1\" content=\"Est. reading time\" \/>\n\t<meta name=\"twitter:data1\" content=\"1 minute\" \/>\n<script type=\"application\/ld+json\" class=\"yoast-schema-graph\">{\"@context\":\"https:\\\/\\\/schema.org\",\"@graph\":[{\"@type\":\"WebPage\",\"@id\":\"https:\\\/\\\/www.autocritica.ro\\\/en\\\/live-news\\\/volkswagen-nu-va-dezvolta-o-niua-generatie-de-motoare-termice\\\/\",\"url\":\"https:\\\/\\\/www.autocritica.ro\\\/en\\\/live-news\\\/volkswagen-nu-va-dezvolta-o-niua-generatie-de-motoare-termice\\\/\",\"name\":\"Volkswagen nu va dezvolta o nou\u0103 genera\u021bie de motoare termice - Autocritica\",\"isPartOf\":{\"@id\":\"https:\\\/\\\/www.autocritica.ro\\\/en\\\/#website\"},\"primaryImageOfPage\":{\"@id\":\"https:\\\/\\\/www.autocritica.ro\\\/en\\\/live-news\\\/volkswagen-nu-va-dezvolta-o-niua-generatie-de-motoare-termice\\\/#primaryimage\"},\"image\":{\"@id\":\"https:\\\/\\\/www.autocritica.ro\\\/en\\\/live-news\\\/volkswagen-nu-va-dezvolta-o-niua-generatie-de-motoare-termice\\\/#primaryimage\"},\"thumbnailUrl\":\"https:\\\/\\\/www.autocritica.ro\\\/wp-content\\\/uploads\\\/2021\\\/03\\\/DB2020AU01960_medium.jpeg\",\"datePublished\":\"2021-03-22T09:51:11+00:00\",\"dateModified\":\"2021-03-22T10:09:16+00:00\",\"breadcrumb\":{\"@id\":\"https:\\\/\\\/www.autocritica.ro\\\/en\\\/live-news\\\/volkswagen-nu-va-dezvolta-o-niua-generatie-de-motoare-termice\\\/#breadcrumb\"},\"inLanguage\":\"en-US\",\"potentialAction\":[{\"@type\":\"ReadAction\",\"target\":[\"https:\\\/\\\/www.autocritica.ro\\\/en\\\/live-news\\\/volkswagen-nu-va-dezvolta-o-niua-generatie-de-motoare-termice\\\/\"]}]},{\"@type\":\"ImageObject\",\"inLanguage\":\"en-US\",\"@id\":\"https:\\\/\\\/www.autocritica.ro\\\/en\\\/live-news\\\/volkswagen-nu-va-dezvolta-o-niua-generatie-de-motoare-termice\\\/#primaryimage\",\"url\":\"https:\\\/\\\/www.autocritica.ro\\\/wp-content\\\/uploads\\\/2021\\\/03\\\/DB2020AU01960_medium.jpeg\",\"contentUrl\":\"https:\\\/\\\/www.autocritica.ro\\\/wp-content\\\/uploads\\\/2021\\\/03\\\/DB2020AU01960_medium.jpeg\",\"width\":1795,\"height\":1197},{\"@type\":\"BreadcrumbList\",\"@id\":\"https:\\\/\\\/www.autocritica.ro\\\/en\\\/live-news\\\/volkswagen-nu-va-dezvolta-o-niua-generatie-de-motoare-termice\\\/#breadcrumb\",\"itemListElement\":[{\"@type\":\"ListItem\",\"position\":1,\"name\":\"Home\",\"item\":\"https:\\\/\\\/www.autocritica.ro\\\/en\\\/\"},{\"@type\":\"ListItem\",\"position\":2,\"name\":\"Live News\",\"item\":\"https:\\\/\\\/www.autocritica.ro\\\/en\\\/live-news\\\/\"},{\"@type\":\"ListItem\",\"position\":3,\"name\":\"Volkswagen nu va dezvolta o nou\u0103 genera\u021bie de motoare termice\"}]},{\"@type\":\"WebSite\",\"@id\":\"https:\\\/\\\/www.autocritica.ro\\\/en\\\/#website\",\"url\":\"https:\\\/\\\/www.autocritica.ro\\\/en\\\/\",\"name\":\"Autocritica\",\"description\":\"\",\"publisher\":{\"@id\":\"https:\\\/\\\/www.autocritica.ro\\\/en\\\/#organization\"},\"potentialAction\":[{\"@type\":\"SearchAction\",\"target\":{\"@type\":\"EntryPoint\",\"urlTemplate\":\"https:\\\/\\\/www.autocritica.ro\\\/en\\\/?s={search_term_string}\"},\"query-input\":{\"@type\":\"PropertyValueSpecification\",\"valueRequired\":true,\"valueName\":\"search_term_string\"}}],\"inLanguage\":\"en-US\"},{\"@type\":\"Organization\",\"@id\":\"https:\\\/\\\/www.autocritica.ro\\\/en\\\/#organization\",\"name\":\"Autocritica\",\"url\":\"https:\\\/\\\/www.autocritica.ro\\\/en\\\/\",\"logo\":{\"@type\":\"ImageObject\",\"inLanguage\":\"en-US\",\"@id\":\"https:\\\/\\\/www.autocritica.ro\\\/en\\\/#\\\/schema\\\/logo\\\/image\\\/\",\"url\":\"https:\\\/\\\/www.autocritica.ro\\\/wp-content\\\/uploads\\\/2020\\\/12\\\/logo-negru.png\",\"contentUrl\":\"https:\\\/\\\/www.autocritica.ro\\\/wp-content\\\/uploads\\\/2020\\\/12\\\/logo-negru.png\",\"width\":300,\"height\":102,\"caption\":\"Autocritica\"},\"image\":{\"@id\":\"https:\\\/\\\/www.autocritica.ro\\\/en\\\/#\\\/schema\\\/logo\\\/image\\\/\"},\"sameAs\":[\"https:\\\/\\\/www.facebook.com\\\/autocritica.ro\",\"https:\\\/\\\/www.instagram.com\\\/autocritica.ro\\\/\"]}]}<\/script>\n<!-- \/ Yoast SEO Premium plugin. -->","yoast_head_json":{"title":"Volkswagen nu va dezvolta o nou\u0103 genera\u021bie de motoare termice - Autocritica","robots":{"index":"index","follow":"follow","max-snippet":"max-snippet:-1","max-image-preview":"max-image-preview:large","max-video-preview":"max-video-preview:-1"},"canonical":"https:\/\/www.autocritica.ro\/en\/live-news\/volkswagen-nu-va-dezvolta-o-niua-generatie-de-motoare-termice\/","og_locale":"en_US","og_type":"article","og_title":"Volkswagen nu va dezvolta o nou\u0103 genera\u021bie de motoare termice","og_description":"Actuala familie de motoare pe benzin\u0103 \u0219i diesel este ultima pe care o va dezvolta Volkswagen \u00eenaintea erei electrice, anun\u021bat\u0103 deja dup\u0103 2030. \u00cen schimb,","og_url":"https:\/\/www.autocritica.ro\/en\/live-news\/volkswagen-nu-va-dezvolta-o-niua-generatie-de-motoare-termice\/","og_site_name":"Autocritica","article_publisher":"https:\/\/www.facebook.com\/autocritica.ro","article_modified_time":"2021-03-22T10:09:16+00:00","og_image":[{"width":1795,"height":1197,"url":"https:\/\/www.autocritica.ro\/wp-content\/uploads\/2021\/03\/DB2020AU01960_medium.jpeg","type":"image\/jpeg"}],"twitter_card":"summary_large_image","twitter_misc":{"Est. reading time":"1 minute"},"schema":{"@context":"https:\/\/schema.org","@graph":[{"@type":"WebPage","@id":"https:\/\/www.autocritica.ro\/en\/live-news\/volkswagen-nu-va-dezvolta-o-niua-generatie-de-motoare-termice\/","url":"https:\/\/www.autocritica.ro\/en\/live-news\/volkswagen-nu-va-dezvolta-o-niua-generatie-de-motoare-termice\/","name":"Volkswagen nu va dezvolta o nou\u0103 genera\u021bie de motoare termice - Autocritica","isPartOf":{"@id":"https:\/\/www.autocritica.ro\/en\/#website"},"primaryImageOfPage":{"@id":"https:\/\/www.autocritica.ro\/en\/live-news\/volkswagen-nu-va-dezvolta-o-niua-generatie-de-motoare-termice\/#primaryimage"},"image":{"@id":"https:\/\/www.autocritica.ro\/en\/live-news\/volkswagen-nu-va-dezvolta-o-niua-generatie-de-motoare-termice\/#primaryimage"},"thumbnailUrl":"https:\/\/www.autocritica.ro\/wp-content\/uploads\/2021\/03\/DB2020AU01960_medium.jpeg","datePublished":"2021-03-22T09:51:11+00:00","dateModified":"2021-03-22T10:09:16+00:00","breadcrumb":{"@id":"https:\/\/www.autocritica.ro\/en\/live-news\/volkswagen-nu-va-dezvolta-o-niua-generatie-de-motoare-termice\/#breadcrumb"},"inLanguage":"en-US","potentialAction":[{"@type":"ReadAction","target":["https:\/\/www.autocritica.ro\/en\/live-news\/volkswagen-nu-va-dezvolta-o-niua-generatie-de-motoare-termice\/"]}]},{"@type":"ImageObject","inLanguage":"en-US","@id":"https:\/\/www.autocritica.ro\/en\/live-news\/volkswagen-nu-va-dezvolta-o-niua-generatie-de-motoare-termice\/#primaryimage","url":"https:\/\/www.autocritica.ro\/wp-content\/uploads\/2021\/03\/DB2020AU01960_medium.jpeg","contentUrl":"https:\/\/www.autocritica.ro\/wp-content\/uploads\/2021\/03\/DB2020AU01960_medium.jpeg","width":1795,"height":1197},{"@type":"BreadcrumbList","@id":"https:\/\/www.autocritica.ro\/en\/live-news\/volkswagen-nu-va-dezvolta-o-niua-generatie-de-motoare-termice\/#breadcrumb","itemListElement":[{"@type":"ListItem","position":1,"name":"Home","item":"https:\/\/www.autocritica.ro\/en\/"},{"@type":"ListItem","position":2,"name":"Live News","item":"https:\/\/www.autocritica.ro\/en\/live-news\/"},{"@type":"ListItem","position":3,"name":"Volkswagen nu va dezvolta o nou\u0103 genera\u021bie de motoare termice"}]},{"@type":"WebSite","@id":"https:\/\/www.autocritica.ro\/en\/#website","url":"https:\/\/www.autocritica.ro\/en\/","name":"Autocritica","description":"","publisher":{"@id":"https:\/\/www.autocritica.ro\/en\/#organization"},"potentialAction":[{"@type":"SearchAction","target":{"@type":"EntryPoint","urlTemplate":"https:\/\/www.autocritica.ro\/en\/?s={search_term_string}"},"query-input":{"@type":"PropertyValueSpecification","valueRequired":true,"valueName":"search_term_string"}}],"inLanguage":"en-US"},{"@type":"Organization","@id":"https:\/\/www.autocritica.ro\/en\/#organization","name":"Autocritica","url":"https:\/\/www.autocritica.ro\/en\/","logo":{"@type":"ImageObject","inLanguage":"en-US","@id":"https:\/\/www.autocritica.ro\/en\/#\/schema\/logo\/image\/","url":"https:\/\/www.autocritica.ro\/wp-content\/uploads\/2020\/12\/logo-negru.png","contentUrl":"https:\/\/www.autocritica.ro\/wp-content\/uploads\/2020\/12\/logo-negru.png","width":300,"height":102,"caption":"Autocritica"},"image":{"@id":"https:\/\/www.autocritica.ro\/en\/#\/schema\/logo\/image\/"},"sameAs":["https:\/\/www.facebook.com\/autocritica.ro","https:\/\/www.instagram.com\/autocritica.ro\/"]}]}},"_links":{"self":[{"href":"https:\/\/www.autocritica.ro\/en\/wp-json\/wp\/v2\/live-news\/17820","targetHints":{"allow":["GET"]}}],"collection":[{"href":"https:\/\/www.autocritica.ro\/en\/wp-json\/wp\/v2\/live-news"}],"about":[{"href":"https:\/\/www.autocritica.ro\/en\/wp-json\/wp\/v2\/types\/live-news"}],"author":[{"embeddable":true,"href":"https:\/\/www.autocritica.ro\/en\/wp-json\/wp\/v2\/users\/3"}],"replies":[{"embeddable":true,"href":"https:\/\/www.autocritica.ro\/en\/wp-json\/wp\/v2\/comments?post=17820"}],"version-history":[{"count":2,"href":"https:\/\/www.autocritica.ro\/en\/wp-json\/wp\/v2\/live-news\/17820\/revisions"}],"predecessor-version":[{"id":17823,"href":"https:\/\/www.autocritica.ro\/en\/wp-json\/wp\/v2\/live-news\/17820\/revisions\/17823"}],"wp:featuredmedia":[{"embeddable":true,"href":"https:\/\/www.autocritica.ro\/en\/wp-json\/wp\/v2\/media\/17821"}],"wp:attachment":[{"href":"https:\/\/www.autocritica.ro\/en\/wp-json\/wp\/v2\/media?parent=17820"}],"wp:term":[{"taxonomy":"post_tag","embeddable":true,"href":"https:\/\/www.autocritica.ro\/en\/wp-json\/wp\/v2\/tags?post=17820"}],"curies":[{"name":"wp","href":"https:\/\/api.w.org\/{rel}","templated":true}]}}