{"id":17092,"date":"2021-03-16T11:35:25","date_gmt":"2021-03-16T09:35:25","guid":{"rendered":"https:\/\/www.autocritica.ro\/?post_type=live-news&#038;p=17092"},"modified":"2021-03-16T11:35:25","modified_gmt":"2021-03-16T09:35:25","slug":"toyota-lanseaza-editia-limitata-gr-supra-jarama-racetrack","status":"publish","type":"live-news","link":"https:\/\/www.autocritica.ro\/en\/live-news\/toyota-lanseaza-editia-limitata-gr-supra-jarama-racetrack\/","title":{"rendered":"Toyota lanseaz\u0103 edi\u021bia limitat\u0103 GR Supra Jarama Racetrack"},"content":{"rendered":"<p>Toyota a publicat primele imagini \u0219i informa\u021bii referitoare la versiunea limitat\u0103 GR Supra Jarama Racetrack Edition. Modelul va fi disponibil doar \u00een Europa, \u00een 90 de unit\u0103\u021bi. Sub capot\u0103 se afl\u0103 motorul de 3.0 litri cu \u0219ase cilindri \u00een linie care dezvolt\u0103 340 CP \u0219i 500 Nm.<\/p>\n","protected":false},"author":4,"featured_media":17093,"comment_status":"open","ping_status":"closed","template":"","meta":{"_acf_changed":false,"footnotes":""},"tags":[1128,1127,895],"class_list":["post-17092","live-news","type-live-news","status-publish","has-post-thumbnail","hentry","tag-jarama-racetrack","tag-supra","tag-toyota"],"acf":[],"yoast_head":"<!-- This site is optimized with the Yoast SEO Premium plugin v27.6 (Yoast SEO v27.6) - https:\/\/yoast.com\/product\/yoast-seo-premium-wordpress\/ -->\n<title>Toyota lanseaz\u0103 edi\u021bia limitat\u0103 GR Supra Jarama Racetrack - Autocritica<\/title>\n<meta name=\"robots\" content=\"index, follow, max-snippet:-1, max-image-preview:large, max-video-preview:-1\" \/>\n<link rel=\"canonical\" href=\"https:\/\/www.autocritica.ro\/en\/live-news\/toyota-lanseaza-editia-limitata-gr-supra-jarama-racetrack\/\" \/>\n<meta property=\"og:locale\" content=\"en_US\" \/>\n<meta property=\"og:type\" content=\"article\" \/>\n<meta property=\"og:title\" content=\"Toyota lanseaz\u0103 edi\u021bia limitat\u0103 GR Supra Jarama Racetrack\" \/>\n<meta property=\"og:description\" content=\"Toyota a publicat primele imagini \u0219i informa\u021bii referitoare la versiunea limitat\u0103 GR Supra Jarama Racetrack Edition. Modelul va fi disponibil doar \u00een\" \/>\n<meta property=\"og:url\" content=\"https:\/\/www.autocritica.ro\/en\/live-news\/toyota-lanseaza-editia-limitata-gr-supra-jarama-racetrack\/\" \/>\n<meta property=\"og:site_name\" content=\"Autocritica\" \/>\n<meta property=\"article:publisher\" content=\"https:\/\/www.facebook.com\/autocritica.ro\" \/>\n<meta property=\"og:image\" content=\"https:\/\/www.autocritica.ro\/wp-content\/uploads\/2021\/03\/6grsupra-scaled.jpg\" \/>\n\t<meta property=\"og:image:width\" content=\"2560\" \/>\n\t<meta property=\"og:image:height\" content=\"1561\" \/>\n\t<meta property=\"og:image:type\" content=\"image\/jpeg\" \/>\n<meta name=\"twitter:card\" content=\"summary_large_image\" \/>\n<meta name=\"twitter:label1\" content=\"Est. reading time\" \/>\n\t<meta name=\"twitter:data1\" content=\"1 minute\" \/>\n<script type=\"application\/ld+json\" class=\"yoast-schema-graph\">{\"@context\":\"https:\\\/\\\/schema.org\",\"@graph\":[{\"@type\":\"WebPage\",\"@id\":\"https:\\\/\\\/www.autocritica.ro\\\/en\\\/live-news\\\/toyota-lanseaza-editia-limitata-gr-supra-jarama-racetrack\\\/\",\"url\":\"https:\\\/\\\/www.autocritica.ro\\\/en\\\/live-news\\\/toyota-lanseaza-editia-limitata-gr-supra-jarama-racetrack\\\/\",\"name\":\"Toyota lanseaz\u0103 edi\u021bia limitat\u0103 GR Supra Jarama Racetrack - Autocritica\",\"isPartOf\":{\"@id\":\"https:\\\/\\\/www.autocritica.ro\\\/en\\\/#website\"},\"primaryImageOfPage\":{\"@id\":\"https:\\\/\\\/www.autocritica.ro\\\/en\\\/live-news\\\/toyota-lanseaza-editia-limitata-gr-supra-jarama-racetrack\\\/#primaryimage\"},\"image\":{\"@id\":\"https:\\\/\\\/www.autocritica.ro\\\/en\\\/live-news\\\/toyota-lanseaza-editia-limitata-gr-supra-jarama-racetrack\\\/#primaryimage\"},\"thumbnailUrl\":\"https:\\\/\\\/www.autocritica.ro\\\/wp-content\\\/uploads\\\/2021\\\/03\\\/6grsupra-scaled.jpg\",\"datePublished\":\"2021-03-16T09:35:25+00:00\",\"breadcrumb\":{\"@id\":\"https:\\\/\\\/www.autocritica.ro\\\/en\\\/live-news\\\/toyota-lanseaza-editia-limitata-gr-supra-jarama-racetrack\\\/#breadcrumb\"},\"inLanguage\":\"en-US\",\"potentialAction\":[{\"@type\":\"ReadAction\",\"target\":[\"https:\\\/\\\/www.autocritica.ro\\\/en\\\/live-news\\\/toyota-lanseaza-editia-limitata-gr-supra-jarama-racetrack\\\/\"]}]},{\"@type\":\"ImageObject\",\"inLanguage\":\"en-US\",\"@id\":\"https:\\\/\\\/www.autocritica.ro\\\/en\\\/live-news\\\/toyota-lanseaza-editia-limitata-gr-supra-jarama-racetrack\\\/#primaryimage\",\"url\":\"https:\\\/\\\/www.autocritica.ro\\\/wp-content\\\/uploads\\\/2021\\\/03\\\/6grsupra-scaled.jpg\",\"contentUrl\":\"https:\\\/\\\/www.autocritica.ro\\\/wp-content\\\/uploads\\\/2021\\\/03\\\/6grsupra-scaled.jpg\",\"width\":2560,\"height\":1561},{\"@type\":\"BreadcrumbList\",\"@id\":\"https:\\\/\\\/www.autocritica.ro\\\/en\\\/live-news\\\/toyota-lanseaza-editia-limitata-gr-supra-jarama-racetrack\\\/#breadcrumb\",\"itemListElement\":[{\"@type\":\"ListItem\",\"position\":1,\"name\":\"Home\",\"item\":\"https:\\\/\\\/www.autocritica.ro\\\/en\\\/\"},{\"@type\":\"ListItem\",\"position\":2,\"name\":\"Live News\",\"item\":\"https:\\\/\\\/www.autocritica.ro\\\/en\\\/live-news\\\/\"},{\"@type\":\"ListItem\",\"position\":3,\"name\":\"Toyota lanseaz\u0103 edi\u021bia limitat\u0103 GR Supra Jarama Racetrack\"}]},{\"@type\":\"WebSite\",\"@id\":\"https:\\\/\\\/www.autocritica.ro\\\/en\\\/#website\",\"url\":\"https:\\\/\\\/www.autocritica.ro\\\/en\\\/\",\"name\":\"Autocritica\",\"description\":\"\",\"publisher\":{\"@id\":\"https:\\\/\\\/www.autocritica.ro\\\/en\\\/#organization\"},\"potentialAction\":[{\"@type\":\"SearchAction\",\"target\":{\"@type\":\"EntryPoint\",\"urlTemplate\":\"https:\\\/\\\/www.autocritica.ro\\\/en\\\/?s={search_term_string}\"},\"query-input\":{\"@type\":\"PropertyValueSpecification\",\"valueRequired\":true,\"valueName\":\"search_term_string\"}}],\"inLanguage\":\"en-US\"},{\"@type\":\"Organization\",\"@id\":\"https:\\\/\\\/www.autocritica.ro\\\/en\\\/#organization\",\"name\":\"Autocritica\",\"url\":\"https:\\\/\\\/www.autocritica.ro\\\/en\\\/\",\"logo\":{\"@type\":\"ImageObject\",\"inLanguage\":\"en-US\",\"@id\":\"https:\\\/\\\/www.autocritica.ro\\\/en\\\/#\\\/schema\\\/logo\\\/image\\\/\",\"url\":\"https:\\\/\\\/www.autocritica.ro\\\/wp-content\\\/uploads\\\/2020\\\/12\\\/logo-negru.png\",\"contentUrl\":\"https:\\\/\\\/www.autocritica.ro\\\/wp-content\\\/uploads\\\/2020\\\/12\\\/logo-negru.png\",\"width\":300,\"height\":102,\"caption\":\"Autocritica\"},\"image\":{\"@id\":\"https:\\\/\\\/www.autocritica.ro\\\/en\\\/#\\\/schema\\\/logo\\\/image\\\/\"},\"sameAs\":[\"https:\\\/\\\/www.facebook.com\\\/autocritica.ro\",\"https:\\\/\\\/www.instagram.com\\\/autocritica.ro\\\/\"]}]}<\/script>\n<!-- \/ Yoast SEO Premium plugin. -->","yoast_head_json":{"title":"Toyota lanseaz\u0103 edi\u021bia limitat\u0103 GR Supra Jarama Racetrack - Autocritica","robots":{"index":"index","follow":"follow","max-snippet":"max-snippet:-1","max-image-preview":"max-image-preview:large","max-video-preview":"max-video-preview:-1"},"canonical":"https:\/\/www.autocritica.ro\/en\/live-news\/toyota-lanseaza-editia-limitata-gr-supra-jarama-racetrack\/","og_locale":"en_US","og_type":"article","og_title":"Toyota lanseaz\u0103 edi\u021bia limitat\u0103 GR Supra Jarama Racetrack","og_description":"Toyota a publicat primele imagini \u0219i informa\u021bii referitoare la versiunea limitat\u0103 GR Supra Jarama Racetrack Edition. Modelul va fi disponibil doar \u00een","og_url":"https:\/\/www.autocritica.ro\/en\/live-news\/toyota-lanseaza-editia-limitata-gr-supra-jarama-racetrack\/","og_site_name":"Autocritica","article_publisher":"https:\/\/www.facebook.com\/autocritica.ro","og_image":[{"width":2560,"height":1561,"url":"https:\/\/www.autocritica.ro\/wp-content\/uploads\/2021\/03\/6grsupra-scaled.jpg","type":"image\/jpeg"}],"twitter_card":"summary_large_image","twitter_misc":{"Est. reading time":"1 minute"},"schema":{"@context":"https:\/\/schema.org","@graph":[{"@type":"WebPage","@id":"https:\/\/www.autocritica.ro\/en\/live-news\/toyota-lanseaza-editia-limitata-gr-supra-jarama-racetrack\/","url":"https:\/\/www.autocritica.ro\/en\/live-news\/toyota-lanseaza-editia-limitata-gr-supra-jarama-racetrack\/","name":"Toyota lanseaz\u0103 edi\u021bia limitat\u0103 GR Supra Jarama Racetrack - Autocritica","isPartOf":{"@id":"https:\/\/www.autocritica.ro\/en\/#website"},"primaryImageOfPage":{"@id":"https:\/\/www.autocritica.ro\/en\/live-news\/toyota-lanseaza-editia-limitata-gr-supra-jarama-racetrack\/#primaryimage"},"image":{"@id":"https:\/\/www.autocritica.ro\/en\/live-news\/toyota-lanseaza-editia-limitata-gr-supra-jarama-racetrack\/#primaryimage"},"thumbnailUrl":"https:\/\/www.autocritica.ro\/wp-content\/uploads\/2021\/03\/6grsupra-scaled.jpg","datePublished":"2021-03-16T09:35:25+00:00","breadcrumb":{"@id":"https:\/\/www.autocritica.ro\/en\/live-news\/toyota-lanseaza-editia-limitata-gr-supra-jarama-racetrack\/#breadcrumb"},"inLanguage":"en-US","potentialAction":[{"@type":"ReadAction","target":["https:\/\/www.autocritica.ro\/en\/live-news\/toyota-lanseaza-editia-limitata-gr-supra-jarama-racetrack\/"]}]},{"@type":"ImageObject","inLanguage":"en-US","@id":"https:\/\/www.autocritica.ro\/en\/live-news\/toyota-lanseaza-editia-limitata-gr-supra-jarama-racetrack\/#primaryimage","url":"https:\/\/www.autocritica.ro\/wp-content\/uploads\/2021\/03\/6grsupra-scaled.jpg","contentUrl":"https:\/\/www.autocritica.ro\/wp-content\/uploads\/2021\/03\/6grsupra-scaled.jpg","width":2560,"height":1561},{"@type":"BreadcrumbList","@id":"https:\/\/www.autocritica.ro\/en\/live-news\/toyota-lanseaza-editia-limitata-gr-supra-jarama-racetrack\/#breadcrumb","itemListElement":[{"@type":"ListItem","position":1,"name":"Home","item":"https:\/\/www.autocritica.ro\/en\/"},{"@type":"ListItem","position":2,"name":"Live News","item":"https:\/\/www.autocritica.ro\/en\/live-news\/"},{"@type":"ListItem","position":3,"name":"Toyota lanseaz\u0103 edi\u021bia limitat\u0103 GR Supra Jarama Racetrack"}]},{"@type":"WebSite","@id":"https:\/\/www.autocritica.ro\/en\/#website","url":"https:\/\/www.autocritica.ro\/en\/","name":"Autocritica","description":"","publisher":{"@id":"https:\/\/www.autocritica.ro\/en\/#organization"},"potentialAction":[{"@type":"SearchAction","target":{"@type":"EntryPoint","urlTemplate":"https:\/\/www.autocritica.ro\/en\/?s={search_term_string}"},"query-input":{"@type":"PropertyValueSpecification","valueRequired":true,"valueName":"search_term_string"}}],"inLanguage":"en-US"},{"@type":"Organization","@id":"https:\/\/www.autocritica.ro\/en\/#organization","name":"Autocritica","url":"https:\/\/www.autocritica.ro\/en\/","logo":{"@type":"ImageObject","inLanguage":"en-US","@id":"https:\/\/www.autocritica.ro\/en\/#\/schema\/logo\/image\/","url":"https:\/\/www.autocritica.ro\/wp-content\/uploads\/2020\/12\/logo-negru.png","contentUrl":"https:\/\/www.autocritica.ro\/wp-content\/uploads\/2020\/12\/logo-negru.png","width":300,"height":102,"caption":"Autocritica"},"image":{"@id":"https:\/\/www.autocritica.ro\/en\/#\/schema\/logo\/image\/"},"sameAs":["https:\/\/www.facebook.com\/autocritica.ro","https:\/\/www.instagram.com\/autocritica.ro\/"]}]}},"_links":{"self":[{"href":"https:\/\/www.autocritica.ro\/en\/wp-json\/wp\/v2\/live-news\/17092","targetHints":{"allow":["GET"]}}],"collection":[{"href":"https:\/\/www.autocritica.ro\/en\/wp-json\/wp\/v2\/live-news"}],"about":[{"href":"https:\/\/www.autocritica.ro\/en\/wp-json\/wp\/v2\/types\/live-news"}],"author":[{"embeddable":true,"href":"https:\/\/www.autocritica.ro\/en\/wp-json\/wp\/v2\/users\/4"}],"replies":[{"embeddable":true,"href":"https:\/\/www.autocritica.ro\/en\/wp-json\/wp\/v2\/comments?post=17092"}],"version-history":[{"count":1,"href":"https:\/\/www.autocritica.ro\/en\/wp-json\/wp\/v2\/live-news\/17092\/revisions"}],"predecessor-version":[{"id":17094,"href":"https:\/\/www.autocritica.ro\/en\/wp-json\/wp\/v2\/live-news\/17092\/revisions\/17094"}],"wp:featuredmedia":[{"embeddable":true,"href":"https:\/\/www.autocritica.ro\/en\/wp-json\/wp\/v2\/media\/17093"}],"wp:attachment":[{"href":"https:\/\/www.autocritica.ro\/en\/wp-json\/wp\/v2\/media?parent=17092"}],"wp:term":[{"taxonomy":"post_tag","embeddable":true,"href":"https:\/\/www.autocritica.ro\/en\/wp-json\/wp\/v2\/tags?post=17092"}],"curies":[{"name":"wp","href":"https:\/\/api.w.org\/{rel}","templated":true}]}}