{"id":16721,"date":"2021-03-11T09:33:03","date_gmt":"2021-03-11T07:33:03","guid":{"rendered":"https:\/\/www.autocritica.ro\/?post_type=live-news&#038;p=16721"},"modified":"2021-03-11T09:33:03","modified_gmt":"2021-03-11T07:33:03","slug":"dacia-a-anuntat-preturile-pentru-romania-pentru-modelul-electric-spring","status":"publish","type":"live-news","link":"https:\/\/www.autocritica.ro\/en\/live-news\/dacia-a-anuntat-preturile-pentru-romania-pentru-modelul-electric-spring\/","title":{"rendered":"Dacia a anun\u021bat pre\u021burile pentru Rom\u00e2nia pentru modelul electric Spring"},"content":{"rendered":"<p>Noul model electric Dacia Spring va fi disponibil pentru precomand\u0103 \u00eencep\u00e2nd din 20 martie pentru 18.100 de euro, \u00een versiunea Comfort Plus. Ulterior, Dacia va introduce \u0219i varianta de echipare Comfort la 16.800 de euro. Livr\u0103rile vor \u00eencepe \u00een luna septembrie.<\/p>\n","protected":false},"author":6,"featured_media":16722,"comment_status":"open","ping_status":"closed","template":"","meta":{"_acf_changed":false,"footnotes":""},"tags":[38,41,39],"class_list":["post-16721","live-news","type-live-news","status-publish","has-post-thumbnail","hentry","tag-dacia","tag-dacia-spring","tag-spring"],"acf":[],"yoast_head":"<!-- This site is optimized with the Yoast SEO Premium plugin v27.6 (Yoast SEO v27.6) - https:\/\/yoast.com\/product\/yoast-seo-premium-wordpress\/ -->\n<title>Dacia a anun\u021bat pre\u021burile pentru Rom\u00e2nia pentru modelul electric Spring - Autocritica<\/title>\n<meta name=\"robots\" content=\"index, follow, max-snippet:-1, max-image-preview:large, max-video-preview:-1\" \/>\n<link rel=\"canonical\" href=\"https:\/\/www.autocritica.ro\/en\/live-news\/dacia-a-anuntat-preturile-pentru-romania-pentru-modelul-electric-spring\/\" \/>\n<meta property=\"og:locale\" content=\"en_US\" \/>\n<meta property=\"og:type\" content=\"article\" \/>\n<meta property=\"og:title\" content=\"Dacia a anun\u021bat pre\u021burile pentru Rom\u00e2nia pentru modelul electric Spring\" \/>\n<meta property=\"og:description\" content=\"Noul model electric Dacia Spring va fi disponibil pentru precomand\u0103 \u00eencep\u00e2nd din 20 martie pentru 18.100 de euro, \u00een versiunea Comfort Plus. Ulterior,\" \/>\n<meta property=\"og:url\" content=\"https:\/\/www.autocritica.ro\/en\/live-news\/dacia-a-anuntat-preturile-pentru-romania-pentru-modelul-electric-spring\/\" \/>\n<meta property=\"og:site_name\" content=\"Autocritica\" \/>\n<meta property=\"article:publisher\" content=\"https:\/\/www.facebook.com\/autocritica.ro\" \/>\n<meta property=\"og:image\" content=\"https:\/\/www.autocritica.ro\/wp-content\/uploads\/2021\/03\/Dacia-Spring-Comfort-Plus.jpg\" \/>\n\t<meta property=\"og:image:width\" content=\"1479\" \/>\n\t<meta property=\"og:image:height\" content=\"832\" \/>\n\t<meta property=\"og:image:type\" content=\"image\/jpeg\" \/>\n<meta name=\"twitter:card\" content=\"summary_large_image\" \/>\n<meta name=\"twitter:label1\" content=\"Est. reading time\" \/>\n\t<meta name=\"twitter:data1\" content=\"1 minute\" \/>\n<script type=\"application\/ld+json\" class=\"yoast-schema-graph\">{\"@context\":\"https:\\\/\\\/schema.org\",\"@graph\":[{\"@type\":\"WebPage\",\"@id\":\"https:\\\/\\\/www.autocritica.ro\\\/en\\\/live-news\\\/dacia-a-anuntat-preturile-pentru-romania-pentru-modelul-electric-spring\\\/\",\"url\":\"https:\\\/\\\/www.autocritica.ro\\\/en\\\/live-news\\\/dacia-a-anuntat-preturile-pentru-romania-pentru-modelul-electric-spring\\\/\",\"name\":\"Dacia a anun\u021bat pre\u021burile pentru Rom\u00e2nia pentru modelul electric Spring - Autocritica\",\"isPartOf\":{\"@id\":\"https:\\\/\\\/www.autocritica.ro\\\/en\\\/#website\"},\"primaryImageOfPage\":{\"@id\":\"https:\\\/\\\/www.autocritica.ro\\\/en\\\/live-news\\\/dacia-a-anuntat-preturile-pentru-romania-pentru-modelul-electric-spring\\\/#primaryimage\"},\"image\":{\"@id\":\"https:\\\/\\\/www.autocritica.ro\\\/en\\\/live-news\\\/dacia-a-anuntat-preturile-pentru-romania-pentru-modelul-electric-spring\\\/#primaryimage\"},\"thumbnailUrl\":\"https:\\\/\\\/www.autocritica.ro\\\/wp-content\\\/uploads\\\/2021\\\/03\\\/Dacia-Spring-Comfort-Plus.jpg\",\"datePublished\":\"2021-03-11T07:33:03+00:00\",\"breadcrumb\":{\"@id\":\"https:\\\/\\\/www.autocritica.ro\\\/en\\\/live-news\\\/dacia-a-anuntat-preturile-pentru-romania-pentru-modelul-electric-spring\\\/#breadcrumb\"},\"inLanguage\":\"en-US\",\"potentialAction\":[{\"@type\":\"ReadAction\",\"target\":[\"https:\\\/\\\/www.autocritica.ro\\\/en\\\/live-news\\\/dacia-a-anuntat-preturile-pentru-romania-pentru-modelul-electric-spring\\\/\"]}]},{\"@type\":\"ImageObject\",\"inLanguage\":\"en-US\",\"@id\":\"https:\\\/\\\/www.autocritica.ro\\\/en\\\/live-news\\\/dacia-a-anuntat-preturile-pentru-romania-pentru-modelul-electric-spring\\\/#primaryimage\",\"url\":\"https:\\\/\\\/www.autocritica.ro\\\/wp-content\\\/uploads\\\/2021\\\/03\\\/Dacia-Spring-Comfort-Plus.jpg\",\"contentUrl\":\"https:\\\/\\\/www.autocritica.ro\\\/wp-content\\\/uploads\\\/2021\\\/03\\\/Dacia-Spring-Comfort-Plus.jpg\",\"width\":1479,\"height\":832},{\"@type\":\"BreadcrumbList\",\"@id\":\"https:\\\/\\\/www.autocritica.ro\\\/en\\\/live-news\\\/dacia-a-anuntat-preturile-pentru-romania-pentru-modelul-electric-spring\\\/#breadcrumb\",\"itemListElement\":[{\"@type\":\"ListItem\",\"position\":1,\"name\":\"Home\",\"item\":\"https:\\\/\\\/www.autocritica.ro\\\/en\\\/\"},{\"@type\":\"ListItem\",\"position\":2,\"name\":\"Live News\",\"item\":\"https:\\\/\\\/www.autocritica.ro\\\/en\\\/live-news\\\/\"},{\"@type\":\"ListItem\",\"position\":3,\"name\":\"Dacia a anun\u021bat pre\u021burile pentru Rom\u00e2nia pentru modelul electric Spring\"}]},{\"@type\":\"WebSite\",\"@id\":\"https:\\\/\\\/www.autocritica.ro\\\/en\\\/#website\",\"url\":\"https:\\\/\\\/www.autocritica.ro\\\/en\\\/\",\"name\":\"Autocritica\",\"description\":\"\",\"publisher\":{\"@id\":\"https:\\\/\\\/www.autocritica.ro\\\/en\\\/#organization\"},\"potentialAction\":[{\"@type\":\"SearchAction\",\"target\":{\"@type\":\"EntryPoint\",\"urlTemplate\":\"https:\\\/\\\/www.autocritica.ro\\\/en\\\/?s={search_term_string}\"},\"query-input\":{\"@type\":\"PropertyValueSpecification\",\"valueRequired\":true,\"valueName\":\"search_term_string\"}}],\"inLanguage\":\"en-US\"},{\"@type\":\"Organization\",\"@id\":\"https:\\\/\\\/www.autocritica.ro\\\/en\\\/#organization\",\"name\":\"Autocritica\",\"url\":\"https:\\\/\\\/www.autocritica.ro\\\/en\\\/\",\"logo\":{\"@type\":\"ImageObject\",\"inLanguage\":\"en-US\",\"@id\":\"https:\\\/\\\/www.autocritica.ro\\\/en\\\/#\\\/schema\\\/logo\\\/image\\\/\",\"url\":\"https:\\\/\\\/www.autocritica.ro\\\/wp-content\\\/uploads\\\/2020\\\/12\\\/logo-negru.png\",\"contentUrl\":\"https:\\\/\\\/www.autocritica.ro\\\/wp-content\\\/uploads\\\/2020\\\/12\\\/logo-negru.png\",\"width\":300,\"height\":102,\"caption\":\"Autocritica\"},\"image\":{\"@id\":\"https:\\\/\\\/www.autocritica.ro\\\/en\\\/#\\\/schema\\\/logo\\\/image\\\/\"},\"sameAs\":[\"https:\\\/\\\/www.facebook.com\\\/autocritica.ro\",\"https:\\\/\\\/www.instagram.com\\\/autocritica.ro\\\/\"]}]}<\/script>\n<!-- \/ Yoast SEO Premium plugin. -->","yoast_head_json":{"title":"Dacia a anun\u021bat pre\u021burile pentru Rom\u00e2nia pentru modelul electric Spring - Autocritica","robots":{"index":"index","follow":"follow","max-snippet":"max-snippet:-1","max-image-preview":"max-image-preview:large","max-video-preview":"max-video-preview:-1"},"canonical":"https:\/\/www.autocritica.ro\/en\/live-news\/dacia-a-anuntat-preturile-pentru-romania-pentru-modelul-electric-spring\/","og_locale":"en_US","og_type":"article","og_title":"Dacia a anun\u021bat pre\u021burile pentru Rom\u00e2nia pentru modelul electric Spring","og_description":"Noul model electric Dacia Spring va fi disponibil pentru precomand\u0103 \u00eencep\u00e2nd din 20 martie pentru 18.100 de euro, \u00een versiunea Comfort Plus. Ulterior,","og_url":"https:\/\/www.autocritica.ro\/en\/live-news\/dacia-a-anuntat-preturile-pentru-romania-pentru-modelul-electric-spring\/","og_site_name":"Autocritica","article_publisher":"https:\/\/www.facebook.com\/autocritica.ro","og_image":[{"width":1479,"height":832,"url":"https:\/\/www.autocritica.ro\/wp-content\/uploads\/2021\/03\/Dacia-Spring-Comfort-Plus.jpg","type":"image\/jpeg"}],"twitter_card":"summary_large_image","twitter_misc":{"Est. reading time":"1 minute"},"schema":{"@context":"https:\/\/schema.org","@graph":[{"@type":"WebPage","@id":"https:\/\/www.autocritica.ro\/en\/live-news\/dacia-a-anuntat-preturile-pentru-romania-pentru-modelul-electric-spring\/","url":"https:\/\/www.autocritica.ro\/en\/live-news\/dacia-a-anuntat-preturile-pentru-romania-pentru-modelul-electric-spring\/","name":"Dacia a anun\u021bat pre\u021burile pentru Rom\u00e2nia pentru modelul electric Spring - Autocritica","isPartOf":{"@id":"https:\/\/www.autocritica.ro\/en\/#website"},"primaryImageOfPage":{"@id":"https:\/\/www.autocritica.ro\/en\/live-news\/dacia-a-anuntat-preturile-pentru-romania-pentru-modelul-electric-spring\/#primaryimage"},"image":{"@id":"https:\/\/www.autocritica.ro\/en\/live-news\/dacia-a-anuntat-preturile-pentru-romania-pentru-modelul-electric-spring\/#primaryimage"},"thumbnailUrl":"https:\/\/www.autocritica.ro\/wp-content\/uploads\/2021\/03\/Dacia-Spring-Comfort-Plus.jpg","datePublished":"2021-03-11T07:33:03+00:00","breadcrumb":{"@id":"https:\/\/www.autocritica.ro\/en\/live-news\/dacia-a-anuntat-preturile-pentru-romania-pentru-modelul-electric-spring\/#breadcrumb"},"inLanguage":"en-US","potentialAction":[{"@type":"ReadAction","target":["https:\/\/www.autocritica.ro\/en\/live-news\/dacia-a-anuntat-preturile-pentru-romania-pentru-modelul-electric-spring\/"]}]},{"@type":"ImageObject","inLanguage":"en-US","@id":"https:\/\/www.autocritica.ro\/en\/live-news\/dacia-a-anuntat-preturile-pentru-romania-pentru-modelul-electric-spring\/#primaryimage","url":"https:\/\/www.autocritica.ro\/wp-content\/uploads\/2021\/03\/Dacia-Spring-Comfort-Plus.jpg","contentUrl":"https:\/\/www.autocritica.ro\/wp-content\/uploads\/2021\/03\/Dacia-Spring-Comfort-Plus.jpg","width":1479,"height":832},{"@type":"BreadcrumbList","@id":"https:\/\/www.autocritica.ro\/en\/live-news\/dacia-a-anuntat-preturile-pentru-romania-pentru-modelul-electric-spring\/#breadcrumb","itemListElement":[{"@type":"ListItem","position":1,"name":"Home","item":"https:\/\/www.autocritica.ro\/en\/"},{"@type":"ListItem","position":2,"name":"Live News","item":"https:\/\/www.autocritica.ro\/en\/live-news\/"},{"@type":"ListItem","position":3,"name":"Dacia a anun\u021bat pre\u021burile pentru Rom\u00e2nia pentru modelul electric Spring"}]},{"@type":"WebSite","@id":"https:\/\/www.autocritica.ro\/en\/#website","url":"https:\/\/www.autocritica.ro\/en\/","name":"Autocritica","description":"","publisher":{"@id":"https:\/\/www.autocritica.ro\/en\/#organization"},"potentialAction":[{"@type":"SearchAction","target":{"@type":"EntryPoint","urlTemplate":"https:\/\/www.autocritica.ro\/en\/?s={search_term_string}"},"query-input":{"@type":"PropertyValueSpecification","valueRequired":true,"valueName":"search_term_string"}}],"inLanguage":"en-US"},{"@type":"Organization","@id":"https:\/\/www.autocritica.ro\/en\/#organization","name":"Autocritica","url":"https:\/\/www.autocritica.ro\/en\/","logo":{"@type":"ImageObject","inLanguage":"en-US","@id":"https:\/\/www.autocritica.ro\/en\/#\/schema\/logo\/image\/","url":"https:\/\/www.autocritica.ro\/wp-content\/uploads\/2020\/12\/logo-negru.png","contentUrl":"https:\/\/www.autocritica.ro\/wp-content\/uploads\/2020\/12\/logo-negru.png","width":300,"height":102,"caption":"Autocritica"},"image":{"@id":"https:\/\/www.autocritica.ro\/en\/#\/schema\/logo\/image\/"},"sameAs":["https:\/\/www.facebook.com\/autocritica.ro","https:\/\/www.instagram.com\/autocritica.ro\/"]}]}},"_links":{"self":[{"href":"https:\/\/www.autocritica.ro\/en\/wp-json\/wp\/v2\/live-news\/16721","targetHints":{"allow":["GET"]}}],"collection":[{"href":"https:\/\/www.autocritica.ro\/en\/wp-json\/wp\/v2\/live-news"}],"about":[{"href":"https:\/\/www.autocritica.ro\/en\/wp-json\/wp\/v2\/types\/live-news"}],"author":[{"embeddable":true,"href":"https:\/\/www.autocritica.ro\/en\/wp-json\/wp\/v2\/users\/6"}],"replies":[{"embeddable":true,"href":"https:\/\/www.autocritica.ro\/en\/wp-json\/wp\/v2\/comments?post=16721"}],"version-history":[{"count":1,"href":"https:\/\/www.autocritica.ro\/en\/wp-json\/wp\/v2\/live-news\/16721\/revisions"}],"predecessor-version":[{"id":16723,"href":"https:\/\/www.autocritica.ro\/en\/wp-json\/wp\/v2\/live-news\/16721\/revisions\/16723"}],"wp:featuredmedia":[{"embeddable":true,"href":"https:\/\/www.autocritica.ro\/en\/wp-json\/wp\/v2\/media\/16722"}],"wp:attachment":[{"href":"https:\/\/www.autocritica.ro\/en\/wp-json\/wp\/v2\/media?parent=16721"}],"wp:term":[{"taxonomy":"post_tag","embeddable":true,"href":"https:\/\/www.autocritica.ro\/en\/wp-json\/wp\/v2\/tags?post=16721"}],"curies":[{"name":"wp","href":"https:\/\/api.w.org\/{rel}","templated":true}]}}