{"id":16581,"date":"2021-03-09T12:50:38","date_gmt":"2021-03-09T10:50:38","guid":{"rendered":"https:\/\/www.autocritica.ro\/?post_type=live-news&#038;p=16581"},"modified":"2021-03-10T10:29:19","modified_gmt":"2021-03-10T08:29:19","slug":"skoda-a-prezentat-in-china-versiunea-cu-ampatment-marit-octavia-pro","status":"publish","type":"live-news","link":"https:\/\/www.autocritica.ro\/en\/live-news\/skoda-a-prezentat-in-china-versiunea-cu-ampatment-marit-octavia-pro\/","title":{"rendered":"\u0160koda a prezentat \u00een China versiunea cu ampatament m\u0103rit Octavia Pro"},"content":{"rendered":"<p>\u0160koda a publicat primele imagini \u0219i informa\u021bii referitoare la versiunea Octavia Pro. Modelul va fi comercializat exclusiv pe pia\u021ba din China \u0219i are un ampatament mai mare cu 44 de milimetri comparativ cu restul variantelor europene.<\/p>\n","protected":false},"author":4,"featured_media":16582,"comment_status":"open","ping_status":"closed","template":"","meta":{"_acf_changed":false,"footnotes":""},"tags":[1078,951],"class_list":["post-16581","live-news","type-live-news","status-publish","has-post-thumbnail","hentry","tag-octavia","tag-skoda"],"acf":[],"yoast_head":"<!-- This site is optimized with the Yoast SEO Premium plugin v27.6 (Yoast SEO v27.6) - https:\/\/yoast.com\/product\/yoast-seo-premium-wordpress\/ -->\n<title>\u0160koda a prezentat \u00een China versiunea cu ampatament m\u0103rit Octavia Pro - Autocritica<\/title>\n<meta name=\"robots\" content=\"index, follow, max-snippet:-1, max-image-preview:large, max-video-preview:-1\" \/>\n<link rel=\"canonical\" href=\"https:\/\/www.autocritica.ro\/en\/live-news\/skoda-a-prezentat-in-china-versiunea-cu-ampatment-marit-octavia-pro\/\" \/>\n<meta property=\"og:locale\" content=\"en_US\" \/>\n<meta property=\"og:type\" content=\"article\" \/>\n<meta property=\"og:title\" content=\"\u0160koda a prezentat \u00een China versiunea cu ampatament m\u0103rit Octavia Pro\" \/>\n<meta property=\"og:description\" content=\"\u0160koda a publicat primele imagini \u0219i informa\u021bii referitoare la versiunea Octavia Pro. Modelul va fi comercializat exclusiv pe pia\u021ba din China \u0219i are un\" \/>\n<meta property=\"og:url\" content=\"https:\/\/www.autocritica.ro\/en\/live-news\/skoda-a-prezentat-in-china-versiunea-cu-ampatment-marit-octavia-pro\/\" \/>\n<meta property=\"og:site_name\" content=\"Autocritica\" \/>\n<meta property=\"article:publisher\" content=\"https:\/\/www.facebook.com\/autocritica.ro\" \/>\n<meta property=\"article:modified_time\" content=\"2021-03-10T08:29:19+00:00\" \/>\n<meta property=\"og:image\" content=\"https:\/\/www.autocritica.ro\/wp-content\/uploads\/2021\/03\/210309_skoda_octavia_pro-1.jpg\" \/>\n\t<meta property=\"og:image:width\" content=\"2000\" \/>\n\t<meta property=\"og:image:height\" content=\"1125\" \/>\n\t<meta property=\"og:image:type\" content=\"image\/jpeg\" \/>\n<meta name=\"twitter:card\" content=\"summary_large_image\" \/>\n<meta name=\"twitter:label1\" content=\"Est. reading time\" \/>\n\t<meta name=\"twitter:data1\" content=\"1 minute\" \/>\n<script type=\"application\/ld+json\" class=\"yoast-schema-graph\">{\"@context\":\"https:\\\/\\\/schema.org\",\"@graph\":[{\"@type\":\"WebPage\",\"@id\":\"https:\\\/\\\/www.autocritica.ro\\\/en\\\/live-news\\\/skoda-a-prezentat-in-china-versiunea-cu-ampatment-marit-octavia-pro\\\/\",\"url\":\"https:\\\/\\\/www.autocritica.ro\\\/en\\\/live-news\\\/skoda-a-prezentat-in-china-versiunea-cu-ampatment-marit-octavia-pro\\\/\",\"name\":\"\u0160koda a prezentat \u00een China versiunea cu ampatament m\u0103rit Octavia Pro - Autocritica\",\"isPartOf\":{\"@id\":\"https:\\\/\\\/www.autocritica.ro\\\/en\\\/#website\"},\"primaryImageOfPage\":{\"@id\":\"https:\\\/\\\/www.autocritica.ro\\\/en\\\/live-news\\\/skoda-a-prezentat-in-china-versiunea-cu-ampatment-marit-octavia-pro\\\/#primaryimage\"},\"image\":{\"@id\":\"https:\\\/\\\/www.autocritica.ro\\\/en\\\/live-news\\\/skoda-a-prezentat-in-china-versiunea-cu-ampatment-marit-octavia-pro\\\/#primaryimage\"},\"thumbnailUrl\":\"https:\\\/\\\/www.autocritica.ro\\\/wp-content\\\/uploads\\\/2021\\\/03\\\/210309_skoda_octavia_pro-1.jpg\",\"datePublished\":\"2021-03-09T10:50:38+00:00\",\"dateModified\":\"2021-03-10T08:29:19+00:00\",\"breadcrumb\":{\"@id\":\"https:\\\/\\\/www.autocritica.ro\\\/en\\\/live-news\\\/skoda-a-prezentat-in-china-versiunea-cu-ampatment-marit-octavia-pro\\\/#breadcrumb\"},\"inLanguage\":\"en-US\",\"potentialAction\":[{\"@type\":\"ReadAction\",\"target\":[\"https:\\\/\\\/www.autocritica.ro\\\/en\\\/live-news\\\/skoda-a-prezentat-in-china-versiunea-cu-ampatment-marit-octavia-pro\\\/\"]}]},{\"@type\":\"ImageObject\",\"inLanguage\":\"en-US\",\"@id\":\"https:\\\/\\\/www.autocritica.ro\\\/en\\\/live-news\\\/skoda-a-prezentat-in-china-versiunea-cu-ampatment-marit-octavia-pro\\\/#primaryimage\",\"url\":\"https:\\\/\\\/www.autocritica.ro\\\/wp-content\\\/uploads\\\/2021\\\/03\\\/210309_skoda_octavia_pro-1.jpg\",\"contentUrl\":\"https:\\\/\\\/www.autocritica.ro\\\/wp-content\\\/uploads\\\/2021\\\/03\\\/210309_skoda_octavia_pro-1.jpg\",\"width\":2000,\"height\":1125},{\"@type\":\"BreadcrumbList\",\"@id\":\"https:\\\/\\\/www.autocritica.ro\\\/en\\\/live-news\\\/skoda-a-prezentat-in-china-versiunea-cu-ampatment-marit-octavia-pro\\\/#breadcrumb\",\"itemListElement\":[{\"@type\":\"ListItem\",\"position\":1,\"name\":\"Home\",\"item\":\"https:\\\/\\\/www.autocritica.ro\\\/en\\\/\"},{\"@type\":\"ListItem\",\"position\":2,\"name\":\"Live News\",\"item\":\"https:\\\/\\\/www.autocritica.ro\\\/en\\\/live-news\\\/\"},{\"@type\":\"ListItem\",\"position\":3,\"name\":\"\u0160koda a prezentat \u00een China versiunea cu ampatament m\u0103rit Octavia Pro\"}]},{\"@type\":\"WebSite\",\"@id\":\"https:\\\/\\\/www.autocritica.ro\\\/en\\\/#website\",\"url\":\"https:\\\/\\\/www.autocritica.ro\\\/en\\\/\",\"name\":\"Autocritica\",\"description\":\"\",\"publisher\":{\"@id\":\"https:\\\/\\\/www.autocritica.ro\\\/en\\\/#organization\"},\"potentialAction\":[{\"@type\":\"SearchAction\",\"target\":{\"@type\":\"EntryPoint\",\"urlTemplate\":\"https:\\\/\\\/www.autocritica.ro\\\/en\\\/?s={search_term_string}\"},\"query-input\":{\"@type\":\"PropertyValueSpecification\",\"valueRequired\":true,\"valueName\":\"search_term_string\"}}],\"inLanguage\":\"en-US\"},{\"@type\":\"Organization\",\"@id\":\"https:\\\/\\\/www.autocritica.ro\\\/en\\\/#organization\",\"name\":\"Autocritica\",\"url\":\"https:\\\/\\\/www.autocritica.ro\\\/en\\\/\",\"logo\":{\"@type\":\"ImageObject\",\"inLanguage\":\"en-US\",\"@id\":\"https:\\\/\\\/www.autocritica.ro\\\/en\\\/#\\\/schema\\\/logo\\\/image\\\/\",\"url\":\"https:\\\/\\\/www.autocritica.ro\\\/wp-content\\\/uploads\\\/2020\\\/12\\\/logo-negru.png\",\"contentUrl\":\"https:\\\/\\\/www.autocritica.ro\\\/wp-content\\\/uploads\\\/2020\\\/12\\\/logo-negru.png\",\"width\":300,\"height\":102,\"caption\":\"Autocritica\"},\"image\":{\"@id\":\"https:\\\/\\\/www.autocritica.ro\\\/en\\\/#\\\/schema\\\/logo\\\/image\\\/\"},\"sameAs\":[\"https:\\\/\\\/www.facebook.com\\\/autocritica.ro\",\"https:\\\/\\\/www.instagram.com\\\/autocritica.ro\\\/\"]}]}<\/script>\n<!-- \/ Yoast SEO Premium plugin. -->","yoast_head_json":{"title":"\u0160koda a prezentat \u00een China versiunea cu ampatament m\u0103rit Octavia Pro - Autocritica","robots":{"index":"index","follow":"follow","max-snippet":"max-snippet:-1","max-image-preview":"max-image-preview:large","max-video-preview":"max-video-preview:-1"},"canonical":"https:\/\/www.autocritica.ro\/en\/live-news\/skoda-a-prezentat-in-china-versiunea-cu-ampatment-marit-octavia-pro\/","og_locale":"en_US","og_type":"article","og_title":"\u0160koda a prezentat \u00een China versiunea cu ampatament m\u0103rit Octavia Pro","og_description":"\u0160koda a publicat primele imagini \u0219i informa\u021bii referitoare la versiunea Octavia Pro. Modelul va fi comercializat exclusiv pe pia\u021ba din China \u0219i are un","og_url":"https:\/\/www.autocritica.ro\/en\/live-news\/skoda-a-prezentat-in-china-versiunea-cu-ampatment-marit-octavia-pro\/","og_site_name":"Autocritica","article_publisher":"https:\/\/www.facebook.com\/autocritica.ro","article_modified_time":"2021-03-10T08:29:19+00:00","og_image":[{"width":2000,"height":1125,"url":"https:\/\/www.autocritica.ro\/wp-content\/uploads\/2021\/03\/210309_skoda_octavia_pro-1.jpg","type":"image\/jpeg"}],"twitter_card":"summary_large_image","twitter_misc":{"Est. reading time":"1 minute"},"schema":{"@context":"https:\/\/schema.org","@graph":[{"@type":"WebPage","@id":"https:\/\/www.autocritica.ro\/en\/live-news\/skoda-a-prezentat-in-china-versiunea-cu-ampatment-marit-octavia-pro\/","url":"https:\/\/www.autocritica.ro\/en\/live-news\/skoda-a-prezentat-in-china-versiunea-cu-ampatment-marit-octavia-pro\/","name":"\u0160koda a prezentat \u00een China versiunea cu ampatament m\u0103rit Octavia Pro - Autocritica","isPartOf":{"@id":"https:\/\/www.autocritica.ro\/en\/#website"},"primaryImageOfPage":{"@id":"https:\/\/www.autocritica.ro\/en\/live-news\/skoda-a-prezentat-in-china-versiunea-cu-ampatment-marit-octavia-pro\/#primaryimage"},"image":{"@id":"https:\/\/www.autocritica.ro\/en\/live-news\/skoda-a-prezentat-in-china-versiunea-cu-ampatment-marit-octavia-pro\/#primaryimage"},"thumbnailUrl":"https:\/\/www.autocritica.ro\/wp-content\/uploads\/2021\/03\/210309_skoda_octavia_pro-1.jpg","datePublished":"2021-03-09T10:50:38+00:00","dateModified":"2021-03-10T08:29:19+00:00","breadcrumb":{"@id":"https:\/\/www.autocritica.ro\/en\/live-news\/skoda-a-prezentat-in-china-versiunea-cu-ampatment-marit-octavia-pro\/#breadcrumb"},"inLanguage":"en-US","potentialAction":[{"@type":"ReadAction","target":["https:\/\/www.autocritica.ro\/en\/live-news\/skoda-a-prezentat-in-china-versiunea-cu-ampatment-marit-octavia-pro\/"]}]},{"@type":"ImageObject","inLanguage":"en-US","@id":"https:\/\/www.autocritica.ro\/en\/live-news\/skoda-a-prezentat-in-china-versiunea-cu-ampatment-marit-octavia-pro\/#primaryimage","url":"https:\/\/www.autocritica.ro\/wp-content\/uploads\/2021\/03\/210309_skoda_octavia_pro-1.jpg","contentUrl":"https:\/\/www.autocritica.ro\/wp-content\/uploads\/2021\/03\/210309_skoda_octavia_pro-1.jpg","width":2000,"height":1125},{"@type":"BreadcrumbList","@id":"https:\/\/www.autocritica.ro\/en\/live-news\/skoda-a-prezentat-in-china-versiunea-cu-ampatment-marit-octavia-pro\/#breadcrumb","itemListElement":[{"@type":"ListItem","position":1,"name":"Home","item":"https:\/\/www.autocritica.ro\/en\/"},{"@type":"ListItem","position":2,"name":"Live News","item":"https:\/\/www.autocritica.ro\/en\/live-news\/"},{"@type":"ListItem","position":3,"name":"\u0160koda a prezentat \u00een China versiunea cu ampatament m\u0103rit Octavia Pro"}]},{"@type":"WebSite","@id":"https:\/\/www.autocritica.ro\/en\/#website","url":"https:\/\/www.autocritica.ro\/en\/","name":"Autocritica","description":"","publisher":{"@id":"https:\/\/www.autocritica.ro\/en\/#organization"},"potentialAction":[{"@type":"SearchAction","target":{"@type":"EntryPoint","urlTemplate":"https:\/\/www.autocritica.ro\/en\/?s={search_term_string}"},"query-input":{"@type":"PropertyValueSpecification","valueRequired":true,"valueName":"search_term_string"}}],"inLanguage":"en-US"},{"@type":"Organization","@id":"https:\/\/www.autocritica.ro\/en\/#organization","name":"Autocritica","url":"https:\/\/www.autocritica.ro\/en\/","logo":{"@type":"ImageObject","inLanguage":"en-US","@id":"https:\/\/www.autocritica.ro\/en\/#\/schema\/logo\/image\/","url":"https:\/\/www.autocritica.ro\/wp-content\/uploads\/2020\/12\/logo-negru.png","contentUrl":"https:\/\/www.autocritica.ro\/wp-content\/uploads\/2020\/12\/logo-negru.png","width":300,"height":102,"caption":"Autocritica"},"image":{"@id":"https:\/\/www.autocritica.ro\/en\/#\/schema\/logo\/image\/"},"sameAs":["https:\/\/www.facebook.com\/autocritica.ro","https:\/\/www.instagram.com\/autocritica.ro\/"]}]}},"_links":{"self":[{"href":"https:\/\/www.autocritica.ro\/en\/wp-json\/wp\/v2\/live-news\/16581","targetHints":{"allow":["GET"]}}],"collection":[{"href":"https:\/\/www.autocritica.ro\/en\/wp-json\/wp\/v2\/live-news"}],"about":[{"href":"https:\/\/www.autocritica.ro\/en\/wp-json\/wp\/v2\/types\/live-news"}],"author":[{"embeddable":true,"href":"https:\/\/www.autocritica.ro\/en\/wp-json\/wp\/v2\/users\/4"}],"replies":[{"embeddable":true,"href":"https:\/\/www.autocritica.ro\/en\/wp-json\/wp\/v2\/comments?post=16581"}],"version-history":[{"count":2,"href":"https:\/\/www.autocritica.ro\/en\/wp-json\/wp\/v2\/live-news\/16581\/revisions"}],"predecessor-version":[{"id":16688,"href":"https:\/\/www.autocritica.ro\/en\/wp-json\/wp\/v2\/live-news\/16581\/revisions\/16688"}],"wp:featuredmedia":[{"embeddable":true,"href":"https:\/\/www.autocritica.ro\/en\/wp-json\/wp\/v2\/media\/16582"}],"wp:attachment":[{"href":"https:\/\/www.autocritica.ro\/en\/wp-json\/wp\/v2\/media?parent=16581"}],"wp:term":[{"taxonomy":"post_tag","embeddable":true,"href":"https:\/\/www.autocritica.ro\/en\/wp-json\/wp\/v2\/tags?post=16581"}],"curies":[{"name":"wp","href":"https:\/\/api.w.org\/{rel}","templated":true}]}}