{"id":16521,"date":"2021-03-08T14:08:18","date_gmt":"2021-03-08T12:08:18","guid":{"rendered":"https:\/\/www.autocritica.ro\/?post_type=live-news&#038;p=16521"},"modified":"2021-03-08T14:08:18","modified_gmt":"2021-03-08T12:08:18","slug":"noul-constructor-stellantis-renunta-la-ideea-de-a-relansa-marca-peugeot-in-sua","status":"publish","type":"live-news","link":"https:\/\/www.autocritica.ro\/en\/live-news\/noul-constructor-stellantis-renunta-la-ideea-de-a-relansa-marca-peugeot-in-sua\/","title":{"rendered":"Noul constructor Stellantis renun\u021b\u0103 la ideea de a relansa marca Peugeot \u00een SUA"},"content":{"rendered":"<p>Stellantis, cel mai nou conglomerat auto din industrie (PSA Peugeot-Citroen-Opel + FCA Fiat-Chrysler), renun\u021b\u0103 la planurile de relansare a brandului Peugeot \u00een SUA. Compania prefer\u0103 s\u0103 se concentreze pe m\u0103rcile deja existente pe pia\u021ba de peste Ocean, implicit pe dezvoltarea Alfa Romeo. Planul de relansare Peugeot \u00een Statele Unite era deja \u00een stadiu avansat, oficialii PSA construind \u00een ultimii patru ani strategia pentru aceast\u0103 mutare.<\/p>\n","protected":false},"author":3,"featured_media":16522,"comment_status":"open","ping_status":"closed","template":"","meta":{"_acf_changed":false,"footnotes":""},"tags":[64],"class_list":["post-16521","live-news","type-live-news","status-publish","has-post-thumbnail","hentry","tag-peugeot"],"acf":[],"yoast_head":"<!-- This site is optimized with the Yoast SEO Premium plugin v27.6 (Yoast SEO v27.6) - https:\/\/yoast.com\/product\/yoast-seo-premium-wordpress\/ -->\n<title>Noul constructor Stellantis renun\u021b\u0103 la ideea de a relansa marca Peugeot \u00een SUA - Autocritica<\/title>\n<meta name=\"robots\" content=\"index, follow, max-snippet:-1, max-image-preview:large, max-video-preview:-1\" \/>\n<link rel=\"canonical\" href=\"https:\/\/www.autocritica.ro\/en\/live-news\/noul-constructor-stellantis-renunta-la-ideea-de-a-relansa-marca-peugeot-in-sua\/\" \/>\n<meta property=\"og:locale\" content=\"en_US\" \/>\n<meta property=\"og:type\" content=\"article\" \/>\n<meta property=\"og:title\" content=\"Noul constructor Stellantis renun\u021b\u0103 la ideea de a relansa marca Peugeot \u00een SUA\" \/>\n<meta property=\"og:description\" content=\"Stellantis, cel mai nou conglomerat auto din industrie (PSA Peugeot-Citroen-Opel + FCA Fiat-Chrysler), renun\u021b\u0103 la planurile de relansare a brandului\" \/>\n<meta property=\"og:url\" content=\"https:\/\/www.autocritica.ro\/en\/live-news\/noul-constructor-stellantis-renunta-la-ideea-de-a-relansa-marca-peugeot-in-sua\/\" \/>\n<meta property=\"og:site_name\" content=\"Autocritica\" \/>\n<meta property=\"article:publisher\" content=\"https:\/\/www.facebook.com\/autocritica.ro\" \/>\n<meta property=\"og:image\" content=\"https:\/\/www.autocritica.ro\/wp-content\/uploads\/2021\/03\/11508se.jpg\" \/>\n\t<meta property=\"og:image:width\" content=\"2000\" \/>\n\t<meta property=\"og:image:height\" content=\"1125\" \/>\n\t<meta property=\"og:image:type\" content=\"image\/jpeg\" \/>\n<meta name=\"twitter:card\" content=\"summary_large_image\" \/>\n<meta name=\"twitter:label1\" content=\"Est. reading time\" \/>\n\t<meta name=\"twitter:data1\" content=\"1 minute\" \/>\n<script type=\"application\/ld+json\" class=\"yoast-schema-graph\">{\"@context\":\"https:\\\/\\\/schema.org\",\"@graph\":[{\"@type\":\"WebPage\",\"@id\":\"https:\\\/\\\/www.autocritica.ro\\\/en\\\/live-news\\\/noul-constructor-stellantis-renunta-la-ideea-de-a-relansa-marca-peugeot-in-sua\\\/\",\"url\":\"https:\\\/\\\/www.autocritica.ro\\\/en\\\/live-news\\\/noul-constructor-stellantis-renunta-la-ideea-de-a-relansa-marca-peugeot-in-sua\\\/\",\"name\":\"Noul constructor Stellantis renun\u021b\u0103 la ideea de a relansa marca Peugeot \u00een SUA - Autocritica\",\"isPartOf\":{\"@id\":\"https:\\\/\\\/www.autocritica.ro\\\/en\\\/#website\"},\"primaryImageOfPage\":{\"@id\":\"https:\\\/\\\/www.autocritica.ro\\\/en\\\/live-news\\\/noul-constructor-stellantis-renunta-la-ideea-de-a-relansa-marca-peugeot-in-sua\\\/#primaryimage\"},\"image\":{\"@id\":\"https:\\\/\\\/www.autocritica.ro\\\/en\\\/live-news\\\/noul-constructor-stellantis-renunta-la-ideea-de-a-relansa-marca-peugeot-in-sua\\\/#primaryimage\"},\"thumbnailUrl\":\"https:\\\/\\\/www.autocritica.ro\\\/wp-content\\\/uploads\\\/2021\\\/03\\\/11508se.jpg\",\"datePublished\":\"2021-03-08T12:08:18+00:00\",\"breadcrumb\":{\"@id\":\"https:\\\/\\\/www.autocritica.ro\\\/en\\\/live-news\\\/noul-constructor-stellantis-renunta-la-ideea-de-a-relansa-marca-peugeot-in-sua\\\/#breadcrumb\"},\"inLanguage\":\"en-US\",\"potentialAction\":[{\"@type\":\"ReadAction\",\"target\":[\"https:\\\/\\\/www.autocritica.ro\\\/en\\\/live-news\\\/noul-constructor-stellantis-renunta-la-ideea-de-a-relansa-marca-peugeot-in-sua\\\/\"]}]},{\"@type\":\"ImageObject\",\"inLanguage\":\"en-US\",\"@id\":\"https:\\\/\\\/www.autocritica.ro\\\/en\\\/live-news\\\/noul-constructor-stellantis-renunta-la-ideea-de-a-relansa-marca-peugeot-in-sua\\\/#primaryimage\",\"url\":\"https:\\\/\\\/www.autocritica.ro\\\/wp-content\\\/uploads\\\/2021\\\/03\\\/11508se.jpg\",\"contentUrl\":\"https:\\\/\\\/www.autocritica.ro\\\/wp-content\\\/uploads\\\/2021\\\/03\\\/11508se.jpg\",\"width\":2000,\"height\":1125},{\"@type\":\"BreadcrumbList\",\"@id\":\"https:\\\/\\\/www.autocritica.ro\\\/en\\\/live-news\\\/noul-constructor-stellantis-renunta-la-ideea-de-a-relansa-marca-peugeot-in-sua\\\/#breadcrumb\",\"itemListElement\":[{\"@type\":\"ListItem\",\"position\":1,\"name\":\"Home\",\"item\":\"https:\\\/\\\/www.autocritica.ro\\\/en\\\/\"},{\"@type\":\"ListItem\",\"position\":2,\"name\":\"Live News\",\"item\":\"https:\\\/\\\/www.autocritica.ro\\\/en\\\/live-news\\\/\"},{\"@type\":\"ListItem\",\"position\":3,\"name\":\"Noul constructor Stellantis renun\u021b\u0103 la ideea de a relansa marca Peugeot \u00een SUA\"}]},{\"@type\":\"WebSite\",\"@id\":\"https:\\\/\\\/www.autocritica.ro\\\/en\\\/#website\",\"url\":\"https:\\\/\\\/www.autocritica.ro\\\/en\\\/\",\"name\":\"Autocritica\",\"description\":\"\",\"publisher\":{\"@id\":\"https:\\\/\\\/www.autocritica.ro\\\/en\\\/#organization\"},\"potentialAction\":[{\"@type\":\"SearchAction\",\"target\":{\"@type\":\"EntryPoint\",\"urlTemplate\":\"https:\\\/\\\/www.autocritica.ro\\\/en\\\/?s={search_term_string}\"},\"query-input\":{\"@type\":\"PropertyValueSpecification\",\"valueRequired\":true,\"valueName\":\"search_term_string\"}}],\"inLanguage\":\"en-US\"},{\"@type\":\"Organization\",\"@id\":\"https:\\\/\\\/www.autocritica.ro\\\/en\\\/#organization\",\"name\":\"Autocritica\",\"url\":\"https:\\\/\\\/www.autocritica.ro\\\/en\\\/\",\"logo\":{\"@type\":\"ImageObject\",\"inLanguage\":\"en-US\",\"@id\":\"https:\\\/\\\/www.autocritica.ro\\\/en\\\/#\\\/schema\\\/logo\\\/image\\\/\",\"url\":\"https:\\\/\\\/www.autocritica.ro\\\/wp-content\\\/uploads\\\/2020\\\/12\\\/logo-negru.png\",\"contentUrl\":\"https:\\\/\\\/www.autocritica.ro\\\/wp-content\\\/uploads\\\/2020\\\/12\\\/logo-negru.png\",\"width\":300,\"height\":102,\"caption\":\"Autocritica\"},\"image\":{\"@id\":\"https:\\\/\\\/www.autocritica.ro\\\/en\\\/#\\\/schema\\\/logo\\\/image\\\/\"},\"sameAs\":[\"https:\\\/\\\/www.facebook.com\\\/autocritica.ro\",\"https:\\\/\\\/www.instagram.com\\\/autocritica.ro\\\/\"]}]}<\/script>\n<!-- \/ Yoast SEO Premium plugin. -->","yoast_head_json":{"title":"Noul constructor Stellantis renun\u021b\u0103 la ideea de a relansa marca Peugeot \u00een SUA - Autocritica","robots":{"index":"index","follow":"follow","max-snippet":"max-snippet:-1","max-image-preview":"max-image-preview:large","max-video-preview":"max-video-preview:-1"},"canonical":"https:\/\/www.autocritica.ro\/en\/live-news\/noul-constructor-stellantis-renunta-la-ideea-de-a-relansa-marca-peugeot-in-sua\/","og_locale":"en_US","og_type":"article","og_title":"Noul constructor Stellantis renun\u021b\u0103 la ideea de a relansa marca Peugeot \u00een SUA","og_description":"Stellantis, cel mai nou conglomerat auto din industrie (PSA Peugeot-Citroen-Opel + FCA Fiat-Chrysler), renun\u021b\u0103 la planurile de relansare a brandului","og_url":"https:\/\/www.autocritica.ro\/en\/live-news\/noul-constructor-stellantis-renunta-la-ideea-de-a-relansa-marca-peugeot-in-sua\/","og_site_name":"Autocritica","article_publisher":"https:\/\/www.facebook.com\/autocritica.ro","og_image":[{"width":2000,"height":1125,"url":"https:\/\/www.autocritica.ro\/wp-content\/uploads\/2021\/03\/11508se.jpg","type":"image\/jpeg"}],"twitter_card":"summary_large_image","twitter_misc":{"Est. reading time":"1 minute"},"schema":{"@context":"https:\/\/schema.org","@graph":[{"@type":"WebPage","@id":"https:\/\/www.autocritica.ro\/en\/live-news\/noul-constructor-stellantis-renunta-la-ideea-de-a-relansa-marca-peugeot-in-sua\/","url":"https:\/\/www.autocritica.ro\/en\/live-news\/noul-constructor-stellantis-renunta-la-ideea-de-a-relansa-marca-peugeot-in-sua\/","name":"Noul constructor Stellantis renun\u021b\u0103 la ideea de a relansa marca Peugeot \u00een SUA - Autocritica","isPartOf":{"@id":"https:\/\/www.autocritica.ro\/en\/#website"},"primaryImageOfPage":{"@id":"https:\/\/www.autocritica.ro\/en\/live-news\/noul-constructor-stellantis-renunta-la-ideea-de-a-relansa-marca-peugeot-in-sua\/#primaryimage"},"image":{"@id":"https:\/\/www.autocritica.ro\/en\/live-news\/noul-constructor-stellantis-renunta-la-ideea-de-a-relansa-marca-peugeot-in-sua\/#primaryimage"},"thumbnailUrl":"https:\/\/www.autocritica.ro\/wp-content\/uploads\/2021\/03\/11508se.jpg","datePublished":"2021-03-08T12:08:18+00:00","breadcrumb":{"@id":"https:\/\/www.autocritica.ro\/en\/live-news\/noul-constructor-stellantis-renunta-la-ideea-de-a-relansa-marca-peugeot-in-sua\/#breadcrumb"},"inLanguage":"en-US","potentialAction":[{"@type":"ReadAction","target":["https:\/\/www.autocritica.ro\/en\/live-news\/noul-constructor-stellantis-renunta-la-ideea-de-a-relansa-marca-peugeot-in-sua\/"]}]},{"@type":"ImageObject","inLanguage":"en-US","@id":"https:\/\/www.autocritica.ro\/en\/live-news\/noul-constructor-stellantis-renunta-la-ideea-de-a-relansa-marca-peugeot-in-sua\/#primaryimage","url":"https:\/\/www.autocritica.ro\/wp-content\/uploads\/2021\/03\/11508se.jpg","contentUrl":"https:\/\/www.autocritica.ro\/wp-content\/uploads\/2021\/03\/11508se.jpg","width":2000,"height":1125},{"@type":"BreadcrumbList","@id":"https:\/\/www.autocritica.ro\/en\/live-news\/noul-constructor-stellantis-renunta-la-ideea-de-a-relansa-marca-peugeot-in-sua\/#breadcrumb","itemListElement":[{"@type":"ListItem","position":1,"name":"Home","item":"https:\/\/www.autocritica.ro\/en\/"},{"@type":"ListItem","position":2,"name":"Live News","item":"https:\/\/www.autocritica.ro\/en\/live-news\/"},{"@type":"ListItem","position":3,"name":"Noul constructor Stellantis renun\u021b\u0103 la ideea de a relansa marca Peugeot \u00een SUA"}]},{"@type":"WebSite","@id":"https:\/\/www.autocritica.ro\/en\/#website","url":"https:\/\/www.autocritica.ro\/en\/","name":"Autocritica","description":"","publisher":{"@id":"https:\/\/www.autocritica.ro\/en\/#organization"},"potentialAction":[{"@type":"SearchAction","target":{"@type":"EntryPoint","urlTemplate":"https:\/\/www.autocritica.ro\/en\/?s={search_term_string}"},"query-input":{"@type":"PropertyValueSpecification","valueRequired":true,"valueName":"search_term_string"}}],"inLanguage":"en-US"},{"@type":"Organization","@id":"https:\/\/www.autocritica.ro\/en\/#organization","name":"Autocritica","url":"https:\/\/www.autocritica.ro\/en\/","logo":{"@type":"ImageObject","inLanguage":"en-US","@id":"https:\/\/www.autocritica.ro\/en\/#\/schema\/logo\/image\/","url":"https:\/\/www.autocritica.ro\/wp-content\/uploads\/2020\/12\/logo-negru.png","contentUrl":"https:\/\/www.autocritica.ro\/wp-content\/uploads\/2020\/12\/logo-negru.png","width":300,"height":102,"caption":"Autocritica"},"image":{"@id":"https:\/\/www.autocritica.ro\/en\/#\/schema\/logo\/image\/"},"sameAs":["https:\/\/www.facebook.com\/autocritica.ro","https:\/\/www.instagram.com\/autocritica.ro\/"]}]}},"_links":{"self":[{"href":"https:\/\/www.autocritica.ro\/en\/wp-json\/wp\/v2\/live-news\/16521","targetHints":{"allow":["GET"]}}],"collection":[{"href":"https:\/\/www.autocritica.ro\/en\/wp-json\/wp\/v2\/live-news"}],"about":[{"href":"https:\/\/www.autocritica.ro\/en\/wp-json\/wp\/v2\/types\/live-news"}],"author":[{"embeddable":true,"href":"https:\/\/www.autocritica.ro\/en\/wp-json\/wp\/v2\/users\/3"}],"replies":[{"embeddable":true,"href":"https:\/\/www.autocritica.ro\/en\/wp-json\/wp\/v2\/comments?post=16521"}],"version-history":[{"count":1,"href":"https:\/\/www.autocritica.ro\/en\/wp-json\/wp\/v2\/live-news\/16521\/revisions"}],"predecessor-version":[{"id":16523,"href":"https:\/\/www.autocritica.ro\/en\/wp-json\/wp\/v2\/live-news\/16521\/revisions\/16523"}],"wp:featuredmedia":[{"embeddable":true,"href":"https:\/\/www.autocritica.ro\/en\/wp-json\/wp\/v2\/media\/16522"}],"wp:attachment":[{"href":"https:\/\/www.autocritica.ro\/en\/wp-json\/wp\/v2\/media?parent=16521"}],"wp:term":[{"taxonomy":"post_tag","embeddable":true,"href":"https:\/\/www.autocritica.ro\/en\/wp-json\/wp\/v2\/tags?post=16521"}],"curies":[{"name":"wp","href":"https:\/\/api.w.org\/{rel}","templated":true}]}}