{"id":16493,"date":"2021-03-08T10:17:53","date_gmt":"2021-03-08T08:17:53","guid":{"rendered":"https:\/\/www.autocritica.ro\/?post_type=live-news&#038;p=16493"},"modified":"2021-03-08T10:17:53","modified_gmt":"2021-03-08T08:17:53","slug":"dacia-sandero-al-doilea-cel-mai-vandut-model-din-franta-dupa-primele-doua-luni-ale-anului","status":"publish","type":"live-news","link":"https:\/\/www.autocritica.ro\/en\/live-news\/dacia-sandero-al-doilea-cel-mai-vandut-model-din-franta-dupa-primele-doua-luni-ale-anului\/","title":{"rendered":"Dacia Sandero, al doilea cel mai v\u00e2ndut model din Fran\u021ba dup\u0103 primele dou\u0103 luni ale anului"},"content":{"rendered":"<p>\u00cen primele dou\u0103 luni ale anului, francezii au \u00eenmatriculat 13.289 de unit\u0103\u021bi Dacia Sandero. Mul\u021bumit\u0103 acestui rezultat, modelul constructorului de la Mioveni se afl\u0103 pe pozi\u021bia secund\u0103 \u00een topul preferin\u021belor francezilor. Primul loc este ocupat de Peugeot 208.<\/p>\n","protected":false},"author":4,"featured_media":16494,"comment_status":"open","ping_status":"closed","template":"","meta":{"_acf_changed":false,"footnotes":""},"tags":[38,1067,1007],"class_list":["post-16493","live-news","type-live-news","status-publish","has-post-thumbnail","hentry","tag-dacia","tag-peugeot-208","tag-sandero"],"acf":[],"yoast_head":"<!-- This site is optimized with the Yoast SEO Premium plugin v27.6 (Yoast SEO v27.6) - https:\/\/yoast.com\/product\/yoast-seo-premium-wordpress\/ -->\n<title>Dacia Sandero, al doilea cel mai v\u00e2ndut model din Fran\u021ba dup\u0103 primele dou\u0103 luni ale anului - Autocritica<\/title>\n<meta name=\"robots\" content=\"index, follow, max-snippet:-1, max-image-preview:large, max-video-preview:-1\" \/>\n<link rel=\"canonical\" href=\"https:\/\/www.autocritica.ro\/en\/live-news\/dacia-sandero-al-doilea-cel-mai-vandut-model-din-franta-dupa-primele-doua-luni-ale-anului\/\" \/>\n<meta property=\"og:locale\" content=\"en_US\" \/>\n<meta property=\"og:type\" content=\"article\" \/>\n<meta property=\"og:title\" content=\"Dacia Sandero, al doilea cel mai v\u00e2ndut model din Fran\u021ba dup\u0103 primele dou\u0103 luni ale anului\" \/>\n<meta property=\"og:description\" content=\"\u00cen primele dou\u0103 luni ale anului, francezii au \u00eenmatriculat 13.289 de unit\u0103\u021bi Dacia Sandero. Mul\u021bumit\u0103 acestui rezultat, modelul constructorului de la\" \/>\n<meta property=\"og:url\" content=\"https:\/\/www.autocritica.ro\/en\/live-news\/dacia-sandero-al-doilea-cel-mai-vandut-model-din-franta-dupa-primele-doua-luni-ale-anului\/\" \/>\n<meta property=\"og:site_name\" content=\"Autocritica\" \/>\n<meta property=\"article:publisher\" content=\"https:\/\/www.facebook.com\/autocritica.ro\" \/>\n<meta property=\"og:image\" content=\"https:\/\/www.autocritica.ro\/wp-content\/uploads\/2021\/03\/2020-New-Dacia-SANDERO-tests-drive-9-scaled.jpg\" \/>\n\t<meta property=\"og:image:width\" content=\"2560\" \/>\n\t<meta property=\"og:image:height\" content=\"1706\" \/>\n\t<meta property=\"og:image:type\" content=\"image\/jpeg\" \/>\n<meta name=\"twitter:card\" content=\"summary_large_image\" \/>\n<meta name=\"twitter:label1\" content=\"Est. reading time\" \/>\n\t<meta name=\"twitter:data1\" content=\"1 minute\" \/>\n<script type=\"application\/ld+json\" class=\"yoast-schema-graph\">{\"@context\":\"https:\\\/\\\/schema.org\",\"@graph\":[{\"@type\":\"WebPage\",\"@id\":\"https:\\\/\\\/www.autocritica.ro\\\/en\\\/live-news\\\/dacia-sandero-al-doilea-cel-mai-vandut-model-din-franta-dupa-primele-doua-luni-ale-anului\\\/\",\"url\":\"https:\\\/\\\/www.autocritica.ro\\\/en\\\/live-news\\\/dacia-sandero-al-doilea-cel-mai-vandut-model-din-franta-dupa-primele-doua-luni-ale-anului\\\/\",\"name\":\"Dacia Sandero, al doilea cel mai v\u00e2ndut model din Fran\u021ba dup\u0103 primele dou\u0103 luni ale anului - Autocritica\",\"isPartOf\":{\"@id\":\"https:\\\/\\\/www.autocritica.ro\\\/en\\\/#website\"},\"primaryImageOfPage\":{\"@id\":\"https:\\\/\\\/www.autocritica.ro\\\/en\\\/live-news\\\/dacia-sandero-al-doilea-cel-mai-vandut-model-din-franta-dupa-primele-doua-luni-ale-anului\\\/#primaryimage\"},\"image\":{\"@id\":\"https:\\\/\\\/www.autocritica.ro\\\/en\\\/live-news\\\/dacia-sandero-al-doilea-cel-mai-vandut-model-din-franta-dupa-primele-doua-luni-ale-anului\\\/#primaryimage\"},\"thumbnailUrl\":\"https:\\\/\\\/www.autocritica.ro\\\/wp-content\\\/uploads\\\/2021\\\/03\\\/2020-New-Dacia-SANDERO-tests-drive-9-scaled.jpg\",\"datePublished\":\"2021-03-08T08:17:53+00:00\",\"breadcrumb\":{\"@id\":\"https:\\\/\\\/www.autocritica.ro\\\/en\\\/live-news\\\/dacia-sandero-al-doilea-cel-mai-vandut-model-din-franta-dupa-primele-doua-luni-ale-anului\\\/#breadcrumb\"},\"inLanguage\":\"en-US\",\"potentialAction\":[{\"@type\":\"ReadAction\",\"target\":[\"https:\\\/\\\/www.autocritica.ro\\\/en\\\/live-news\\\/dacia-sandero-al-doilea-cel-mai-vandut-model-din-franta-dupa-primele-doua-luni-ale-anului\\\/\"]}]},{\"@type\":\"ImageObject\",\"inLanguage\":\"en-US\",\"@id\":\"https:\\\/\\\/www.autocritica.ro\\\/en\\\/live-news\\\/dacia-sandero-al-doilea-cel-mai-vandut-model-din-franta-dupa-primele-doua-luni-ale-anului\\\/#primaryimage\",\"url\":\"https:\\\/\\\/www.autocritica.ro\\\/wp-content\\\/uploads\\\/2021\\\/03\\\/2020-New-Dacia-SANDERO-tests-drive-9-scaled.jpg\",\"contentUrl\":\"https:\\\/\\\/www.autocritica.ro\\\/wp-content\\\/uploads\\\/2021\\\/03\\\/2020-New-Dacia-SANDERO-tests-drive-9-scaled.jpg\",\"width\":2560,\"height\":1706},{\"@type\":\"BreadcrumbList\",\"@id\":\"https:\\\/\\\/www.autocritica.ro\\\/en\\\/live-news\\\/dacia-sandero-al-doilea-cel-mai-vandut-model-din-franta-dupa-primele-doua-luni-ale-anului\\\/#breadcrumb\",\"itemListElement\":[{\"@type\":\"ListItem\",\"position\":1,\"name\":\"Home\",\"item\":\"https:\\\/\\\/www.autocritica.ro\\\/en\\\/\"},{\"@type\":\"ListItem\",\"position\":2,\"name\":\"Live News\",\"item\":\"https:\\\/\\\/www.autocritica.ro\\\/en\\\/live-news\\\/\"},{\"@type\":\"ListItem\",\"position\":3,\"name\":\"Dacia Sandero, al doilea cel mai v\u00e2ndut model din Fran\u021ba dup\u0103 primele dou\u0103 luni ale anului\"}]},{\"@type\":\"WebSite\",\"@id\":\"https:\\\/\\\/www.autocritica.ro\\\/en\\\/#website\",\"url\":\"https:\\\/\\\/www.autocritica.ro\\\/en\\\/\",\"name\":\"Autocritica\",\"description\":\"\",\"publisher\":{\"@id\":\"https:\\\/\\\/www.autocritica.ro\\\/en\\\/#organization\"},\"potentialAction\":[{\"@type\":\"SearchAction\",\"target\":{\"@type\":\"EntryPoint\",\"urlTemplate\":\"https:\\\/\\\/www.autocritica.ro\\\/en\\\/?s={search_term_string}\"},\"query-input\":{\"@type\":\"PropertyValueSpecification\",\"valueRequired\":true,\"valueName\":\"search_term_string\"}}],\"inLanguage\":\"en-US\"},{\"@type\":\"Organization\",\"@id\":\"https:\\\/\\\/www.autocritica.ro\\\/en\\\/#organization\",\"name\":\"Autocritica\",\"url\":\"https:\\\/\\\/www.autocritica.ro\\\/en\\\/\",\"logo\":{\"@type\":\"ImageObject\",\"inLanguage\":\"en-US\",\"@id\":\"https:\\\/\\\/www.autocritica.ro\\\/en\\\/#\\\/schema\\\/logo\\\/image\\\/\",\"url\":\"https:\\\/\\\/www.autocritica.ro\\\/wp-content\\\/uploads\\\/2020\\\/12\\\/logo-negru.png\",\"contentUrl\":\"https:\\\/\\\/www.autocritica.ro\\\/wp-content\\\/uploads\\\/2020\\\/12\\\/logo-negru.png\",\"width\":300,\"height\":102,\"caption\":\"Autocritica\"},\"image\":{\"@id\":\"https:\\\/\\\/www.autocritica.ro\\\/en\\\/#\\\/schema\\\/logo\\\/image\\\/\"},\"sameAs\":[\"https:\\\/\\\/www.facebook.com\\\/autocritica.ro\",\"https:\\\/\\\/www.instagram.com\\\/autocritica.ro\\\/\"]}]}<\/script>\n<!-- \/ Yoast SEO Premium plugin. -->","yoast_head_json":{"title":"Dacia Sandero, al doilea cel mai v\u00e2ndut model din Fran\u021ba dup\u0103 primele dou\u0103 luni ale anului - Autocritica","robots":{"index":"index","follow":"follow","max-snippet":"max-snippet:-1","max-image-preview":"max-image-preview:large","max-video-preview":"max-video-preview:-1"},"canonical":"https:\/\/www.autocritica.ro\/en\/live-news\/dacia-sandero-al-doilea-cel-mai-vandut-model-din-franta-dupa-primele-doua-luni-ale-anului\/","og_locale":"en_US","og_type":"article","og_title":"Dacia Sandero, al doilea cel mai v\u00e2ndut model din Fran\u021ba dup\u0103 primele dou\u0103 luni ale anului","og_description":"\u00cen primele dou\u0103 luni ale anului, francezii au \u00eenmatriculat 13.289 de unit\u0103\u021bi Dacia Sandero. Mul\u021bumit\u0103 acestui rezultat, modelul constructorului de la","og_url":"https:\/\/www.autocritica.ro\/en\/live-news\/dacia-sandero-al-doilea-cel-mai-vandut-model-din-franta-dupa-primele-doua-luni-ale-anului\/","og_site_name":"Autocritica","article_publisher":"https:\/\/www.facebook.com\/autocritica.ro","og_image":[{"width":2560,"height":1706,"url":"https:\/\/www.autocritica.ro\/wp-content\/uploads\/2021\/03\/2020-New-Dacia-SANDERO-tests-drive-9-scaled.jpg","type":"image\/jpeg"}],"twitter_card":"summary_large_image","twitter_misc":{"Est. reading time":"1 minute"},"schema":{"@context":"https:\/\/schema.org","@graph":[{"@type":"WebPage","@id":"https:\/\/www.autocritica.ro\/en\/live-news\/dacia-sandero-al-doilea-cel-mai-vandut-model-din-franta-dupa-primele-doua-luni-ale-anului\/","url":"https:\/\/www.autocritica.ro\/en\/live-news\/dacia-sandero-al-doilea-cel-mai-vandut-model-din-franta-dupa-primele-doua-luni-ale-anului\/","name":"Dacia Sandero, al doilea cel mai v\u00e2ndut model din Fran\u021ba dup\u0103 primele dou\u0103 luni ale anului - Autocritica","isPartOf":{"@id":"https:\/\/www.autocritica.ro\/en\/#website"},"primaryImageOfPage":{"@id":"https:\/\/www.autocritica.ro\/en\/live-news\/dacia-sandero-al-doilea-cel-mai-vandut-model-din-franta-dupa-primele-doua-luni-ale-anului\/#primaryimage"},"image":{"@id":"https:\/\/www.autocritica.ro\/en\/live-news\/dacia-sandero-al-doilea-cel-mai-vandut-model-din-franta-dupa-primele-doua-luni-ale-anului\/#primaryimage"},"thumbnailUrl":"https:\/\/www.autocritica.ro\/wp-content\/uploads\/2021\/03\/2020-New-Dacia-SANDERO-tests-drive-9-scaled.jpg","datePublished":"2021-03-08T08:17:53+00:00","breadcrumb":{"@id":"https:\/\/www.autocritica.ro\/en\/live-news\/dacia-sandero-al-doilea-cel-mai-vandut-model-din-franta-dupa-primele-doua-luni-ale-anului\/#breadcrumb"},"inLanguage":"en-US","potentialAction":[{"@type":"ReadAction","target":["https:\/\/www.autocritica.ro\/en\/live-news\/dacia-sandero-al-doilea-cel-mai-vandut-model-din-franta-dupa-primele-doua-luni-ale-anului\/"]}]},{"@type":"ImageObject","inLanguage":"en-US","@id":"https:\/\/www.autocritica.ro\/en\/live-news\/dacia-sandero-al-doilea-cel-mai-vandut-model-din-franta-dupa-primele-doua-luni-ale-anului\/#primaryimage","url":"https:\/\/www.autocritica.ro\/wp-content\/uploads\/2021\/03\/2020-New-Dacia-SANDERO-tests-drive-9-scaled.jpg","contentUrl":"https:\/\/www.autocritica.ro\/wp-content\/uploads\/2021\/03\/2020-New-Dacia-SANDERO-tests-drive-9-scaled.jpg","width":2560,"height":1706},{"@type":"BreadcrumbList","@id":"https:\/\/www.autocritica.ro\/en\/live-news\/dacia-sandero-al-doilea-cel-mai-vandut-model-din-franta-dupa-primele-doua-luni-ale-anului\/#breadcrumb","itemListElement":[{"@type":"ListItem","position":1,"name":"Home","item":"https:\/\/www.autocritica.ro\/en\/"},{"@type":"ListItem","position":2,"name":"Live News","item":"https:\/\/www.autocritica.ro\/en\/live-news\/"},{"@type":"ListItem","position":3,"name":"Dacia Sandero, al doilea cel mai v\u00e2ndut model din Fran\u021ba dup\u0103 primele dou\u0103 luni ale anului"}]},{"@type":"WebSite","@id":"https:\/\/www.autocritica.ro\/en\/#website","url":"https:\/\/www.autocritica.ro\/en\/","name":"Autocritica","description":"","publisher":{"@id":"https:\/\/www.autocritica.ro\/en\/#organization"},"potentialAction":[{"@type":"SearchAction","target":{"@type":"EntryPoint","urlTemplate":"https:\/\/www.autocritica.ro\/en\/?s={search_term_string}"},"query-input":{"@type":"PropertyValueSpecification","valueRequired":true,"valueName":"search_term_string"}}],"inLanguage":"en-US"},{"@type":"Organization","@id":"https:\/\/www.autocritica.ro\/en\/#organization","name":"Autocritica","url":"https:\/\/www.autocritica.ro\/en\/","logo":{"@type":"ImageObject","inLanguage":"en-US","@id":"https:\/\/www.autocritica.ro\/en\/#\/schema\/logo\/image\/","url":"https:\/\/www.autocritica.ro\/wp-content\/uploads\/2020\/12\/logo-negru.png","contentUrl":"https:\/\/www.autocritica.ro\/wp-content\/uploads\/2020\/12\/logo-negru.png","width":300,"height":102,"caption":"Autocritica"},"image":{"@id":"https:\/\/www.autocritica.ro\/en\/#\/schema\/logo\/image\/"},"sameAs":["https:\/\/www.facebook.com\/autocritica.ro","https:\/\/www.instagram.com\/autocritica.ro\/"]}]}},"_links":{"self":[{"href":"https:\/\/www.autocritica.ro\/en\/wp-json\/wp\/v2\/live-news\/16493","targetHints":{"allow":["GET"]}}],"collection":[{"href":"https:\/\/www.autocritica.ro\/en\/wp-json\/wp\/v2\/live-news"}],"about":[{"href":"https:\/\/www.autocritica.ro\/en\/wp-json\/wp\/v2\/types\/live-news"}],"author":[{"embeddable":true,"href":"https:\/\/www.autocritica.ro\/en\/wp-json\/wp\/v2\/users\/4"}],"replies":[{"embeddable":true,"href":"https:\/\/www.autocritica.ro\/en\/wp-json\/wp\/v2\/comments?post=16493"}],"version-history":[{"count":1,"href":"https:\/\/www.autocritica.ro\/en\/wp-json\/wp\/v2\/live-news\/16493\/revisions"}],"predecessor-version":[{"id":16495,"href":"https:\/\/www.autocritica.ro\/en\/wp-json\/wp\/v2\/live-news\/16493\/revisions\/16495"}],"wp:featuredmedia":[{"embeddable":true,"href":"https:\/\/www.autocritica.ro\/en\/wp-json\/wp\/v2\/media\/16494"}],"wp:attachment":[{"href":"https:\/\/www.autocritica.ro\/en\/wp-json\/wp\/v2\/media?parent=16493"}],"wp:term":[{"taxonomy":"post_tag","embeddable":true,"href":"https:\/\/www.autocritica.ro\/en\/wp-json\/wp\/v2\/tags?post=16493"}],"curies":[{"name":"wp","href":"https:\/\/api.w.org\/{rel}","templated":true}]}}