{"id":16310,"date":"2021-03-05T10:50:32","date_gmt":"2021-03-05T08:50:32","guid":{"rendered":"https:\/\/www.autocritica.ro\/?post_type=live-news&#038;p=16310"},"modified":"2021-03-05T10:50:32","modified_gmt":"2021-03-05T08:50:32","slug":"un-audi-a1-quattro-pregatit-pentru-raliuri","status":"publish","type":"live-news","link":"https:\/\/www.autocritica.ro\/en\/live-news\/un-audi-a1-quattro-pregatit-pentru-raliuri\/","title":{"rendered":"Un Audi A1 quattro preg\u0103tit pentru raliuri"},"content":{"rendered":"<p>Pilotul suedez Mattias Ekstr\u00f6m (fost campion \u00een DTM, \u00een Campionatul Mondial de Rallycross \u0219i \u00een Campionatul de Turisme din Suedia) \u00eempreun\u0103 cu speciali\u0219tii din cadrul Rally Technic au dezvoltat un Audi A1 pentru raliuri.<\/p>\n","protected":false},"author":4,"featured_media":16311,"comment_status":"open","ping_status":"closed","template":"","meta":{"_acf_changed":false,"footnotes":""},"tags":[30,1058],"class_list":["post-16310","live-news","type-live-news","status-publish","has-post-thumbnail","hentry","tag-audi","tag-quattro"],"acf":[],"yoast_head":"<!-- This site is optimized with the Yoast SEO Premium plugin v27.6 (Yoast SEO v27.6) - https:\/\/yoast.com\/product\/yoast-seo-premium-wordpress\/ -->\n<title>Un Audi A1 quattro preg\u0103tit pentru raliuri - Autocritica<\/title>\n<meta name=\"robots\" content=\"index, follow, max-snippet:-1, max-image-preview:large, max-video-preview:-1\" \/>\n<link rel=\"canonical\" href=\"https:\/\/www.autocritica.ro\/en\/live-news\/un-audi-a1-quattro-pregatit-pentru-raliuri\/\" \/>\n<meta property=\"og:locale\" content=\"en_US\" \/>\n<meta property=\"og:type\" content=\"article\" \/>\n<meta property=\"og:title\" content=\"Un Audi A1 quattro preg\u0103tit pentru raliuri\" \/>\n<meta property=\"og:description\" content=\"Pilotul suedez Mattias Ekstr\u00f6m (fost campion \u00een DTM, \u00een Campionatul Mondial de Rallycross \u0219i \u00een Campionatul de Turisme din Suedia) \u00eempreun\u0103 cu\" \/>\n<meta property=\"og:url\" content=\"https:\/\/www.autocritica.ro\/en\/live-news\/un-audi-a1-quattro-pregatit-pentru-raliuri\/\" \/>\n<meta property=\"og:site_name\" content=\"Autocritica\" \/>\n<meta property=\"article:publisher\" content=\"https:\/\/www.facebook.com\/autocritica.ro\" \/>\n<meta property=\"og:image\" content=\"https:\/\/www.autocritica.ro\/wp-content\/uploads\/2021\/03\/040321_EKS-AudiQuattro-2021_003_e74e6_frz_1400x788.jpeg\" \/>\n\t<meta property=\"og:image:width\" content=\"1400\" \/>\n\t<meta property=\"og:image:height\" content=\"788\" \/>\n\t<meta property=\"og:image:type\" content=\"image\/jpeg\" \/>\n<meta name=\"twitter:card\" content=\"summary_large_image\" \/>\n<meta name=\"twitter:label1\" content=\"Est. reading time\" \/>\n\t<meta name=\"twitter:data1\" content=\"1 minute\" \/>\n<script type=\"application\/ld+json\" class=\"yoast-schema-graph\">{\"@context\":\"https:\\\/\\\/schema.org\",\"@graph\":[{\"@type\":\"WebPage\",\"@id\":\"https:\\\/\\\/www.autocritica.ro\\\/en\\\/live-news\\\/un-audi-a1-quattro-pregatit-pentru-raliuri\\\/\",\"url\":\"https:\\\/\\\/www.autocritica.ro\\\/en\\\/live-news\\\/un-audi-a1-quattro-pregatit-pentru-raliuri\\\/\",\"name\":\"Un Audi A1 quattro preg\u0103tit pentru raliuri - Autocritica\",\"isPartOf\":{\"@id\":\"https:\\\/\\\/www.autocritica.ro\\\/en\\\/#website\"},\"primaryImageOfPage\":{\"@id\":\"https:\\\/\\\/www.autocritica.ro\\\/en\\\/live-news\\\/un-audi-a1-quattro-pregatit-pentru-raliuri\\\/#primaryimage\"},\"image\":{\"@id\":\"https:\\\/\\\/www.autocritica.ro\\\/en\\\/live-news\\\/un-audi-a1-quattro-pregatit-pentru-raliuri\\\/#primaryimage\"},\"thumbnailUrl\":\"https:\\\/\\\/www.autocritica.ro\\\/wp-content\\\/uploads\\\/2021\\\/03\\\/040321_EKS-AudiQuattro-2021_003_e74e6_frz_1400x788.jpeg\",\"datePublished\":\"2021-03-05T08:50:32+00:00\",\"breadcrumb\":{\"@id\":\"https:\\\/\\\/www.autocritica.ro\\\/en\\\/live-news\\\/un-audi-a1-quattro-pregatit-pentru-raliuri\\\/#breadcrumb\"},\"inLanguage\":\"en-US\",\"potentialAction\":[{\"@type\":\"ReadAction\",\"target\":[\"https:\\\/\\\/www.autocritica.ro\\\/en\\\/live-news\\\/un-audi-a1-quattro-pregatit-pentru-raliuri\\\/\"]}]},{\"@type\":\"ImageObject\",\"inLanguage\":\"en-US\",\"@id\":\"https:\\\/\\\/www.autocritica.ro\\\/en\\\/live-news\\\/un-audi-a1-quattro-pregatit-pentru-raliuri\\\/#primaryimage\",\"url\":\"https:\\\/\\\/www.autocritica.ro\\\/wp-content\\\/uploads\\\/2021\\\/03\\\/040321_EKS-AudiQuattro-2021_003_e74e6_frz_1400x788.jpeg\",\"contentUrl\":\"https:\\\/\\\/www.autocritica.ro\\\/wp-content\\\/uploads\\\/2021\\\/03\\\/040321_EKS-AudiQuattro-2021_003_e74e6_frz_1400x788.jpeg\",\"width\":1400,\"height\":788},{\"@type\":\"BreadcrumbList\",\"@id\":\"https:\\\/\\\/www.autocritica.ro\\\/en\\\/live-news\\\/un-audi-a1-quattro-pregatit-pentru-raliuri\\\/#breadcrumb\",\"itemListElement\":[{\"@type\":\"ListItem\",\"position\":1,\"name\":\"Home\",\"item\":\"https:\\\/\\\/www.autocritica.ro\\\/en\\\/\"},{\"@type\":\"ListItem\",\"position\":2,\"name\":\"Live News\",\"item\":\"https:\\\/\\\/www.autocritica.ro\\\/en\\\/live-news\\\/\"},{\"@type\":\"ListItem\",\"position\":3,\"name\":\"Un Audi A1 quattro preg\u0103tit pentru raliuri\"}]},{\"@type\":\"WebSite\",\"@id\":\"https:\\\/\\\/www.autocritica.ro\\\/en\\\/#website\",\"url\":\"https:\\\/\\\/www.autocritica.ro\\\/en\\\/\",\"name\":\"Autocritica\",\"description\":\"\",\"publisher\":{\"@id\":\"https:\\\/\\\/www.autocritica.ro\\\/en\\\/#organization\"},\"potentialAction\":[{\"@type\":\"SearchAction\",\"target\":{\"@type\":\"EntryPoint\",\"urlTemplate\":\"https:\\\/\\\/www.autocritica.ro\\\/en\\\/?s={search_term_string}\"},\"query-input\":{\"@type\":\"PropertyValueSpecification\",\"valueRequired\":true,\"valueName\":\"search_term_string\"}}],\"inLanguage\":\"en-US\"},{\"@type\":\"Organization\",\"@id\":\"https:\\\/\\\/www.autocritica.ro\\\/en\\\/#organization\",\"name\":\"Autocritica\",\"url\":\"https:\\\/\\\/www.autocritica.ro\\\/en\\\/\",\"logo\":{\"@type\":\"ImageObject\",\"inLanguage\":\"en-US\",\"@id\":\"https:\\\/\\\/www.autocritica.ro\\\/en\\\/#\\\/schema\\\/logo\\\/image\\\/\",\"url\":\"https:\\\/\\\/www.autocritica.ro\\\/wp-content\\\/uploads\\\/2020\\\/12\\\/logo-negru.png\",\"contentUrl\":\"https:\\\/\\\/www.autocritica.ro\\\/wp-content\\\/uploads\\\/2020\\\/12\\\/logo-negru.png\",\"width\":300,\"height\":102,\"caption\":\"Autocritica\"},\"image\":{\"@id\":\"https:\\\/\\\/www.autocritica.ro\\\/en\\\/#\\\/schema\\\/logo\\\/image\\\/\"},\"sameAs\":[\"https:\\\/\\\/www.facebook.com\\\/autocritica.ro\",\"https:\\\/\\\/www.instagram.com\\\/autocritica.ro\\\/\"]}]}<\/script>\n<!-- \/ Yoast SEO Premium plugin. -->","yoast_head_json":{"title":"Un Audi A1 quattro preg\u0103tit pentru raliuri - Autocritica","robots":{"index":"index","follow":"follow","max-snippet":"max-snippet:-1","max-image-preview":"max-image-preview:large","max-video-preview":"max-video-preview:-1"},"canonical":"https:\/\/www.autocritica.ro\/en\/live-news\/un-audi-a1-quattro-pregatit-pentru-raliuri\/","og_locale":"en_US","og_type":"article","og_title":"Un Audi A1 quattro preg\u0103tit pentru raliuri","og_description":"Pilotul suedez Mattias Ekstr\u00f6m (fost campion \u00een DTM, \u00een Campionatul Mondial de Rallycross \u0219i \u00een Campionatul de Turisme din Suedia) \u00eempreun\u0103 cu","og_url":"https:\/\/www.autocritica.ro\/en\/live-news\/un-audi-a1-quattro-pregatit-pentru-raliuri\/","og_site_name":"Autocritica","article_publisher":"https:\/\/www.facebook.com\/autocritica.ro","og_image":[{"width":1400,"height":788,"url":"https:\/\/www.autocritica.ro\/wp-content\/uploads\/2021\/03\/040321_EKS-AudiQuattro-2021_003_e74e6_frz_1400x788.jpeg","type":"image\/jpeg"}],"twitter_card":"summary_large_image","twitter_misc":{"Est. reading time":"1 minute"},"schema":{"@context":"https:\/\/schema.org","@graph":[{"@type":"WebPage","@id":"https:\/\/www.autocritica.ro\/en\/live-news\/un-audi-a1-quattro-pregatit-pentru-raliuri\/","url":"https:\/\/www.autocritica.ro\/en\/live-news\/un-audi-a1-quattro-pregatit-pentru-raliuri\/","name":"Un Audi A1 quattro preg\u0103tit pentru raliuri - Autocritica","isPartOf":{"@id":"https:\/\/www.autocritica.ro\/en\/#website"},"primaryImageOfPage":{"@id":"https:\/\/www.autocritica.ro\/en\/live-news\/un-audi-a1-quattro-pregatit-pentru-raliuri\/#primaryimage"},"image":{"@id":"https:\/\/www.autocritica.ro\/en\/live-news\/un-audi-a1-quattro-pregatit-pentru-raliuri\/#primaryimage"},"thumbnailUrl":"https:\/\/www.autocritica.ro\/wp-content\/uploads\/2021\/03\/040321_EKS-AudiQuattro-2021_003_e74e6_frz_1400x788.jpeg","datePublished":"2021-03-05T08:50:32+00:00","breadcrumb":{"@id":"https:\/\/www.autocritica.ro\/en\/live-news\/un-audi-a1-quattro-pregatit-pentru-raliuri\/#breadcrumb"},"inLanguage":"en-US","potentialAction":[{"@type":"ReadAction","target":["https:\/\/www.autocritica.ro\/en\/live-news\/un-audi-a1-quattro-pregatit-pentru-raliuri\/"]}]},{"@type":"ImageObject","inLanguage":"en-US","@id":"https:\/\/www.autocritica.ro\/en\/live-news\/un-audi-a1-quattro-pregatit-pentru-raliuri\/#primaryimage","url":"https:\/\/www.autocritica.ro\/wp-content\/uploads\/2021\/03\/040321_EKS-AudiQuattro-2021_003_e74e6_frz_1400x788.jpeg","contentUrl":"https:\/\/www.autocritica.ro\/wp-content\/uploads\/2021\/03\/040321_EKS-AudiQuattro-2021_003_e74e6_frz_1400x788.jpeg","width":1400,"height":788},{"@type":"BreadcrumbList","@id":"https:\/\/www.autocritica.ro\/en\/live-news\/un-audi-a1-quattro-pregatit-pentru-raliuri\/#breadcrumb","itemListElement":[{"@type":"ListItem","position":1,"name":"Home","item":"https:\/\/www.autocritica.ro\/en\/"},{"@type":"ListItem","position":2,"name":"Live News","item":"https:\/\/www.autocritica.ro\/en\/live-news\/"},{"@type":"ListItem","position":3,"name":"Un Audi A1 quattro preg\u0103tit pentru raliuri"}]},{"@type":"WebSite","@id":"https:\/\/www.autocritica.ro\/en\/#website","url":"https:\/\/www.autocritica.ro\/en\/","name":"Autocritica","description":"","publisher":{"@id":"https:\/\/www.autocritica.ro\/en\/#organization"},"potentialAction":[{"@type":"SearchAction","target":{"@type":"EntryPoint","urlTemplate":"https:\/\/www.autocritica.ro\/en\/?s={search_term_string}"},"query-input":{"@type":"PropertyValueSpecification","valueRequired":true,"valueName":"search_term_string"}}],"inLanguage":"en-US"},{"@type":"Organization","@id":"https:\/\/www.autocritica.ro\/en\/#organization","name":"Autocritica","url":"https:\/\/www.autocritica.ro\/en\/","logo":{"@type":"ImageObject","inLanguage":"en-US","@id":"https:\/\/www.autocritica.ro\/en\/#\/schema\/logo\/image\/","url":"https:\/\/www.autocritica.ro\/wp-content\/uploads\/2020\/12\/logo-negru.png","contentUrl":"https:\/\/www.autocritica.ro\/wp-content\/uploads\/2020\/12\/logo-negru.png","width":300,"height":102,"caption":"Autocritica"},"image":{"@id":"https:\/\/www.autocritica.ro\/en\/#\/schema\/logo\/image\/"},"sameAs":["https:\/\/www.facebook.com\/autocritica.ro","https:\/\/www.instagram.com\/autocritica.ro\/"]}]}},"_links":{"self":[{"href":"https:\/\/www.autocritica.ro\/en\/wp-json\/wp\/v2\/live-news\/16310","targetHints":{"allow":["GET"]}}],"collection":[{"href":"https:\/\/www.autocritica.ro\/en\/wp-json\/wp\/v2\/live-news"}],"about":[{"href":"https:\/\/www.autocritica.ro\/en\/wp-json\/wp\/v2\/types\/live-news"}],"author":[{"embeddable":true,"href":"https:\/\/www.autocritica.ro\/en\/wp-json\/wp\/v2\/users\/4"}],"replies":[{"embeddable":true,"href":"https:\/\/www.autocritica.ro\/en\/wp-json\/wp\/v2\/comments?post=16310"}],"version-history":[{"count":1,"href":"https:\/\/www.autocritica.ro\/en\/wp-json\/wp\/v2\/live-news\/16310\/revisions"}],"predecessor-version":[{"id":16312,"href":"https:\/\/www.autocritica.ro\/en\/wp-json\/wp\/v2\/live-news\/16310\/revisions\/16312"}],"wp:featuredmedia":[{"embeddable":true,"href":"https:\/\/www.autocritica.ro\/en\/wp-json\/wp\/v2\/media\/16311"}],"wp:attachment":[{"href":"https:\/\/www.autocritica.ro\/en\/wp-json\/wp\/v2\/media?parent=16310"}],"wp:term":[{"taxonomy":"post_tag","embeddable":true,"href":"https:\/\/www.autocritica.ro\/en\/wp-json\/wp\/v2\/tags?post=16310"}],"curies":[{"name":"wp","href":"https:\/\/api.w.org\/{rel}","templated":true}]}}