{"id":16293,"date":"2021-03-05T09:26:17","date_gmt":"2021-03-05T07:26:17","guid":{"rendered":"https:\/\/www.autocritica.ro\/?post_type=live-news&#038;p=16293"},"modified":"2021-03-05T09:26:17","modified_gmt":"2021-03-05T07:26:17","slug":"mercedes-benz-si-geely-pregatesc-un-conceptul-unui-suv-smart","status":"publish","type":"live-news","link":"https:\/\/www.autocritica.ro\/en\/live-news\/mercedes-benz-si-geely-pregatesc-un-conceptul-unui-suv-smart\/","title":{"rendered":"Mercedes-Benz \u0219i Geely preg\u0103tesc un conceptul unui SUV Smart"},"content":{"rendered":"<p>Mercedes-Benz \u0219i Geely ar urma s\u0103 prezinte conceptului SUV Smart \u00een cadrul Salonului Auto de la Munchen din aceast\u0103 toamn\u0103. Versiunea de serie va fi electric\u0103 \u0219i este programat\u0103 pentru debut \u00een 2022.<\/p>\n","protected":false},"author":4,"featured_media":16294,"comment_status":"open","ping_status":"closed","template":"","meta":{"_acf_changed":false,"footnotes":""},"tags":[1049,89,70],"class_list":["post-16293","live-news","type-live-news","status-publish","has-post-thumbnail","hentry","tag-geely","tag-mercedes-benz","tag-smart"],"acf":[],"yoast_head":"<!-- This site is optimized with the Yoast SEO Premium plugin v27.6 (Yoast SEO v27.6) - https:\/\/yoast.com\/product\/yoast-seo-premium-wordpress\/ -->\n<title>Mercedes-Benz \u0219i Geely preg\u0103tesc un conceptul unui SUV Smart - Autocritica<\/title>\n<meta name=\"robots\" content=\"index, follow, max-snippet:-1, max-image-preview:large, max-video-preview:-1\" \/>\n<link rel=\"canonical\" href=\"https:\/\/www.autocritica.ro\/en\/live-news\/mercedes-benz-si-geely-pregatesc-un-conceptul-unui-suv-smart\/\" \/>\n<meta property=\"og:locale\" content=\"en_US\" \/>\n<meta property=\"og:type\" content=\"article\" \/>\n<meta property=\"og:title\" content=\"Mercedes-Benz \u0219i Geely preg\u0103tesc un conceptul unui SUV Smart\" \/>\n<meta property=\"og:description\" content=\"Mercedes-Benz \u0219i Geely ar urma s\u0103 prezinte conceptului SUV Smart \u00een cadrul Salonului Auto de la Munchen din aceast\u0103 toamn\u0103. Versiunea de serie va fi\" \/>\n<meta property=\"og:url\" content=\"https:\/\/www.autocritica.ro\/en\/live-news\/mercedes-benz-si-geely-pregatesc-un-conceptul-unui-suv-smart\/\" \/>\n<meta property=\"og:site_name\" content=\"Autocritica\" \/>\n<meta property=\"article:publisher\" content=\"https:\/\/www.facebook.com\/autocritica.ro\" \/>\n<meta property=\"og:image\" content=\"https:\/\/www.autocritica.ro\/wp-content\/uploads\/2021\/03\/20C0749_008.jpg\" \/>\n\t<meta property=\"og:image:width\" content=\"1024\" \/>\n\t<meta property=\"og:image:height\" content=\"768\" \/>\n\t<meta property=\"og:image:type\" content=\"image\/jpeg\" \/>\n<meta name=\"twitter:card\" content=\"summary_large_image\" \/>\n<meta name=\"twitter:label1\" content=\"Est. reading time\" \/>\n\t<meta name=\"twitter:data1\" content=\"1 minute\" \/>\n<script type=\"application\/ld+json\" class=\"yoast-schema-graph\">{\"@context\":\"https:\\\/\\\/schema.org\",\"@graph\":[{\"@type\":\"WebPage\",\"@id\":\"https:\\\/\\\/www.autocritica.ro\\\/en\\\/live-news\\\/mercedes-benz-si-geely-pregatesc-un-conceptul-unui-suv-smart\\\/\",\"url\":\"https:\\\/\\\/www.autocritica.ro\\\/en\\\/live-news\\\/mercedes-benz-si-geely-pregatesc-un-conceptul-unui-suv-smart\\\/\",\"name\":\"Mercedes-Benz \u0219i Geely preg\u0103tesc un conceptul unui SUV Smart - Autocritica\",\"isPartOf\":{\"@id\":\"https:\\\/\\\/www.autocritica.ro\\\/en\\\/#website\"},\"primaryImageOfPage\":{\"@id\":\"https:\\\/\\\/www.autocritica.ro\\\/en\\\/live-news\\\/mercedes-benz-si-geely-pregatesc-un-conceptul-unui-suv-smart\\\/#primaryimage\"},\"image\":{\"@id\":\"https:\\\/\\\/www.autocritica.ro\\\/en\\\/live-news\\\/mercedes-benz-si-geely-pregatesc-un-conceptul-unui-suv-smart\\\/#primaryimage\"},\"thumbnailUrl\":\"https:\\\/\\\/www.autocritica.ro\\\/wp-content\\\/uploads\\\/2021\\\/03\\\/20C0749_008.jpg\",\"datePublished\":\"2021-03-05T07:26:17+00:00\",\"breadcrumb\":{\"@id\":\"https:\\\/\\\/www.autocritica.ro\\\/en\\\/live-news\\\/mercedes-benz-si-geely-pregatesc-un-conceptul-unui-suv-smart\\\/#breadcrumb\"},\"inLanguage\":\"en-US\",\"potentialAction\":[{\"@type\":\"ReadAction\",\"target\":[\"https:\\\/\\\/www.autocritica.ro\\\/en\\\/live-news\\\/mercedes-benz-si-geely-pregatesc-un-conceptul-unui-suv-smart\\\/\"]}]},{\"@type\":\"ImageObject\",\"inLanguage\":\"en-US\",\"@id\":\"https:\\\/\\\/www.autocritica.ro\\\/en\\\/live-news\\\/mercedes-benz-si-geely-pregatesc-un-conceptul-unui-suv-smart\\\/#primaryimage\",\"url\":\"https:\\\/\\\/www.autocritica.ro\\\/wp-content\\\/uploads\\\/2021\\\/03\\\/20C0749_008.jpg\",\"contentUrl\":\"https:\\\/\\\/www.autocritica.ro\\\/wp-content\\\/uploads\\\/2021\\\/03\\\/20C0749_008.jpg\",\"width\":1024,\"height\":768},{\"@type\":\"BreadcrumbList\",\"@id\":\"https:\\\/\\\/www.autocritica.ro\\\/en\\\/live-news\\\/mercedes-benz-si-geely-pregatesc-un-conceptul-unui-suv-smart\\\/#breadcrumb\",\"itemListElement\":[{\"@type\":\"ListItem\",\"position\":1,\"name\":\"Home\",\"item\":\"https:\\\/\\\/www.autocritica.ro\\\/en\\\/\"},{\"@type\":\"ListItem\",\"position\":2,\"name\":\"Live News\",\"item\":\"https:\\\/\\\/www.autocritica.ro\\\/en\\\/live-news\\\/\"},{\"@type\":\"ListItem\",\"position\":3,\"name\":\"Mercedes-Benz \u0219i Geely preg\u0103tesc un conceptul unui SUV Smart\"}]},{\"@type\":\"WebSite\",\"@id\":\"https:\\\/\\\/www.autocritica.ro\\\/en\\\/#website\",\"url\":\"https:\\\/\\\/www.autocritica.ro\\\/en\\\/\",\"name\":\"Autocritica\",\"description\":\"\",\"publisher\":{\"@id\":\"https:\\\/\\\/www.autocritica.ro\\\/en\\\/#organization\"},\"potentialAction\":[{\"@type\":\"SearchAction\",\"target\":{\"@type\":\"EntryPoint\",\"urlTemplate\":\"https:\\\/\\\/www.autocritica.ro\\\/en\\\/?s={search_term_string}\"},\"query-input\":{\"@type\":\"PropertyValueSpecification\",\"valueRequired\":true,\"valueName\":\"search_term_string\"}}],\"inLanguage\":\"en-US\"},{\"@type\":\"Organization\",\"@id\":\"https:\\\/\\\/www.autocritica.ro\\\/en\\\/#organization\",\"name\":\"Autocritica\",\"url\":\"https:\\\/\\\/www.autocritica.ro\\\/en\\\/\",\"logo\":{\"@type\":\"ImageObject\",\"inLanguage\":\"en-US\",\"@id\":\"https:\\\/\\\/www.autocritica.ro\\\/en\\\/#\\\/schema\\\/logo\\\/image\\\/\",\"url\":\"https:\\\/\\\/www.autocritica.ro\\\/wp-content\\\/uploads\\\/2020\\\/12\\\/logo-negru.png\",\"contentUrl\":\"https:\\\/\\\/www.autocritica.ro\\\/wp-content\\\/uploads\\\/2020\\\/12\\\/logo-negru.png\",\"width\":300,\"height\":102,\"caption\":\"Autocritica\"},\"image\":{\"@id\":\"https:\\\/\\\/www.autocritica.ro\\\/en\\\/#\\\/schema\\\/logo\\\/image\\\/\"},\"sameAs\":[\"https:\\\/\\\/www.facebook.com\\\/autocritica.ro\",\"https:\\\/\\\/www.instagram.com\\\/autocritica.ro\\\/\"]}]}<\/script>\n<!-- \/ Yoast SEO Premium plugin. -->","yoast_head_json":{"title":"Mercedes-Benz \u0219i Geely preg\u0103tesc un conceptul unui SUV Smart - Autocritica","robots":{"index":"index","follow":"follow","max-snippet":"max-snippet:-1","max-image-preview":"max-image-preview:large","max-video-preview":"max-video-preview:-1"},"canonical":"https:\/\/www.autocritica.ro\/en\/live-news\/mercedes-benz-si-geely-pregatesc-un-conceptul-unui-suv-smart\/","og_locale":"en_US","og_type":"article","og_title":"Mercedes-Benz \u0219i Geely preg\u0103tesc un conceptul unui SUV Smart","og_description":"Mercedes-Benz \u0219i Geely ar urma s\u0103 prezinte conceptului SUV Smart \u00een cadrul Salonului Auto de la Munchen din aceast\u0103 toamn\u0103. Versiunea de serie va fi","og_url":"https:\/\/www.autocritica.ro\/en\/live-news\/mercedes-benz-si-geely-pregatesc-un-conceptul-unui-suv-smart\/","og_site_name":"Autocritica","article_publisher":"https:\/\/www.facebook.com\/autocritica.ro","og_image":[{"width":1024,"height":768,"url":"https:\/\/www.autocritica.ro\/wp-content\/uploads\/2021\/03\/20C0749_008.jpg","type":"image\/jpeg"}],"twitter_card":"summary_large_image","twitter_misc":{"Est. reading time":"1 minute"},"schema":{"@context":"https:\/\/schema.org","@graph":[{"@type":"WebPage","@id":"https:\/\/www.autocritica.ro\/en\/live-news\/mercedes-benz-si-geely-pregatesc-un-conceptul-unui-suv-smart\/","url":"https:\/\/www.autocritica.ro\/en\/live-news\/mercedes-benz-si-geely-pregatesc-un-conceptul-unui-suv-smart\/","name":"Mercedes-Benz \u0219i Geely preg\u0103tesc un conceptul unui SUV Smart - Autocritica","isPartOf":{"@id":"https:\/\/www.autocritica.ro\/en\/#website"},"primaryImageOfPage":{"@id":"https:\/\/www.autocritica.ro\/en\/live-news\/mercedes-benz-si-geely-pregatesc-un-conceptul-unui-suv-smart\/#primaryimage"},"image":{"@id":"https:\/\/www.autocritica.ro\/en\/live-news\/mercedes-benz-si-geely-pregatesc-un-conceptul-unui-suv-smart\/#primaryimage"},"thumbnailUrl":"https:\/\/www.autocritica.ro\/wp-content\/uploads\/2021\/03\/20C0749_008.jpg","datePublished":"2021-03-05T07:26:17+00:00","breadcrumb":{"@id":"https:\/\/www.autocritica.ro\/en\/live-news\/mercedes-benz-si-geely-pregatesc-un-conceptul-unui-suv-smart\/#breadcrumb"},"inLanguage":"en-US","potentialAction":[{"@type":"ReadAction","target":["https:\/\/www.autocritica.ro\/en\/live-news\/mercedes-benz-si-geely-pregatesc-un-conceptul-unui-suv-smart\/"]}]},{"@type":"ImageObject","inLanguage":"en-US","@id":"https:\/\/www.autocritica.ro\/en\/live-news\/mercedes-benz-si-geely-pregatesc-un-conceptul-unui-suv-smart\/#primaryimage","url":"https:\/\/www.autocritica.ro\/wp-content\/uploads\/2021\/03\/20C0749_008.jpg","contentUrl":"https:\/\/www.autocritica.ro\/wp-content\/uploads\/2021\/03\/20C0749_008.jpg","width":1024,"height":768},{"@type":"BreadcrumbList","@id":"https:\/\/www.autocritica.ro\/en\/live-news\/mercedes-benz-si-geely-pregatesc-un-conceptul-unui-suv-smart\/#breadcrumb","itemListElement":[{"@type":"ListItem","position":1,"name":"Home","item":"https:\/\/www.autocritica.ro\/en\/"},{"@type":"ListItem","position":2,"name":"Live News","item":"https:\/\/www.autocritica.ro\/en\/live-news\/"},{"@type":"ListItem","position":3,"name":"Mercedes-Benz \u0219i Geely preg\u0103tesc un conceptul unui SUV Smart"}]},{"@type":"WebSite","@id":"https:\/\/www.autocritica.ro\/en\/#website","url":"https:\/\/www.autocritica.ro\/en\/","name":"Autocritica","description":"","publisher":{"@id":"https:\/\/www.autocritica.ro\/en\/#organization"},"potentialAction":[{"@type":"SearchAction","target":{"@type":"EntryPoint","urlTemplate":"https:\/\/www.autocritica.ro\/en\/?s={search_term_string}"},"query-input":{"@type":"PropertyValueSpecification","valueRequired":true,"valueName":"search_term_string"}}],"inLanguage":"en-US"},{"@type":"Organization","@id":"https:\/\/www.autocritica.ro\/en\/#organization","name":"Autocritica","url":"https:\/\/www.autocritica.ro\/en\/","logo":{"@type":"ImageObject","inLanguage":"en-US","@id":"https:\/\/www.autocritica.ro\/en\/#\/schema\/logo\/image\/","url":"https:\/\/www.autocritica.ro\/wp-content\/uploads\/2020\/12\/logo-negru.png","contentUrl":"https:\/\/www.autocritica.ro\/wp-content\/uploads\/2020\/12\/logo-negru.png","width":300,"height":102,"caption":"Autocritica"},"image":{"@id":"https:\/\/www.autocritica.ro\/en\/#\/schema\/logo\/image\/"},"sameAs":["https:\/\/www.facebook.com\/autocritica.ro","https:\/\/www.instagram.com\/autocritica.ro\/"]}]}},"_links":{"self":[{"href":"https:\/\/www.autocritica.ro\/en\/wp-json\/wp\/v2\/live-news\/16293","targetHints":{"allow":["GET"]}}],"collection":[{"href":"https:\/\/www.autocritica.ro\/en\/wp-json\/wp\/v2\/live-news"}],"about":[{"href":"https:\/\/www.autocritica.ro\/en\/wp-json\/wp\/v2\/types\/live-news"}],"author":[{"embeddable":true,"href":"https:\/\/www.autocritica.ro\/en\/wp-json\/wp\/v2\/users\/4"}],"replies":[{"embeddable":true,"href":"https:\/\/www.autocritica.ro\/en\/wp-json\/wp\/v2\/comments?post=16293"}],"version-history":[{"count":1,"href":"https:\/\/www.autocritica.ro\/en\/wp-json\/wp\/v2\/live-news\/16293\/revisions"}],"predecessor-version":[{"id":16295,"href":"https:\/\/www.autocritica.ro\/en\/wp-json\/wp\/v2\/live-news\/16293\/revisions\/16295"}],"wp:featuredmedia":[{"embeddable":true,"href":"https:\/\/www.autocritica.ro\/en\/wp-json\/wp\/v2\/media\/16294"}],"wp:attachment":[{"href":"https:\/\/www.autocritica.ro\/en\/wp-json\/wp\/v2\/media?parent=16293"}],"wp:term":[{"taxonomy":"post_tag","embeddable":true,"href":"https:\/\/www.autocritica.ro\/en\/wp-json\/wp\/v2\/tags?post=16293"}],"curies":[{"name":"wp","href":"https:\/\/api.w.org\/{rel}","templated":true}]}}