{"id":16235,"date":"2021-03-04T11:21:15","date_gmt":"2021-03-04T09:21:15","guid":{"rendered":"https:\/\/www.autocritica.ro\/?post_type=live-news&#038;p=16235"},"modified":"2021-03-04T11:21:15","modified_gmt":"2021-03-04T09:21:15","slug":"campionatul-britanic-de-rallycross-va-introduce-masini-electrice-in-categoria-de-top","status":"publish","type":"live-news","link":"https:\/\/www.autocritica.ro\/en\/live-news\/campionatul-britanic-de-rallycross-va-introduce-masini-electrice-in-categoria-de-top\/","title":{"rendered":"Campionatul Britanic de Rallycross va introduce ma\u0219ini electrice \u00een categoria de top"},"content":{"rendered":"<p>Organizatorii Campionatului Britanic de Rallycross (Five Nations BRX) spun c\u0103 a\u0219teapt\u0103 aprobarea din parea comisiei de motorsport pentru introducerea modelelor electrice \u00een aceast\u0103 competi\u021bie. Acestea ar urma s\u0103 fie \u00eencadrate la clasa de top denumit\u0103 Supercar (ma\u0219ini cu peste 600 de cai putere) \u0219i vor concura \u00eempotriva modelelor cu motoare cu ardere intern\u0103.<\/p>\n","protected":false},"author":4,"featured_media":16237,"comment_status":"open","ping_status":"closed","template":"","meta":{"_acf_changed":false,"footnotes":""},"tags":[1008,1044],"class_list":["post-16235","live-news","type-live-news","status-publish","has-post-thumbnail","hentry","tag-masini-electrice","tag-rallycross"],"acf":[],"yoast_head":"<!-- This site is optimized with the Yoast SEO Premium plugin v27.6 (Yoast SEO v27.6) - https:\/\/yoast.com\/product\/yoast-seo-premium-wordpress\/ -->\n<title>Campionatul Britanic de Rallycross va introduce ma\u0219ini electrice \u00een categoria de top - Autocritica<\/title>\n<meta name=\"robots\" content=\"index, follow, max-snippet:-1, max-image-preview:large, max-video-preview:-1\" \/>\n<link rel=\"canonical\" href=\"https:\/\/www.autocritica.ro\/en\/live-news\/campionatul-britanic-de-rallycross-va-introduce-masini-electrice-in-categoria-de-top\/\" \/>\n<meta property=\"og:locale\" content=\"en_US\" \/>\n<meta property=\"og:type\" content=\"article\" \/>\n<meta property=\"og:title\" content=\"Campionatul Britanic de Rallycross va introduce ma\u0219ini electrice \u00een categoria de top\" \/>\n<meta property=\"og:description\" content=\"Organizatorii Campionatului Britanic de Rallycross (Five Nations BRX) spun c\u0103 a\u0219teapt\u0103 aprobarea din parea comisiei de motorsport pentru introducerea\" \/>\n<meta property=\"og:url\" content=\"https:\/\/www.autocritica.ro\/en\/live-news\/campionatul-britanic-de-rallycross-va-introduce-masini-electrice-in-categoria-de-top\/\" \/>\n<meta property=\"og:site_name\" content=\"Autocritica\" \/>\n<meta property=\"article:publisher\" content=\"https:\/\/www.facebook.com\/autocritica.ro\" \/>\n<meta property=\"og:image\" content=\"https:\/\/www.autocritica.ro\/wp-content\/uploads\/2021\/03\/2020_05_lat_pe_atmos_301.jpeg\" \/>\n\t<meta property=\"og:image:width\" content=\"900\" \/>\n\t<meta property=\"og:image:height\" content=\"596\" \/>\n\t<meta property=\"og:image:type\" content=\"image\/jpeg\" \/>\n<meta name=\"twitter:card\" content=\"summary_large_image\" \/>\n<meta name=\"twitter:label1\" content=\"Est. reading time\" \/>\n\t<meta name=\"twitter:data1\" content=\"1 minute\" \/>\n<script type=\"application\/ld+json\" class=\"yoast-schema-graph\">{\"@context\":\"https:\\\/\\\/schema.org\",\"@graph\":[{\"@type\":\"WebPage\",\"@id\":\"https:\\\/\\\/www.autocritica.ro\\\/en\\\/live-news\\\/campionatul-britanic-de-rallycross-va-introduce-masini-electrice-in-categoria-de-top\\\/\",\"url\":\"https:\\\/\\\/www.autocritica.ro\\\/en\\\/live-news\\\/campionatul-britanic-de-rallycross-va-introduce-masini-electrice-in-categoria-de-top\\\/\",\"name\":\"Campionatul Britanic de Rallycross va introduce ma\u0219ini electrice \u00een categoria de top - Autocritica\",\"isPartOf\":{\"@id\":\"https:\\\/\\\/www.autocritica.ro\\\/en\\\/#website\"},\"primaryImageOfPage\":{\"@id\":\"https:\\\/\\\/www.autocritica.ro\\\/en\\\/live-news\\\/campionatul-britanic-de-rallycross-va-introduce-masini-electrice-in-categoria-de-top\\\/#primaryimage\"},\"image\":{\"@id\":\"https:\\\/\\\/www.autocritica.ro\\\/en\\\/live-news\\\/campionatul-britanic-de-rallycross-va-introduce-masini-electrice-in-categoria-de-top\\\/#primaryimage\"},\"thumbnailUrl\":\"https:\\\/\\\/www.autocritica.ro\\\/wp-content\\\/uploads\\\/2021\\\/03\\\/2020_05_lat_pe_atmos_301.jpeg\",\"datePublished\":\"2021-03-04T09:21:15+00:00\",\"breadcrumb\":{\"@id\":\"https:\\\/\\\/www.autocritica.ro\\\/en\\\/live-news\\\/campionatul-britanic-de-rallycross-va-introduce-masini-electrice-in-categoria-de-top\\\/#breadcrumb\"},\"inLanguage\":\"en-US\",\"potentialAction\":[{\"@type\":\"ReadAction\",\"target\":[\"https:\\\/\\\/www.autocritica.ro\\\/en\\\/live-news\\\/campionatul-britanic-de-rallycross-va-introduce-masini-electrice-in-categoria-de-top\\\/\"]}]},{\"@type\":\"ImageObject\",\"inLanguage\":\"en-US\",\"@id\":\"https:\\\/\\\/www.autocritica.ro\\\/en\\\/live-news\\\/campionatul-britanic-de-rallycross-va-introduce-masini-electrice-in-categoria-de-top\\\/#primaryimage\",\"url\":\"https:\\\/\\\/www.autocritica.ro\\\/wp-content\\\/uploads\\\/2021\\\/03\\\/2020_05_lat_pe_atmos_301.jpeg\",\"contentUrl\":\"https:\\\/\\\/www.autocritica.ro\\\/wp-content\\\/uploads\\\/2021\\\/03\\\/2020_05_lat_pe_atmos_301.jpeg\",\"width\":900,\"height\":596},{\"@type\":\"BreadcrumbList\",\"@id\":\"https:\\\/\\\/www.autocritica.ro\\\/en\\\/live-news\\\/campionatul-britanic-de-rallycross-va-introduce-masini-electrice-in-categoria-de-top\\\/#breadcrumb\",\"itemListElement\":[{\"@type\":\"ListItem\",\"position\":1,\"name\":\"Home\",\"item\":\"https:\\\/\\\/www.autocritica.ro\\\/en\\\/\"},{\"@type\":\"ListItem\",\"position\":2,\"name\":\"Live News\",\"item\":\"https:\\\/\\\/www.autocritica.ro\\\/en\\\/live-news\\\/\"},{\"@type\":\"ListItem\",\"position\":3,\"name\":\"Campionatul Britanic de Rallycross va introduce ma\u0219ini electrice \u00een categoria de top\"}]},{\"@type\":\"WebSite\",\"@id\":\"https:\\\/\\\/www.autocritica.ro\\\/en\\\/#website\",\"url\":\"https:\\\/\\\/www.autocritica.ro\\\/en\\\/\",\"name\":\"Autocritica\",\"description\":\"\",\"publisher\":{\"@id\":\"https:\\\/\\\/www.autocritica.ro\\\/en\\\/#organization\"},\"potentialAction\":[{\"@type\":\"SearchAction\",\"target\":{\"@type\":\"EntryPoint\",\"urlTemplate\":\"https:\\\/\\\/www.autocritica.ro\\\/en\\\/?s={search_term_string}\"},\"query-input\":{\"@type\":\"PropertyValueSpecification\",\"valueRequired\":true,\"valueName\":\"search_term_string\"}}],\"inLanguage\":\"en-US\"},{\"@type\":\"Organization\",\"@id\":\"https:\\\/\\\/www.autocritica.ro\\\/en\\\/#organization\",\"name\":\"Autocritica\",\"url\":\"https:\\\/\\\/www.autocritica.ro\\\/en\\\/\",\"logo\":{\"@type\":\"ImageObject\",\"inLanguage\":\"en-US\",\"@id\":\"https:\\\/\\\/www.autocritica.ro\\\/en\\\/#\\\/schema\\\/logo\\\/image\\\/\",\"url\":\"https:\\\/\\\/www.autocritica.ro\\\/wp-content\\\/uploads\\\/2020\\\/12\\\/logo-negru.png\",\"contentUrl\":\"https:\\\/\\\/www.autocritica.ro\\\/wp-content\\\/uploads\\\/2020\\\/12\\\/logo-negru.png\",\"width\":300,\"height\":102,\"caption\":\"Autocritica\"},\"image\":{\"@id\":\"https:\\\/\\\/www.autocritica.ro\\\/en\\\/#\\\/schema\\\/logo\\\/image\\\/\"},\"sameAs\":[\"https:\\\/\\\/www.facebook.com\\\/autocritica.ro\",\"https:\\\/\\\/www.instagram.com\\\/autocritica.ro\\\/\"]}]}<\/script>\n<!-- \/ Yoast SEO Premium plugin. -->","yoast_head_json":{"title":"Campionatul Britanic de Rallycross va introduce ma\u0219ini electrice \u00een categoria de top - Autocritica","robots":{"index":"index","follow":"follow","max-snippet":"max-snippet:-1","max-image-preview":"max-image-preview:large","max-video-preview":"max-video-preview:-1"},"canonical":"https:\/\/www.autocritica.ro\/en\/live-news\/campionatul-britanic-de-rallycross-va-introduce-masini-electrice-in-categoria-de-top\/","og_locale":"en_US","og_type":"article","og_title":"Campionatul Britanic de Rallycross va introduce ma\u0219ini electrice \u00een categoria de top","og_description":"Organizatorii Campionatului Britanic de Rallycross (Five Nations BRX) spun c\u0103 a\u0219teapt\u0103 aprobarea din parea comisiei de motorsport pentru introducerea","og_url":"https:\/\/www.autocritica.ro\/en\/live-news\/campionatul-britanic-de-rallycross-va-introduce-masini-electrice-in-categoria-de-top\/","og_site_name":"Autocritica","article_publisher":"https:\/\/www.facebook.com\/autocritica.ro","og_image":[{"width":900,"height":596,"url":"https:\/\/www.autocritica.ro\/wp-content\/uploads\/2021\/03\/2020_05_lat_pe_atmos_301.jpeg","type":"image\/jpeg"}],"twitter_card":"summary_large_image","twitter_misc":{"Est. reading time":"1 minute"},"schema":{"@context":"https:\/\/schema.org","@graph":[{"@type":"WebPage","@id":"https:\/\/www.autocritica.ro\/en\/live-news\/campionatul-britanic-de-rallycross-va-introduce-masini-electrice-in-categoria-de-top\/","url":"https:\/\/www.autocritica.ro\/en\/live-news\/campionatul-britanic-de-rallycross-va-introduce-masini-electrice-in-categoria-de-top\/","name":"Campionatul Britanic de Rallycross va introduce ma\u0219ini electrice \u00een categoria de top - Autocritica","isPartOf":{"@id":"https:\/\/www.autocritica.ro\/en\/#website"},"primaryImageOfPage":{"@id":"https:\/\/www.autocritica.ro\/en\/live-news\/campionatul-britanic-de-rallycross-va-introduce-masini-electrice-in-categoria-de-top\/#primaryimage"},"image":{"@id":"https:\/\/www.autocritica.ro\/en\/live-news\/campionatul-britanic-de-rallycross-va-introduce-masini-electrice-in-categoria-de-top\/#primaryimage"},"thumbnailUrl":"https:\/\/www.autocritica.ro\/wp-content\/uploads\/2021\/03\/2020_05_lat_pe_atmos_301.jpeg","datePublished":"2021-03-04T09:21:15+00:00","breadcrumb":{"@id":"https:\/\/www.autocritica.ro\/en\/live-news\/campionatul-britanic-de-rallycross-va-introduce-masini-electrice-in-categoria-de-top\/#breadcrumb"},"inLanguage":"en-US","potentialAction":[{"@type":"ReadAction","target":["https:\/\/www.autocritica.ro\/en\/live-news\/campionatul-britanic-de-rallycross-va-introduce-masini-electrice-in-categoria-de-top\/"]}]},{"@type":"ImageObject","inLanguage":"en-US","@id":"https:\/\/www.autocritica.ro\/en\/live-news\/campionatul-britanic-de-rallycross-va-introduce-masini-electrice-in-categoria-de-top\/#primaryimage","url":"https:\/\/www.autocritica.ro\/wp-content\/uploads\/2021\/03\/2020_05_lat_pe_atmos_301.jpeg","contentUrl":"https:\/\/www.autocritica.ro\/wp-content\/uploads\/2021\/03\/2020_05_lat_pe_atmos_301.jpeg","width":900,"height":596},{"@type":"BreadcrumbList","@id":"https:\/\/www.autocritica.ro\/en\/live-news\/campionatul-britanic-de-rallycross-va-introduce-masini-electrice-in-categoria-de-top\/#breadcrumb","itemListElement":[{"@type":"ListItem","position":1,"name":"Home","item":"https:\/\/www.autocritica.ro\/en\/"},{"@type":"ListItem","position":2,"name":"Live News","item":"https:\/\/www.autocritica.ro\/en\/live-news\/"},{"@type":"ListItem","position":3,"name":"Campionatul Britanic de Rallycross va introduce ma\u0219ini electrice \u00een categoria de top"}]},{"@type":"WebSite","@id":"https:\/\/www.autocritica.ro\/en\/#website","url":"https:\/\/www.autocritica.ro\/en\/","name":"Autocritica","description":"","publisher":{"@id":"https:\/\/www.autocritica.ro\/en\/#organization"},"potentialAction":[{"@type":"SearchAction","target":{"@type":"EntryPoint","urlTemplate":"https:\/\/www.autocritica.ro\/en\/?s={search_term_string}"},"query-input":{"@type":"PropertyValueSpecification","valueRequired":true,"valueName":"search_term_string"}}],"inLanguage":"en-US"},{"@type":"Organization","@id":"https:\/\/www.autocritica.ro\/en\/#organization","name":"Autocritica","url":"https:\/\/www.autocritica.ro\/en\/","logo":{"@type":"ImageObject","inLanguage":"en-US","@id":"https:\/\/www.autocritica.ro\/en\/#\/schema\/logo\/image\/","url":"https:\/\/www.autocritica.ro\/wp-content\/uploads\/2020\/12\/logo-negru.png","contentUrl":"https:\/\/www.autocritica.ro\/wp-content\/uploads\/2020\/12\/logo-negru.png","width":300,"height":102,"caption":"Autocritica"},"image":{"@id":"https:\/\/www.autocritica.ro\/en\/#\/schema\/logo\/image\/"},"sameAs":["https:\/\/www.facebook.com\/autocritica.ro","https:\/\/www.instagram.com\/autocritica.ro\/"]}]}},"_links":{"self":[{"href":"https:\/\/www.autocritica.ro\/en\/wp-json\/wp\/v2\/live-news\/16235","targetHints":{"allow":["GET"]}}],"collection":[{"href":"https:\/\/www.autocritica.ro\/en\/wp-json\/wp\/v2\/live-news"}],"about":[{"href":"https:\/\/www.autocritica.ro\/en\/wp-json\/wp\/v2\/types\/live-news"}],"author":[{"embeddable":true,"href":"https:\/\/www.autocritica.ro\/en\/wp-json\/wp\/v2\/users\/4"}],"replies":[{"embeddable":true,"href":"https:\/\/www.autocritica.ro\/en\/wp-json\/wp\/v2\/comments?post=16235"}],"version-history":[{"count":1,"href":"https:\/\/www.autocritica.ro\/en\/wp-json\/wp\/v2\/live-news\/16235\/revisions"}],"predecessor-version":[{"id":16238,"href":"https:\/\/www.autocritica.ro\/en\/wp-json\/wp\/v2\/live-news\/16235\/revisions\/16238"}],"wp:featuredmedia":[{"embeddable":true,"href":"https:\/\/www.autocritica.ro\/en\/wp-json\/wp\/v2\/media\/16237"}],"wp:attachment":[{"href":"https:\/\/www.autocritica.ro\/en\/wp-json\/wp\/v2\/media?parent=16235"}],"wp:term":[{"taxonomy":"post_tag","embeddable":true,"href":"https:\/\/www.autocritica.ro\/en\/wp-json\/wp\/v2\/tags?post=16235"}],"curies":[{"name":"wp","href":"https:\/\/api.w.org\/{rel}","templated":true}]}}