{"id":15727,"date":"2021-03-01T08:15:15","date_gmt":"2021-03-01T08:15:15","guid":{"rendered":"https:\/\/www.autocritica.ro\/?post_type=live-news&#038;p=15727"},"modified":"2021-03-01T08:15:15","modified_gmt":"2021-03-01T08:15:15","slug":"alfa-romeo-planuieste-un-sedan-de-clasa-mare-debutul-ar-putea-avea-loc-in-2025","status":"publish","type":"live-news","link":"https:\/\/www.autocritica.ro\/en\/live-news\/alfa-romeo-planuieste-un-sedan-de-clasa-mare-debutul-ar-putea-avea-loc-in-2025\/","title":{"rendered":"Alfa Romeo pl\u0103nuie\u0219te un sedan de clas\u0103 mare. Debutul ar putea avea loc \u00een 2025"},"content":{"rendered":"<p>Alfa Romeo va lansa dou\u0103 SUV-uri noi p\u00e2n\u0103 la finalul lui 2022. Alfa Romeo Tonale va debuta \u00een cursul acestui an, iar din 2022 vom face cuno\u0219tin\u021b\u0103 cu un SUV de segment B. Totu\u0219i, italienii preg\u0103tesc \u00eenc\u0103 o surpriz\u0103 pentru fani: un sedan sport de clas\u0103 mare.<\/p>\n","protected":false},"author":4,"featured_media":15729,"comment_status":"open","ping_status":"closed","template":"","meta":{"_acf_changed":false,"footnotes":""},"tags":[907,989,988],"class_list":["post-15727","live-news","type-live-news","status-publish","has-post-thumbnail","hentry","tag-alfa-romeo","tag-sedan-alfa-romeo","tag-tonale"],"acf":[],"yoast_head":"<!-- This site is optimized with the Yoast SEO Premium plugin v27.6 (Yoast SEO v27.6) - https:\/\/yoast.com\/product\/yoast-seo-premium-wordpress\/ -->\n<title>Alfa Romeo pl\u0103nuie\u0219te un sedan de clas\u0103 mare. Debutul ar putea avea loc \u00een 2025 - Autocritica<\/title>\n<meta name=\"robots\" content=\"index, follow, max-snippet:-1, max-image-preview:large, max-video-preview:-1\" \/>\n<link rel=\"canonical\" href=\"https:\/\/www.autocritica.ro\/en\/live-news\/alfa-romeo-planuieste-un-sedan-de-clasa-mare-debutul-ar-putea-avea-loc-in-2025\/\" \/>\n<meta property=\"og:locale\" content=\"en_US\" \/>\n<meta property=\"og:type\" content=\"article\" \/>\n<meta property=\"og:title\" content=\"Alfa Romeo pl\u0103nuie\u0219te un sedan de clas\u0103 mare. Debutul ar putea avea loc \u00een 2025\" \/>\n<meta property=\"og:description\" content=\"Alfa Romeo va lansa dou\u0103 SUV-uri noi p\u00e2n\u0103 la finalul lui 2022. Alfa Romeo Tonale va debuta \u00een cursul acestui an, iar din 2022 vom face cuno\u0219tin\u021b\u0103 cu un\" \/>\n<meta property=\"og:url\" content=\"https:\/\/www.autocritica.ro\/en\/live-news\/alfa-romeo-planuieste-un-sedan-de-clasa-mare-debutul-ar-putea-avea-loc-in-2025\/\" \/>\n<meta property=\"og:site_name\" content=\"Autocritica\" \/>\n<meta property=\"article:publisher\" content=\"https:\/\/www.facebook.com\/autocritica.ro\" \/>\n<meta property=\"og:image\" content=\"https:\/\/www.autocritica.ro\/wp-content\/uploads\/2021\/03\/alfa-romeo-logo.jpg\" \/>\n\t<meta property=\"og:image:width\" content=\"2400\" \/>\n\t<meta property=\"og:image:height\" content=\"1600\" \/>\n\t<meta property=\"og:image:type\" content=\"image\/jpeg\" \/>\n<meta name=\"twitter:card\" content=\"summary_large_image\" \/>\n<meta name=\"twitter:label1\" content=\"Est. reading time\" \/>\n\t<meta name=\"twitter:data1\" content=\"1 minute\" \/>\n<script type=\"application\/ld+json\" class=\"yoast-schema-graph\">{\"@context\":\"https:\\\/\\\/schema.org\",\"@graph\":[{\"@type\":\"WebPage\",\"@id\":\"https:\\\/\\\/www.autocritica.ro\\\/en\\\/live-news\\\/alfa-romeo-planuieste-un-sedan-de-clasa-mare-debutul-ar-putea-avea-loc-in-2025\\\/\",\"url\":\"https:\\\/\\\/www.autocritica.ro\\\/en\\\/live-news\\\/alfa-romeo-planuieste-un-sedan-de-clasa-mare-debutul-ar-putea-avea-loc-in-2025\\\/\",\"name\":\"Alfa Romeo pl\u0103nuie\u0219te un sedan de clas\u0103 mare. Debutul ar putea avea loc \u00een 2025 - Autocritica\",\"isPartOf\":{\"@id\":\"https:\\\/\\\/www.autocritica.ro\\\/en\\\/#website\"},\"primaryImageOfPage\":{\"@id\":\"https:\\\/\\\/www.autocritica.ro\\\/en\\\/live-news\\\/alfa-romeo-planuieste-un-sedan-de-clasa-mare-debutul-ar-putea-avea-loc-in-2025\\\/#primaryimage\"},\"image\":{\"@id\":\"https:\\\/\\\/www.autocritica.ro\\\/en\\\/live-news\\\/alfa-romeo-planuieste-un-sedan-de-clasa-mare-debutul-ar-putea-avea-loc-in-2025\\\/#primaryimage\"},\"thumbnailUrl\":\"https:\\\/\\\/www.autocritica.ro\\\/wp-content\\\/uploads\\\/2021\\\/03\\\/alfa-romeo-logo.jpg\",\"datePublished\":\"2021-03-01T08:15:15+00:00\",\"breadcrumb\":{\"@id\":\"https:\\\/\\\/www.autocritica.ro\\\/en\\\/live-news\\\/alfa-romeo-planuieste-un-sedan-de-clasa-mare-debutul-ar-putea-avea-loc-in-2025\\\/#breadcrumb\"},\"inLanguage\":\"en-US\",\"potentialAction\":[{\"@type\":\"ReadAction\",\"target\":[\"https:\\\/\\\/www.autocritica.ro\\\/en\\\/live-news\\\/alfa-romeo-planuieste-un-sedan-de-clasa-mare-debutul-ar-putea-avea-loc-in-2025\\\/\"]}]},{\"@type\":\"ImageObject\",\"inLanguage\":\"en-US\",\"@id\":\"https:\\\/\\\/www.autocritica.ro\\\/en\\\/live-news\\\/alfa-romeo-planuieste-un-sedan-de-clasa-mare-debutul-ar-putea-avea-loc-in-2025\\\/#primaryimage\",\"url\":\"https:\\\/\\\/www.autocritica.ro\\\/wp-content\\\/uploads\\\/2021\\\/03\\\/alfa-romeo-logo.jpg\",\"contentUrl\":\"https:\\\/\\\/www.autocritica.ro\\\/wp-content\\\/uploads\\\/2021\\\/03\\\/alfa-romeo-logo.jpg\",\"width\":2400,\"height\":1600},{\"@type\":\"BreadcrumbList\",\"@id\":\"https:\\\/\\\/www.autocritica.ro\\\/en\\\/live-news\\\/alfa-romeo-planuieste-un-sedan-de-clasa-mare-debutul-ar-putea-avea-loc-in-2025\\\/#breadcrumb\",\"itemListElement\":[{\"@type\":\"ListItem\",\"position\":1,\"name\":\"Home\",\"item\":\"https:\\\/\\\/www.autocritica.ro\\\/en\\\/\"},{\"@type\":\"ListItem\",\"position\":2,\"name\":\"Live News\",\"item\":\"https:\\\/\\\/www.autocritica.ro\\\/en\\\/live-news\\\/\"},{\"@type\":\"ListItem\",\"position\":3,\"name\":\"Alfa Romeo pl\u0103nuie\u0219te un sedan de clas\u0103 mare. Debutul ar putea avea loc \u00een 2025\"}]},{\"@type\":\"WebSite\",\"@id\":\"https:\\\/\\\/www.autocritica.ro\\\/en\\\/#website\",\"url\":\"https:\\\/\\\/www.autocritica.ro\\\/en\\\/\",\"name\":\"Autocritica\",\"description\":\"\",\"publisher\":{\"@id\":\"https:\\\/\\\/www.autocritica.ro\\\/en\\\/#organization\"},\"potentialAction\":[{\"@type\":\"SearchAction\",\"target\":{\"@type\":\"EntryPoint\",\"urlTemplate\":\"https:\\\/\\\/www.autocritica.ro\\\/en\\\/?s={search_term_string}\"},\"query-input\":{\"@type\":\"PropertyValueSpecification\",\"valueRequired\":true,\"valueName\":\"search_term_string\"}}],\"inLanguage\":\"en-US\"},{\"@type\":\"Organization\",\"@id\":\"https:\\\/\\\/www.autocritica.ro\\\/en\\\/#organization\",\"name\":\"Autocritica\",\"url\":\"https:\\\/\\\/www.autocritica.ro\\\/en\\\/\",\"logo\":{\"@type\":\"ImageObject\",\"inLanguage\":\"en-US\",\"@id\":\"https:\\\/\\\/www.autocritica.ro\\\/en\\\/#\\\/schema\\\/logo\\\/image\\\/\",\"url\":\"https:\\\/\\\/www.autocritica.ro\\\/wp-content\\\/uploads\\\/2020\\\/12\\\/logo-negru.png\",\"contentUrl\":\"https:\\\/\\\/www.autocritica.ro\\\/wp-content\\\/uploads\\\/2020\\\/12\\\/logo-negru.png\",\"width\":300,\"height\":102,\"caption\":\"Autocritica\"},\"image\":{\"@id\":\"https:\\\/\\\/www.autocritica.ro\\\/en\\\/#\\\/schema\\\/logo\\\/image\\\/\"},\"sameAs\":[\"https:\\\/\\\/www.facebook.com\\\/autocritica.ro\",\"https:\\\/\\\/www.instagram.com\\\/autocritica.ro\\\/\"]}]}<\/script>\n<!-- \/ Yoast SEO Premium plugin. -->","yoast_head_json":{"title":"Alfa Romeo pl\u0103nuie\u0219te un sedan de clas\u0103 mare. Debutul ar putea avea loc \u00een 2025 - Autocritica","robots":{"index":"index","follow":"follow","max-snippet":"max-snippet:-1","max-image-preview":"max-image-preview:large","max-video-preview":"max-video-preview:-1"},"canonical":"https:\/\/www.autocritica.ro\/en\/live-news\/alfa-romeo-planuieste-un-sedan-de-clasa-mare-debutul-ar-putea-avea-loc-in-2025\/","og_locale":"en_US","og_type":"article","og_title":"Alfa Romeo pl\u0103nuie\u0219te un sedan de clas\u0103 mare. Debutul ar putea avea loc \u00een 2025","og_description":"Alfa Romeo va lansa dou\u0103 SUV-uri noi p\u00e2n\u0103 la finalul lui 2022. Alfa Romeo Tonale va debuta \u00een cursul acestui an, iar din 2022 vom face cuno\u0219tin\u021b\u0103 cu un","og_url":"https:\/\/www.autocritica.ro\/en\/live-news\/alfa-romeo-planuieste-un-sedan-de-clasa-mare-debutul-ar-putea-avea-loc-in-2025\/","og_site_name":"Autocritica","article_publisher":"https:\/\/www.facebook.com\/autocritica.ro","og_image":[{"width":2400,"height":1600,"url":"https:\/\/www.autocritica.ro\/wp-content\/uploads\/2021\/03\/alfa-romeo-logo.jpg","type":"image\/jpeg"}],"twitter_card":"summary_large_image","twitter_misc":{"Est. reading time":"1 minute"},"schema":{"@context":"https:\/\/schema.org","@graph":[{"@type":"WebPage","@id":"https:\/\/www.autocritica.ro\/en\/live-news\/alfa-romeo-planuieste-un-sedan-de-clasa-mare-debutul-ar-putea-avea-loc-in-2025\/","url":"https:\/\/www.autocritica.ro\/en\/live-news\/alfa-romeo-planuieste-un-sedan-de-clasa-mare-debutul-ar-putea-avea-loc-in-2025\/","name":"Alfa Romeo pl\u0103nuie\u0219te un sedan de clas\u0103 mare. Debutul ar putea avea loc \u00een 2025 - Autocritica","isPartOf":{"@id":"https:\/\/www.autocritica.ro\/en\/#website"},"primaryImageOfPage":{"@id":"https:\/\/www.autocritica.ro\/en\/live-news\/alfa-romeo-planuieste-un-sedan-de-clasa-mare-debutul-ar-putea-avea-loc-in-2025\/#primaryimage"},"image":{"@id":"https:\/\/www.autocritica.ro\/en\/live-news\/alfa-romeo-planuieste-un-sedan-de-clasa-mare-debutul-ar-putea-avea-loc-in-2025\/#primaryimage"},"thumbnailUrl":"https:\/\/www.autocritica.ro\/wp-content\/uploads\/2021\/03\/alfa-romeo-logo.jpg","datePublished":"2021-03-01T08:15:15+00:00","breadcrumb":{"@id":"https:\/\/www.autocritica.ro\/en\/live-news\/alfa-romeo-planuieste-un-sedan-de-clasa-mare-debutul-ar-putea-avea-loc-in-2025\/#breadcrumb"},"inLanguage":"en-US","potentialAction":[{"@type":"ReadAction","target":["https:\/\/www.autocritica.ro\/en\/live-news\/alfa-romeo-planuieste-un-sedan-de-clasa-mare-debutul-ar-putea-avea-loc-in-2025\/"]}]},{"@type":"ImageObject","inLanguage":"en-US","@id":"https:\/\/www.autocritica.ro\/en\/live-news\/alfa-romeo-planuieste-un-sedan-de-clasa-mare-debutul-ar-putea-avea-loc-in-2025\/#primaryimage","url":"https:\/\/www.autocritica.ro\/wp-content\/uploads\/2021\/03\/alfa-romeo-logo.jpg","contentUrl":"https:\/\/www.autocritica.ro\/wp-content\/uploads\/2021\/03\/alfa-romeo-logo.jpg","width":2400,"height":1600},{"@type":"BreadcrumbList","@id":"https:\/\/www.autocritica.ro\/en\/live-news\/alfa-romeo-planuieste-un-sedan-de-clasa-mare-debutul-ar-putea-avea-loc-in-2025\/#breadcrumb","itemListElement":[{"@type":"ListItem","position":1,"name":"Home","item":"https:\/\/www.autocritica.ro\/en\/"},{"@type":"ListItem","position":2,"name":"Live News","item":"https:\/\/www.autocritica.ro\/en\/live-news\/"},{"@type":"ListItem","position":3,"name":"Alfa Romeo pl\u0103nuie\u0219te un sedan de clas\u0103 mare. Debutul ar putea avea loc \u00een 2025"}]},{"@type":"WebSite","@id":"https:\/\/www.autocritica.ro\/en\/#website","url":"https:\/\/www.autocritica.ro\/en\/","name":"Autocritica","description":"","publisher":{"@id":"https:\/\/www.autocritica.ro\/en\/#organization"},"potentialAction":[{"@type":"SearchAction","target":{"@type":"EntryPoint","urlTemplate":"https:\/\/www.autocritica.ro\/en\/?s={search_term_string}"},"query-input":{"@type":"PropertyValueSpecification","valueRequired":true,"valueName":"search_term_string"}}],"inLanguage":"en-US"},{"@type":"Organization","@id":"https:\/\/www.autocritica.ro\/en\/#organization","name":"Autocritica","url":"https:\/\/www.autocritica.ro\/en\/","logo":{"@type":"ImageObject","inLanguage":"en-US","@id":"https:\/\/www.autocritica.ro\/en\/#\/schema\/logo\/image\/","url":"https:\/\/www.autocritica.ro\/wp-content\/uploads\/2020\/12\/logo-negru.png","contentUrl":"https:\/\/www.autocritica.ro\/wp-content\/uploads\/2020\/12\/logo-negru.png","width":300,"height":102,"caption":"Autocritica"},"image":{"@id":"https:\/\/www.autocritica.ro\/en\/#\/schema\/logo\/image\/"},"sameAs":["https:\/\/www.facebook.com\/autocritica.ro","https:\/\/www.instagram.com\/autocritica.ro\/"]}]}},"_links":{"self":[{"href":"https:\/\/www.autocritica.ro\/en\/wp-json\/wp\/v2\/live-news\/15727","targetHints":{"allow":["GET"]}}],"collection":[{"href":"https:\/\/www.autocritica.ro\/en\/wp-json\/wp\/v2\/live-news"}],"about":[{"href":"https:\/\/www.autocritica.ro\/en\/wp-json\/wp\/v2\/types\/live-news"}],"author":[{"embeddable":true,"href":"https:\/\/www.autocritica.ro\/en\/wp-json\/wp\/v2\/users\/4"}],"replies":[{"embeddable":true,"href":"https:\/\/www.autocritica.ro\/en\/wp-json\/wp\/v2\/comments?post=15727"}],"version-history":[{"count":1,"href":"https:\/\/www.autocritica.ro\/en\/wp-json\/wp\/v2\/live-news\/15727\/revisions"}],"predecessor-version":[{"id":15730,"href":"https:\/\/www.autocritica.ro\/en\/wp-json\/wp\/v2\/live-news\/15727\/revisions\/15730"}],"wp:featuredmedia":[{"embeddable":true,"href":"https:\/\/www.autocritica.ro\/en\/wp-json\/wp\/v2\/media\/15729"}],"wp:attachment":[{"href":"https:\/\/www.autocritica.ro\/en\/wp-json\/wp\/v2\/media?parent=15727"}],"wp:term":[{"taxonomy":"post_tag","embeddable":true,"href":"https:\/\/www.autocritica.ro\/en\/wp-json\/wp\/v2\/tags?post=15727"}],"curies":[{"name":"wp","href":"https:\/\/api.w.org\/{rel}","templated":true}]}}