{"id":15724,"date":"2021-03-01T08:09:40","date_gmt":"2021-03-01T08:09:40","guid":{"rendered":"https:\/\/www.autocritica.ro\/?post_type=live-news&#038;p=15724"},"modified":"2021-03-01T08:09:40","modified_gmt":"2021-03-01T08:09:40","slug":"jaguar-land-rover-este-in-cautarea-unui-partener-pentru-dezvoltarea-viitoarelor-platforme-dedicate-modelelor-electrice","status":"publish","type":"live-news","link":"https:\/\/www.autocritica.ro\/en\/live-news\/jaguar-land-rover-este-in-cautarea-unui-partener-pentru-dezvoltarea-viitoarelor-platforme-dedicate-modelelor-electrice\/","title":{"rendered":"Jaguar Land Rover este \u00een c\u0103utarea unui partener pentru dezvoltarea viitoarelor platforme dedicate modelelor electrice"},"content":{"rendered":"<p>Jaguar se va transforma \u00een brand 100% electric \u00eencep\u00e2nd cu anul 2025. \u0218i Land Rover va urma acest concept, iar primul model electric lansat sub acest brand va debuta \u00een 2024. Conform planului britanicilor, grupul va dezvolta platforme noi pentru modelele electrice, iar recent, CEO-ul Thierry Bollore a declarat c\u0103 Jaguar Land Rover este \u00een c\u0103utarea unui partener pentru dezvoltarea acestor arhitecturi.<\/p>\n","protected":false},"author":4,"featured_media":15725,"comment_status":"open","ping_status":"closed","template":"","meta":{"_acf_changed":false,"footnotes":""},"tags":[985,986,987],"class_list":["post-15724","live-news","type-live-news","status-publish","has-post-thumbnail","hentry","tag-jaguar","tag-land-rover","tag-thierry-bollore"],"acf":[],"yoast_head":"<!-- This site is optimized with the Yoast SEO Premium plugin v27.6 (Yoast SEO v27.6) - https:\/\/yoast.com\/product\/yoast-seo-premium-wordpress\/ -->\n<title>Jaguar Land Rover este \u00een c\u0103utarea unui partener pentru dezvoltarea viitoarelor platforme dedicate modelelor electrice - Autocritica<\/title>\n<meta name=\"robots\" content=\"index, follow, max-snippet:-1, max-image-preview:large, max-video-preview:-1\" \/>\n<link rel=\"canonical\" href=\"https:\/\/www.autocritica.ro\/en\/live-news\/jaguar-land-rover-este-in-cautarea-unui-partener-pentru-dezvoltarea-viitoarelor-platforme-dedicate-modelelor-electrice\/\" \/>\n<meta property=\"og:locale\" content=\"en_US\" \/>\n<meta property=\"og:type\" content=\"article\" \/>\n<meta property=\"og:title\" content=\"Jaguar Land Rover este \u00een c\u0103utarea unui partener pentru dezvoltarea viitoarelor platforme dedicate modelelor electrice\" \/>\n<meta property=\"og:description\" content=\"Jaguar se va transforma \u00een brand 100% electric \u00eencep\u00e2nd cu anul 2025. \u0218i Land Rover va urma acest concept, iar primul model electric lansat sub acest\" \/>\n<meta property=\"og:url\" content=\"https:\/\/www.autocritica.ro\/en\/live-news\/jaguar-land-rover-este-in-cautarea-unui-partener-pentru-dezvoltarea-viitoarelor-platforme-dedicate-modelelor-electrice\/\" \/>\n<meta property=\"og:site_name\" content=\"Autocritica\" \/>\n<meta property=\"article:publisher\" content=\"https:\/\/www.facebook.com\/autocritica.ro\" \/>\n<meta property=\"og:image\" content=\"https:\/\/www.autocritica.ro\/wp-content\/uploads\/2021\/03\/Jaguar-Electric-2.jpg\" \/>\n\t<meta property=\"og:image:width\" content=\"1920\" \/>\n\t<meta property=\"og:image:height\" content=\"1040\" \/>\n\t<meta property=\"og:image:type\" content=\"image\/jpeg\" \/>\n<meta name=\"twitter:card\" content=\"summary_large_image\" \/>\n<meta name=\"twitter:label1\" content=\"Est. reading time\" \/>\n\t<meta name=\"twitter:data1\" content=\"1 minute\" \/>\n<script type=\"application\/ld+json\" class=\"yoast-schema-graph\">{\"@context\":\"https:\\\/\\\/schema.org\",\"@graph\":[{\"@type\":\"WebPage\",\"@id\":\"https:\\\/\\\/www.autocritica.ro\\\/en\\\/live-news\\\/jaguar-land-rover-este-in-cautarea-unui-partener-pentru-dezvoltarea-viitoarelor-platforme-dedicate-modelelor-electrice\\\/\",\"url\":\"https:\\\/\\\/www.autocritica.ro\\\/en\\\/live-news\\\/jaguar-land-rover-este-in-cautarea-unui-partener-pentru-dezvoltarea-viitoarelor-platforme-dedicate-modelelor-electrice\\\/\",\"name\":\"Jaguar Land Rover este \u00een c\u0103utarea unui partener pentru dezvoltarea viitoarelor platforme dedicate modelelor electrice - Autocritica\",\"isPartOf\":{\"@id\":\"https:\\\/\\\/www.autocritica.ro\\\/en\\\/#website\"},\"primaryImageOfPage\":{\"@id\":\"https:\\\/\\\/www.autocritica.ro\\\/en\\\/live-news\\\/jaguar-land-rover-este-in-cautarea-unui-partener-pentru-dezvoltarea-viitoarelor-platforme-dedicate-modelelor-electrice\\\/#primaryimage\"},\"image\":{\"@id\":\"https:\\\/\\\/www.autocritica.ro\\\/en\\\/live-news\\\/jaguar-land-rover-este-in-cautarea-unui-partener-pentru-dezvoltarea-viitoarelor-platforme-dedicate-modelelor-electrice\\\/#primaryimage\"},\"thumbnailUrl\":\"https:\\\/\\\/www.autocritica.ro\\\/wp-content\\\/uploads\\\/2021\\\/03\\\/Jaguar-Electric-2.jpg\",\"datePublished\":\"2021-03-01T08:09:40+00:00\",\"breadcrumb\":{\"@id\":\"https:\\\/\\\/www.autocritica.ro\\\/en\\\/live-news\\\/jaguar-land-rover-este-in-cautarea-unui-partener-pentru-dezvoltarea-viitoarelor-platforme-dedicate-modelelor-electrice\\\/#breadcrumb\"},\"inLanguage\":\"en-US\",\"potentialAction\":[{\"@type\":\"ReadAction\",\"target\":[\"https:\\\/\\\/www.autocritica.ro\\\/en\\\/live-news\\\/jaguar-land-rover-este-in-cautarea-unui-partener-pentru-dezvoltarea-viitoarelor-platforme-dedicate-modelelor-electrice\\\/\"]}]},{\"@type\":\"ImageObject\",\"inLanguage\":\"en-US\",\"@id\":\"https:\\\/\\\/www.autocritica.ro\\\/en\\\/live-news\\\/jaguar-land-rover-este-in-cautarea-unui-partener-pentru-dezvoltarea-viitoarelor-platforme-dedicate-modelelor-electrice\\\/#primaryimage\",\"url\":\"https:\\\/\\\/www.autocritica.ro\\\/wp-content\\\/uploads\\\/2021\\\/03\\\/Jaguar-Electric-2.jpg\",\"contentUrl\":\"https:\\\/\\\/www.autocritica.ro\\\/wp-content\\\/uploads\\\/2021\\\/03\\\/Jaguar-Electric-2.jpg\",\"width\":1920,\"height\":1040},{\"@type\":\"BreadcrumbList\",\"@id\":\"https:\\\/\\\/www.autocritica.ro\\\/en\\\/live-news\\\/jaguar-land-rover-este-in-cautarea-unui-partener-pentru-dezvoltarea-viitoarelor-platforme-dedicate-modelelor-electrice\\\/#breadcrumb\",\"itemListElement\":[{\"@type\":\"ListItem\",\"position\":1,\"name\":\"Home\",\"item\":\"https:\\\/\\\/www.autocritica.ro\\\/en\\\/\"},{\"@type\":\"ListItem\",\"position\":2,\"name\":\"Live News\",\"item\":\"https:\\\/\\\/www.autocritica.ro\\\/en\\\/live-news\\\/\"},{\"@type\":\"ListItem\",\"position\":3,\"name\":\"Jaguar Land Rover este \u00een c\u0103utarea unui partener pentru dezvoltarea viitoarelor platforme dedicate modelelor electrice\"}]},{\"@type\":\"WebSite\",\"@id\":\"https:\\\/\\\/www.autocritica.ro\\\/en\\\/#website\",\"url\":\"https:\\\/\\\/www.autocritica.ro\\\/en\\\/\",\"name\":\"Autocritica\",\"description\":\"\",\"publisher\":{\"@id\":\"https:\\\/\\\/www.autocritica.ro\\\/en\\\/#organization\"},\"potentialAction\":[{\"@type\":\"SearchAction\",\"target\":{\"@type\":\"EntryPoint\",\"urlTemplate\":\"https:\\\/\\\/www.autocritica.ro\\\/en\\\/?s={search_term_string}\"},\"query-input\":{\"@type\":\"PropertyValueSpecification\",\"valueRequired\":true,\"valueName\":\"search_term_string\"}}],\"inLanguage\":\"en-US\"},{\"@type\":\"Organization\",\"@id\":\"https:\\\/\\\/www.autocritica.ro\\\/en\\\/#organization\",\"name\":\"Autocritica\",\"url\":\"https:\\\/\\\/www.autocritica.ro\\\/en\\\/\",\"logo\":{\"@type\":\"ImageObject\",\"inLanguage\":\"en-US\",\"@id\":\"https:\\\/\\\/www.autocritica.ro\\\/en\\\/#\\\/schema\\\/logo\\\/image\\\/\",\"url\":\"https:\\\/\\\/www.autocritica.ro\\\/wp-content\\\/uploads\\\/2020\\\/12\\\/logo-negru.png\",\"contentUrl\":\"https:\\\/\\\/www.autocritica.ro\\\/wp-content\\\/uploads\\\/2020\\\/12\\\/logo-negru.png\",\"width\":300,\"height\":102,\"caption\":\"Autocritica\"},\"image\":{\"@id\":\"https:\\\/\\\/www.autocritica.ro\\\/en\\\/#\\\/schema\\\/logo\\\/image\\\/\"},\"sameAs\":[\"https:\\\/\\\/www.facebook.com\\\/autocritica.ro\",\"https:\\\/\\\/www.instagram.com\\\/autocritica.ro\\\/\"]}]}<\/script>\n<!-- \/ Yoast SEO Premium plugin. -->","yoast_head_json":{"title":"Jaguar Land Rover este \u00een c\u0103utarea unui partener pentru dezvoltarea viitoarelor platforme dedicate modelelor electrice - Autocritica","robots":{"index":"index","follow":"follow","max-snippet":"max-snippet:-1","max-image-preview":"max-image-preview:large","max-video-preview":"max-video-preview:-1"},"canonical":"https:\/\/www.autocritica.ro\/en\/live-news\/jaguar-land-rover-este-in-cautarea-unui-partener-pentru-dezvoltarea-viitoarelor-platforme-dedicate-modelelor-electrice\/","og_locale":"en_US","og_type":"article","og_title":"Jaguar Land Rover este \u00een c\u0103utarea unui partener pentru dezvoltarea viitoarelor platforme dedicate modelelor electrice","og_description":"Jaguar se va transforma \u00een brand 100% electric \u00eencep\u00e2nd cu anul 2025. \u0218i Land Rover va urma acest concept, iar primul model electric lansat sub acest","og_url":"https:\/\/www.autocritica.ro\/en\/live-news\/jaguar-land-rover-este-in-cautarea-unui-partener-pentru-dezvoltarea-viitoarelor-platforme-dedicate-modelelor-electrice\/","og_site_name":"Autocritica","article_publisher":"https:\/\/www.facebook.com\/autocritica.ro","og_image":[{"width":1920,"height":1040,"url":"https:\/\/www.autocritica.ro\/wp-content\/uploads\/2021\/03\/Jaguar-Electric-2.jpg","type":"image\/jpeg"}],"twitter_card":"summary_large_image","twitter_misc":{"Est. reading time":"1 minute"},"schema":{"@context":"https:\/\/schema.org","@graph":[{"@type":"WebPage","@id":"https:\/\/www.autocritica.ro\/en\/live-news\/jaguar-land-rover-este-in-cautarea-unui-partener-pentru-dezvoltarea-viitoarelor-platforme-dedicate-modelelor-electrice\/","url":"https:\/\/www.autocritica.ro\/en\/live-news\/jaguar-land-rover-este-in-cautarea-unui-partener-pentru-dezvoltarea-viitoarelor-platforme-dedicate-modelelor-electrice\/","name":"Jaguar Land Rover este \u00een c\u0103utarea unui partener pentru dezvoltarea viitoarelor platforme dedicate modelelor electrice - Autocritica","isPartOf":{"@id":"https:\/\/www.autocritica.ro\/en\/#website"},"primaryImageOfPage":{"@id":"https:\/\/www.autocritica.ro\/en\/live-news\/jaguar-land-rover-este-in-cautarea-unui-partener-pentru-dezvoltarea-viitoarelor-platforme-dedicate-modelelor-electrice\/#primaryimage"},"image":{"@id":"https:\/\/www.autocritica.ro\/en\/live-news\/jaguar-land-rover-este-in-cautarea-unui-partener-pentru-dezvoltarea-viitoarelor-platforme-dedicate-modelelor-electrice\/#primaryimage"},"thumbnailUrl":"https:\/\/www.autocritica.ro\/wp-content\/uploads\/2021\/03\/Jaguar-Electric-2.jpg","datePublished":"2021-03-01T08:09:40+00:00","breadcrumb":{"@id":"https:\/\/www.autocritica.ro\/en\/live-news\/jaguar-land-rover-este-in-cautarea-unui-partener-pentru-dezvoltarea-viitoarelor-platforme-dedicate-modelelor-electrice\/#breadcrumb"},"inLanguage":"en-US","potentialAction":[{"@type":"ReadAction","target":["https:\/\/www.autocritica.ro\/en\/live-news\/jaguar-land-rover-este-in-cautarea-unui-partener-pentru-dezvoltarea-viitoarelor-platforme-dedicate-modelelor-electrice\/"]}]},{"@type":"ImageObject","inLanguage":"en-US","@id":"https:\/\/www.autocritica.ro\/en\/live-news\/jaguar-land-rover-este-in-cautarea-unui-partener-pentru-dezvoltarea-viitoarelor-platforme-dedicate-modelelor-electrice\/#primaryimage","url":"https:\/\/www.autocritica.ro\/wp-content\/uploads\/2021\/03\/Jaguar-Electric-2.jpg","contentUrl":"https:\/\/www.autocritica.ro\/wp-content\/uploads\/2021\/03\/Jaguar-Electric-2.jpg","width":1920,"height":1040},{"@type":"BreadcrumbList","@id":"https:\/\/www.autocritica.ro\/en\/live-news\/jaguar-land-rover-este-in-cautarea-unui-partener-pentru-dezvoltarea-viitoarelor-platforme-dedicate-modelelor-electrice\/#breadcrumb","itemListElement":[{"@type":"ListItem","position":1,"name":"Home","item":"https:\/\/www.autocritica.ro\/en\/"},{"@type":"ListItem","position":2,"name":"Live News","item":"https:\/\/www.autocritica.ro\/en\/live-news\/"},{"@type":"ListItem","position":3,"name":"Jaguar Land Rover este \u00een c\u0103utarea unui partener pentru dezvoltarea viitoarelor platforme dedicate modelelor electrice"}]},{"@type":"WebSite","@id":"https:\/\/www.autocritica.ro\/en\/#website","url":"https:\/\/www.autocritica.ro\/en\/","name":"Autocritica","description":"","publisher":{"@id":"https:\/\/www.autocritica.ro\/en\/#organization"},"potentialAction":[{"@type":"SearchAction","target":{"@type":"EntryPoint","urlTemplate":"https:\/\/www.autocritica.ro\/en\/?s={search_term_string}"},"query-input":{"@type":"PropertyValueSpecification","valueRequired":true,"valueName":"search_term_string"}}],"inLanguage":"en-US"},{"@type":"Organization","@id":"https:\/\/www.autocritica.ro\/en\/#organization","name":"Autocritica","url":"https:\/\/www.autocritica.ro\/en\/","logo":{"@type":"ImageObject","inLanguage":"en-US","@id":"https:\/\/www.autocritica.ro\/en\/#\/schema\/logo\/image\/","url":"https:\/\/www.autocritica.ro\/wp-content\/uploads\/2020\/12\/logo-negru.png","contentUrl":"https:\/\/www.autocritica.ro\/wp-content\/uploads\/2020\/12\/logo-negru.png","width":300,"height":102,"caption":"Autocritica"},"image":{"@id":"https:\/\/www.autocritica.ro\/en\/#\/schema\/logo\/image\/"},"sameAs":["https:\/\/www.facebook.com\/autocritica.ro","https:\/\/www.instagram.com\/autocritica.ro\/"]}]}},"_links":{"self":[{"href":"https:\/\/www.autocritica.ro\/en\/wp-json\/wp\/v2\/live-news\/15724","targetHints":{"allow":["GET"]}}],"collection":[{"href":"https:\/\/www.autocritica.ro\/en\/wp-json\/wp\/v2\/live-news"}],"about":[{"href":"https:\/\/www.autocritica.ro\/en\/wp-json\/wp\/v2\/types\/live-news"}],"author":[{"embeddable":true,"href":"https:\/\/www.autocritica.ro\/en\/wp-json\/wp\/v2\/users\/4"}],"replies":[{"embeddable":true,"href":"https:\/\/www.autocritica.ro\/en\/wp-json\/wp\/v2\/comments?post=15724"}],"version-history":[{"count":1,"href":"https:\/\/www.autocritica.ro\/en\/wp-json\/wp\/v2\/live-news\/15724\/revisions"}],"predecessor-version":[{"id":15726,"href":"https:\/\/www.autocritica.ro\/en\/wp-json\/wp\/v2\/live-news\/15724\/revisions\/15726"}],"wp:featuredmedia":[{"embeddable":true,"href":"https:\/\/www.autocritica.ro\/en\/wp-json\/wp\/v2\/media\/15725"}],"wp:attachment":[{"href":"https:\/\/www.autocritica.ro\/en\/wp-json\/wp\/v2\/media?parent=15724"}],"wp:term":[{"taxonomy":"post_tag","embeddable":true,"href":"https:\/\/www.autocritica.ro\/en\/wp-json\/wp\/v2\/tags?post=15724"}],"curies":[{"name":"wp","href":"https:\/\/api.w.org\/{rel}","templated":true}]}}