{"id":15721,"date":"2021-03-01T08:03:00","date_gmt":"2021-03-01T08:03:00","guid":{"rendered":"https:\/\/www.autocritica.ro\/?post_type=live-news&#038;p=15721"},"modified":"2021-03-01T08:03:00","modified_gmt":"2021-03-01T08:03:00","slug":"grupul-huawei-intentioneaza-sa-produca-vehicule-electrice-sub-propriul-brand","status":"publish","type":"live-news","link":"https:\/\/www.autocritica.ro\/en\/live-news\/grupul-huawei-intentioneaza-sa-produca-vehicule-electrice-sub-propriul-brand\/","title":{"rendered":"Grupul Huawei inten\u021bioneaz\u0103 s\u0103 produc\u0103 vehicule electrice sub propriul brand"},"content":{"rendered":"<p>Produc\u0103torii de electronice au fost tot mai implica\u021bi \u00een sectorul auto \u00een ultimii ani. Apple \u0219i Sony \u0219i-au ar\u0103tat inten\u021biile \u00een acest segment \u00een ultima perioad\u0103. Cel mai recent anun\u021b vine din partea grupului Huawei. Conform unor surse apropiate companiei, chinezii inten\u021bioneaz\u0103 s\u0103 produc\u0103 vehicule electrice sub propriul brand.<\/p>\n","protected":false},"author":4,"featured_media":15722,"comment_status":"open","ping_status":"closed","template":"","meta":{"_acf_changed":false,"footnotes":""},"tags":[982,984,983],"class_list":["post-15721","live-news","type-live-news","status-publish","has-post-thumbnail","hentry","tag-apple","tag-huawei","tag-sony"],"acf":[],"yoast_head":"<!-- This site is optimized with the Yoast SEO Premium plugin v27.6 (Yoast SEO v27.6) - https:\/\/yoast.com\/product\/yoast-seo-premium-wordpress\/ -->\n<title>Grupul Huawei inten\u021bioneaz\u0103 s\u0103 produc\u0103 vehicule electrice sub propriul brand - Autocritica<\/title>\n<meta name=\"robots\" content=\"index, follow, max-snippet:-1, max-image-preview:large, max-video-preview:-1\" \/>\n<link rel=\"canonical\" href=\"https:\/\/www.autocritica.ro\/en\/live-news\/grupul-huawei-intentioneaza-sa-produca-vehicule-electrice-sub-propriul-brand\/\" \/>\n<meta property=\"og:locale\" content=\"en_US\" \/>\n<meta property=\"og:type\" content=\"article\" \/>\n<meta property=\"og:title\" content=\"Grupul Huawei inten\u021bioneaz\u0103 s\u0103 produc\u0103 vehicule electrice sub propriul brand\" \/>\n<meta property=\"og:description\" content=\"Produc\u0103torii de electronice au fost tot mai implica\u021bi \u00een sectorul auto \u00een ultimii ani. Apple \u0219i Sony \u0219i-au ar\u0103tat inten\u021biile \u00een acest segment \u00een ultima\" \/>\n<meta property=\"og:url\" content=\"https:\/\/www.autocritica.ro\/en\/live-news\/grupul-huawei-intentioneaza-sa-produca-vehicule-electrice-sub-propriul-brand\/\" \/>\n<meta property=\"og:site_name\" content=\"Autocritica\" \/>\n<meta property=\"article:publisher\" content=\"https:\/\/www.facebook.com\/autocritica.ro\" \/>\n<meta property=\"og:image\" content=\"https:\/\/www.autocritica.ro\/wp-content\/uploads\/2021\/03\/Screenshot-2021-03-01-at-10.02.41.png\" \/>\n\t<meta property=\"og:image:width\" content=\"872\" \/>\n\t<meta property=\"og:image:height\" content=\"445\" \/>\n\t<meta property=\"og:image:type\" content=\"image\/png\" \/>\n<meta name=\"twitter:card\" content=\"summary_large_image\" \/>\n<meta name=\"twitter:label1\" content=\"Est. reading time\" \/>\n\t<meta name=\"twitter:data1\" content=\"1 minute\" \/>\n<script type=\"application\/ld+json\" class=\"yoast-schema-graph\">{\"@context\":\"https:\\\/\\\/schema.org\",\"@graph\":[{\"@type\":\"WebPage\",\"@id\":\"https:\\\/\\\/www.autocritica.ro\\\/en\\\/live-news\\\/grupul-huawei-intentioneaza-sa-produca-vehicule-electrice-sub-propriul-brand\\\/\",\"url\":\"https:\\\/\\\/www.autocritica.ro\\\/en\\\/live-news\\\/grupul-huawei-intentioneaza-sa-produca-vehicule-electrice-sub-propriul-brand\\\/\",\"name\":\"Grupul Huawei inten\u021bioneaz\u0103 s\u0103 produc\u0103 vehicule electrice sub propriul brand - Autocritica\",\"isPartOf\":{\"@id\":\"https:\\\/\\\/www.autocritica.ro\\\/en\\\/#website\"},\"primaryImageOfPage\":{\"@id\":\"https:\\\/\\\/www.autocritica.ro\\\/en\\\/live-news\\\/grupul-huawei-intentioneaza-sa-produca-vehicule-electrice-sub-propriul-brand\\\/#primaryimage\"},\"image\":{\"@id\":\"https:\\\/\\\/www.autocritica.ro\\\/en\\\/live-news\\\/grupul-huawei-intentioneaza-sa-produca-vehicule-electrice-sub-propriul-brand\\\/#primaryimage\"},\"thumbnailUrl\":\"https:\\\/\\\/www.autocritica.ro\\\/wp-content\\\/uploads\\\/2021\\\/03\\\/Screenshot-2021-03-01-at-10.02.41.png\",\"datePublished\":\"2021-03-01T08:03:00+00:00\",\"breadcrumb\":{\"@id\":\"https:\\\/\\\/www.autocritica.ro\\\/en\\\/live-news\\\/grupul-huawei-intentioneaza-sa-produca-vehicule-electrice-sub-propriul-brand\\\/#breadcrumb\"},\"inLanguage\":\"en-US\",\"potentialAction\":[{\"@type\":\"ReadAction\",\"target\":[\"https:\\\/\\\/www.autocritica.ro\\\/en\\\/live-news\\\/grupul-huawei-intentioneaza-sa-produca-vehicule-electrice-sub-propriul-brand\\\/\"]}]},{\"@type\":\"ImageObject\",\"inLanguage\":\"en-US\",\"@id\":\"https:\\\/\\\/www.autocritica.ro\\\/en\\\/live-news\\\/grupul-huawei-intentioneaza-sa-produca-vehicule-electrice-sub-propriul-brand\\\/#primaryimage\",\"url\":\"https:\\\/\\\/www.autocritica.ro\\\/wp-content\\\/uploads\\\/2021\\\/03\\\/Screenshot-2021-03-01-at-10.02.41.png\",\"contentUrl\":\"https:\\\/\\\/www.autocritica.ro\\\/wp-content\\\/uploads\\\/2021\\\/03\\\/Screenshot-2021-03-01-at-10.02.41.png\",\"width\":872,\"height\":445},{\"@type\":\"BreadcrumbList\",\"@id\":\"https:\\\/\\\/www.autocritica.ro\\\/en\\\/live-news\\\/grupul-huawei-intentioneaza-sa-produca-vehicule-electrice-sub-propriul-brand\\\/#breadcrumb\",\"itemListElement\":[{\"@type\":\"ListItem\",\"position\":1,\"name\":\"Home\",\"item\":\"https:\\\/\\\/www.autocritica.ro\\\/en\\\/\"},{\"@type\":\"ListItem\",\"position\":2,\"name\":\"Live News\",\"item\":\"https:\\\/\\\/www.autocritica.ro\\\/en\\\/live-news\\\/\"},{\"@type\":\"ListItem\",\"position\":3,\"name\":\"Grupul Huawei inten\u021bioneaz\u0103 s\u0103 produc\u0103 vehicule electrice sub propriul brand\"}]},{\"@type\":\"WebSite\",\"@id\":\"https:\\\/\\\/www.autocritica.ro\\\/en\\\/#website\",\"url\":\"https:\\\/\\\/www.autocritica.ro\\\/en\\\/\",\"name\":\"Autocritica\",\"description\":\"\",\"publisher\":{\"@id\":\"https:\\\/\\\/www.autocritica.ro\\\/en\\\/#organization\"},\"potentialAction\":[{\"@type\":\"SearchAction\",\"target\":{\"@type\":\"EntryPoint\",\"urlTemplate\":\"https:\\\/\\\/www.autocritica.ro\\\/en\\\/?s={search_term_string}\"},\"query-input\":{\"@type\":\"PropertyValueSpecification\",\"valueRequired\":true,\"valueName\":\"search_term_string\"}}],\"inLanguage\":\"en-US\"},{\"@type\":\"Organization\",\"@id\":\"https:\\\/\\\/www.autocritica.ro\\\/en\\\/#organization\",\"name\":\"Autocritica\",\"url\":\"https:\\\/\\\/www.autocritica.ro\\\/en\\\/\",\"logo\":{\"@type\":\"ImageObject\",\"inLanguage\":\"en-US\",\"@id\":\"https:\\\/\\\/www.autocritica.ro\\\/en\\\/#\\\/schema\\\/logo\\\/image\\\/\",\"url\":\"https:\\\/\\\/www.autocritica.ro\\\/wp-content\\\/uploads\\\/2020\\\/12\\\/logo-negru.png\",\"contentUrl\":\"https:\\\/\\\/www.autocritica.ro\\\/wp-content\\\/uploads\\\/2020\\\/12\\\/logo-negru.png\",\"width\":300,\"height\":102,\"caption\":\"Autocritica\"},\"image\":{\"@id\":\"https:\\\/\\\/www.autocritica.ro\\\/en\\\/#\\\/schema\\\/logo\\\/image\\\/\"},\"sameAs\":[\"https:\\\/\\\/www.facebook.com\\\/autocritica.ro\",\"https:\\\/\\\/www.instagram.com\\\/autocritica.ro\\\/\"]}]}<\/script>\n<!-- \/ Yoast SEO Premium plugin. -->","yoast_head_json":{"title":"Grupul Huawei inten\u021bioneaz\u0103 s\u0103 produc\u0103 vehicule electrice sub propriul brand - Autocritica","robots":{"index":"index","follow":"follow","max-snippet":"max-snippet:-1","max-image-preview":"max-image-preview:large","max-video-preview":"max-video-preview:-1"},"canonical":"https:\/\/www.autocritica.ro\/en\/live-news\/grupul-huawei-intentioneaza-sa-produca-vehicule-electrice-sub-propriul-brand\/","og_locale":"en_US","og_type":"article","og_title":"Grupul Huawei inten\u021bioneaz\u0103 s\u0103 produc\u0103 vehicule electrice sub propriul brand","og_description":"Produc\u0103torii de electronice au fost tot mai implica\u021bi \u00een sectorul auto \u00een ultimii ani. Apple \u0219i Sony \u0219i-au ar\u0103tat inten\u021biile \u00een acest segment \u00een ultima","og_url":"https:\/\/www.autocritica.ro\/en\/live-news\/grupul-huawei-intentioneaza-sa-produca-vehicule-electrice-sub-propriul-brand\/","og_site_name":"Autocritica","article_publisher":"https:\/\/www.facebook.com\/autocritica.ro","og_image":[{"width":872,"height":445,"url":"https:\/\/www.autocritica.ro\/wp-content\/uploads\/2021\/03\/Screenshot-2021-03-01-at-10.02.41.png","type":"image\/png"}],"twitter_card":"summary_large_image","twitter_misc":{"Est. reading time":"1 minute"},"schema":{"@context":"https:\/\/schema.org","@graph":[{"@type":"WebPage","@id":"https:\/\/www.autocritica.ro\/en\/live-news\/grupul-huawei-intentioneaza-sa-produca-vehicule-electrice-sub-propriul-brand\/","url":"https:\/\/www.autocritica.ro\/en\/live-news\/grupul-huawei-intentioneaza-sa-produca-vehicule-electrice-sub-propriul-brand\/","name":"Grupul Huawei inten\u021bioneaz\u0103 s\u0103 produc\u0103 vehicule electrice sub propriul brand - Autocritica","isPartOf":{"@id":"https:\/\/www.autocritica.ro\/en\/#website"},"primaryImageOfPage":{"@id":"https:\/\/www.autocritica.ro\/en\/live-news\/grupul-huawei-intentioneaza-sa-produca-vehicule-electrice-sub-propriul-brand\/#primaryimage"},"image":{"@id":"https:\/\/www.autocritica.ro\/en\/live-news\/grupul-huawei-intentioneaza-sa-produca-vehicule-electrice-sub-propriul-brand\/#primaryimage"},"thumbnailUrl":"https:\/\/www.autocritica.ro\/wp-content\/uploads\/2021\/03\/Screenshot-2021-03-01-at-10.02.41.png","datePublished":"2021-03-01T08:03:00+00:00","breadcrumb":{"@id":"https:\/\/www.autocritica.ro\/en\/live-news\/grupul-huawei-intentioneaza-sa-produca-vehicule-electrice-sub-propriul-brand\/#breadcrumb"},"inLanguage":"en-US","potentialAction":[{"@type":"ReadAction","target":["https:\/\/www.autocritica.ro\/en\/live-news\/grupul-huawei-intentioneaza-sa-produca-vehicule-electrice-sub-propriul-brand\/"]}]},{"@type":"ImageObject","inLanguage":"en-US","@id":"https:\/\/www.autocritica.ro\/en\/live-news\/grupul-huawei-intentioneaza-sa-produca-vehicule-electrice-sub-propriul-brand\/#primaryimage","url":"https:\/\/www.autocritica.ro\/wp-content\/uploads\/2021\/03\/Screenshot-2021-03-01-at-10.02.41.png","contentUrl":"https:\/\/www.autocritica.ro\/wp-content\/uploads\/2021\/03\/Screenshot-2021-03-01-at-10.02.41.png","width":872,"height":445},{"@type":"BreadcrumbList","@id":"https:\/\/www.autocritica.ro\/en\/live-news\/grupul-huawei-intentioneaza-sa-produca-vehicule-electrice-sub-propriul-brand\/#breadcrumb","itemListElement":[{"@type":"ListItem","position":1,"name":"Home","item":"https:\/\/www.autocritica.ro\/en\/"},{"@type":"ListItem","position":2,"name":"Live News","item":"https:\/\/www.autocritica.ro\/en\/live-news\/"},{"@type":"ListItem","position":3,"name":"Grupul Huawei inten\u021bioneaz\u0103 s\u0103 produc\u0103 vehicule electrice sub propriul brand"}]},{"@type":"WebSite","@id":"https:\/\/www.autocritica.ro\/en\/#website","url":"https:\/\/www.autocritica.ro\/en\/","name":"Autocritica","description":"","publisher":{"@id":"https:\/\/www.autocritica.ro\/en\/#organization"},"potentialAction":[{"@type":"SearchAction","target":{"@type":"EntryPoint","urlTemplate":"https:\/\/www.autocritica.ro\/en\/?s={search_term_string}"},"query-input":{"@type":"PropertyValueSpecification","valueRequired":true,"valueName":"search_term_string"}}],"inLanguage":"en-US"},{"@type":"Organization","@id":"https:\/\/www.autocritica.ro\/en\/#organization","name":"Autocritica","url":"https:\/\/www.autocritica.ro\/en\/","logo":{"@type":"ImageObject","inLanguage":"en-US","@id":"https:\/\/www.autocritica.ro\/en\/#\/schema\/logo\/image\/","url":"https:\/\/www.autocritica.ro\/wp-content\/uploads\/2020\/12\/logo-negru.png","contentUrl":"https:\/\/www.autocritica.ro\/wp-content\/uploads\/2020\/12\/logo-negru.png","width":300,"height":102,"caption":"Autocritica"},"image":{"@id":"https:\/\/www.autocritica.ro\/en\/#\/schema\/logo\/image\/"},"sameAs":["https:\/\/www.facebook.com\/autocritica.ro","https:\/\/www.instagram.com\/autocritica.ro\/"]}]}},"_links":{"self":[{"href":"https:\/\/www.autocritica.ro\/en\/wp-json\/wp\/v2\/live-news\/15721","targetHints":{"allow":["GET"]}}],"collection":[{"href":"https:\/\/www.autocritica.ro\/en\/wp-json\/wp\/v2\/live-news"}],"about":[{"href":"https:\/\/www.autocritica.ro\/en\/wp-json\/wp\/v2\/types\/live-news"}],"author":[{"embeddable":true,"href":"https:\/\/www.autocritica.ro\/en\/wp-json\/wp\/v2\/users\/4"}],"replies":[{"embeddable":true,"href":"https:\/\/www.autocritica.ro\/en\/wp-json\/wp\/v2\/comments?post=15721"}],"version-history":[{"count":1,"href":"https:\/\/www.autocritica.ro\/en\/wp-json\/wp\/v2\/live-news\/15721\/revisions"}],"predecessor-version":[{"id":15723,"href":"https:\/\/www.autocritica.ro\/en\/wp-json\/wp\/v2\/live-news\/15721\/revisions\/15723"}],"wp:featuredmedia":[{"embeddable":true,"href":"https:\/\/www.autocritica.ro\/en\/wp-json\/wp\/v2\/media\/15722"}],"wp:attachment":[{"href":"https:\/\/www.autocritica.ro\/en\/wp-json\/wp\/v2\/media?parent=15721"}],"wp:term":[{"taxonomy":"post_tag","embeddable":true,"href":"https:\/\/www.autocritica.ro\/en\/wp-json\/wp\/v2\/tags?post=15721"}],"curies":[{"name":"wp","href":"https:\/\/api.w.org\/{rel}","templated":true}]}}