{"id":15715,"date":"2021-03-01T07:56:04","date_gmt":"2021-03-01T07:56:04","guid":{"rendered":"https:\/\/www.autocritica.ro\/?post_type=live-news&#038;p=15715"},"modified":"2021-03-02T09:18:26","modified_gmt":"2021-03-02T09:18:26","slug":"productia-uzinelor-dacia-si-ford-din-romania-va-fi-oprita-temporar-in-luna-martie","status":"publish","type":"live-news","link":"https:\/\/www.autocritica.ro\/en\/live-news\/productia-uzinelor-dacia-si-ford-din-romania-va-fi-oprita-temporar-in-luna-martie\/","title":{"rendered":"Produc\u021bia uzinelor Dacia \u0219i Ford din Rom\u00e2nia va fi oprit\u0103 temporar \u00een luna martie din cauza lipsei microcipurilor"},"content":{"rendered":"<p>Criza microcipurilor afecteaz\u0103 \u00eentreaga industrie auto. \u00cen luna februarie, mul\u021bi constructori au fost nevoi\u021bi s\u0103 opreasc\u0103 temporar produc\u021bia \u00een anumite uzine din cauza lipsei acestor componente. Criz\u0103 afecteaz\u0103 \u0219i uzinele auto din Rom\u00e2nia, iar \u00een luna martie, at\u00e2t fabrica Dacia de la Mioveni, c\u00e2t \u0219i fabrica Ford de la Craiova pl\u0103nuiesc opriri temporare.<\/p>\n","protected":false},"author":4,"featured_media":15716,"comment_status":"open","ping_status":"closed","template":"","meta":{"_acf_changed":false,"footnotes":""},"tags":[38,980,981,979],"class_list":["post-15715","live-news","type-live-news","status-publish","has-post-thumbnail","hentry","tag-dacia","tag-ford","tag-ford-craiova","tag-mioveni"],"acf":[],"yoast_head":"<!-- This site is optimized with the Yoast SEO Premium plugin v27.6 (Yoast SEO v27.6) - https:\/\/yoast.com\/product\/yoast-seo-premium-wordpress\/ -->\n<title>Produc\u021bia uzinelor Dacia \u0219i Ford din Rom\u00e2nia va fi oprit\u0103 temporar \u00een luna martie din cauza lipsei microcipurilor - Autocritica<\/title>\n<meta name=\"robots\" content=\"index, follow, max-snippet:-1, max-image-preview:large, max-video-preview:-1\" \/>\n<link rel=\"canonical\" href=\"https:\/\/www.autocritica.ro\/en\/live-news\/productia-uzinelor-dacia-si-ford-din-romania-va-fi-oprita-temporar-in-luna-martie\/\" \/>\n<meta property=\"og:locale\" content=\"en_US\" \/>\n<meta property=\"og:type\" content=\"article\" \/>\n<meta property=\"og:title\" content=\"Produc\u021bia uzinelor Dacia \u0219i Ford din Rom\u00e2nia va fi oprit\u0103 temporar \u00een luna martie din cauza lipsei microcipurilor\" \/>\n<meta property=\"og:description\" content=\"Criza microcipurilor afecteaz\u0103 \u00eentreaga industrie auto. \u00cen luna februarie, mul\u021bi constructori au fost nevoi\u021bi s\u0103 opreasc\u0103 temporar produc\u021bia \u00een anumite\" \/>\n<meta property=\"og:url\" content=\"https:\/\/www.autocritica.ro\/en\/live-news\/productia-uzinelor-dacia-si-ford-din-romania-va-fi-oprita-temporar-in-luna-martie\/\" \/>\n<meta property=\"og:site_name\" content=\"Autocritica\" \/>\n<meta property=\"article:publisher\" content=\"https:\/\/www.facebook.com\/autocritica.ro\" \/>\n<meta property=\"article:modified_time\" content=\"2021-03-02T09:18:26+00:00\" \/>\n<meta property=\"og:image\" content=\"https:\/\/www.autocritica.ro\/wp-content\/uploads\/2021\/03\/Puma-07.jpg\" \/>\n\t<meta property=\"og:image:width\" content=\"1458\" \/>\n\t<meta property=\"og:image:height\" content=\"972\" \/>\n\t<meta property=\"og:image:type\" content=\"image\/jpeg\" \/>\n<meta name=\"twitter:card\" content=\"summary_large_image\" \/>\n<meta name=\"twitter:label1\" content=\"Est. reading time\" \/>\n\t<meta name=\"twitter:data1\" content=\"1 minute\" \/>\n<script type=\"application\/ld+json\" class=\"yoast-schema-graph\">{\"@context\":\"https:\\\/\\\/schema.org\",\"@graph\":[{\"@type\":\"WebPage\",\"@id\":\"https:\\\/\\\/www.autocritica.ro\\\/en\\\/live-news\\\/productia-uzinelor-dacia-si-ford-din-romania-va-fi-oprita-temporar-in-luna-martie\\\/\",\"url\":\"https:\\\/\\\/www.autocritica.ro\\\/en\\\/live-news\\\/productia-uzinelor-dacia-si-ford-din-romania-va-fi-oprita-temporar-in-luna-martie\\\/\",\"name\":\"Produc\u021bia uzinelor Dacia \u0219i Ford din Rom\u00e2nia va fi oprit\u0103 temporar \u00een luna martie din cauza lipsei microcipurilor - Autocritica\",\"isPartOf\":{\"@id\":\"https:\\\/\\\/www.autocritica.ro\\\/en\\\/#website\"},\"primaryImageOfPage\":{\"@id\":\"https:\\\/\\\/www.autocritica.ro\\\/en\\\/live-news\\\/productia-uzinelor-dacia-si-ford-din-romania-va-fi-oprita-temporar-in-luna-martie\\\/#primaryimage\"},\"image\":{\"@id\":\"https:\\\/\\\/www.autocritica.ro\\\/en\\\/live-news\\\/productia-uzinelor-dacia-si-ford-din-romania-va-fi-oprita-temporar-in-luna-martie\\\/#primaryimage\"},\"thumbnailUrl\":\"https:\\\/\\\/www.autocritica.ro\\\/wp-content\\\/uploads\\\/2021\\\/03\\\/Puma-07.jpg\",\"datePublished\":\"2021-03-01T07:56:04+00:00\",\"dateModified\":\"2021-03-02T09:18:26+00:00\",\"breadcrumb\":{\"@id\":\"https:\\\/\\\/www.autocritica.ro\\\/en\\\/live-news\\\/productia-uzinelor-dacia-si-ford-din-romania-va-fi-oprita-temporar-in-luna-martie\\\/#breadcrumb\"},\"inLanguage\":\"en-US\",\"potentialAction\":[{\"@type\":\"ReadAction\",\"target\":[\"https:\\\/\\\/www.autocritica.ro\\\/en\\\/live-news\\\/productia-uzinelor-dacia-si-ford-din-romania-va-fi-oprita-temporar-in-luna-martie\\\/\"]}]},{\"@type\":\"ImageObject\",\"inLanguage\":\"en-US\",\"@id\":\"https:\\\/\\\/www.autocritica.ro\\\/en\\\/live-news\\\/productia-uzinelor-dacia-si-ford-din-romania-va-fi-oprita-temporar-in-luna-martie\\\/#primaryimage\",\"url\":\"https:\\\/\\\/www.autocritica.ro\\\/wp-content\\\/uploads\\\/2021\\\/03\\\/Puma-07.jpg\",\"contentUrl\":\"https:\\\/\\\/www.autocritica.ro\\\/wp-content\\\/uploads\\\/2021\\\/03\\\/Puma-07.jpg\",\"width\":1458,\"height\":972},{\"@type\":\"BreadcrumbList\",\"@id\":\"https:\\\/\\\/www.autocritica.ro\\\/en\\\/live-news\\\/productia-uzinelor-dacia-si-ford-din-romania-va-fi-oprita-temporar-in-luna-martie\\\/#breadcrumb\",\"itemListElement\":[{\"@type\":\"ListItem\",\"position\":1,\"name\":\"Home\",\"item\":\"https:\\\/\\\/www.autocritica.ro\\\/en\\\/\"},{\"@type\":\"ListItem\",\"position\":2,\"name\":\"Live News\",\"item\":\"https:\\\/\\\/www.autocritica.ro\\\/en\\\/live-news\\\/\"},{\"@type\":\"ListItem\",\"position\":3,\"name\":\"Produc\u021bia uzinelor Dacia \u0219i Ford din Rom\u00e2nia va fi oprit\u0103 temporar \u00een luna martie din cauza lipsei microcipurilor\"}]},{\"@type\":\"WebSite\",\"@id\":\"https:\\\/\\\/www.autocritica.ro\\\/en\\\/#website\",\"url\":\"https:\\\/\\\/www.autocritica.ro\\\/en\\\/\",\"name\":\"Autocritica\",\"description\":\"\",\"publisher\":{\"@id\":\"https:\\\/\\\/www.autocritica.ro\\\/en\\\/#organization\"},\"potentialAction\":[{\"@type\":\"SearchAction\",\"target\":{\"@type\":\"EntryPoint\",\"urlTemplate\":\"https:\\\/\\\/www.autocritica.ro\\\/en\\\/?s={search_term_string}\"},\"query-input\":{\"@type\":\"PropertyValueSpecification\",\"valueRequired\":true,\"valueName\":\"search_term_string\"}}],\"inLanguage\":\"en-US\"},{\"@type\":\"Organization\",\"@id\":\"https:\\\/\\\/www.autocritica.ro\\\/en\\\/#organization\",\"name\":\"Autocritica\",\"url\":\"https:\\\/\\\/www.autocritica.ro\\\/en\\\/\",\"logo\":{\"@type\":\"ImageObject\",\"inLanguage\":\"en-US\",\"@id\":\"https:\\\/\\\/www.autocritica.ro\\\/en\\\/#\\\/schema\\\/logo\\\/image\\\/\",\"url\":\"https:\\\/\\\/www.autocritica.ro\\\/wp-content\\\/uploads\\\/2020\\\/12\\\/logo-negru.png\",\"contentUrl\":\"https:\\\/\\\/www.autocritica.ro\\\/wp-content\\\/uploads\\\/2020\\\/12\\\/logo-negru.png\",\"width\":300,\"height\":102,\"caption\":\"Autocritica\"},\"image\":{\"@id\":\"https:\\\/\\\/www.autocritica.ro\\\/en\\\/#\\\/schema\\\/logo\\\/image\\\/\"},\"sameAs\":[\"https:\\\/\\\/www.facebook.com\\\/autocritica.ro\",\"https:\\\/\\\/www.instagram.com\\\/autocritica.ro\\\/\"]}]}<\/script>\n<!-- \/ Yoast SEO Premium plugin. -->","yoast_head_json":{"title":"Produc\u021bia uzinelor Dacia \u0219i Ford din Rom\u00e2nia va fi oprit\u0103 temporar \u00een luna martie din cauza lipsei microcipurilor - Autocritica","robots":{"index":"index","follow":"follow","max-snippet":"max-snippet:-1","max-image-preview":"max-image-preview:large","max-video-preview":"max-video-preview:-1"},"canonical":"https:\/\/www.autocritica.ro\/en\/live-news\/productia-uzinelor-dacia-si-ford-din-romania-va-fi-oprita-temporar-in-luna-martie\/","og_locale":"en_US","og_type":"article","og_title":"Produc\u021bia uzinelor Dacia \u0219i Ford din Rom\u00e2nia va fi oprit\u0103 temporar \u00een luna martie din cauza lipsei microcipurilor","og_description":"Criza microcipurilor afecteaz\u0103 \u00eentreaga industrie auto. \u00cen luna februarie, mul\u021bi constructori au fost nevoi\u021bi s\u0103 opreasc\u0103 temporar produc\u021bia \u00een anumite","og_url":"https:\/\/www.autocritica.ro\/en\/live-news\/productia-uzinelor-dacia-si-ford-din-romania-va-fi-oprita-temporar-in-luna-martie\/","og_site_name":"Autocritica","article_publisher":"https:\/\/www.facebook.com\/autocritica.ro","article_modified_time":"2021-03-02T09:18:26+00:00","og_image":[{"width":1458,"height":972,"url":"https:\/\/www.autocritica.ro\/wp-content\/uploads\/2021\/03\/Puma-07.jpg","type":"image\/jpeg"}],"twitter_card":"summary_large_image","twitter_misc":{"Est. reading time":"1 minute"},"schema":{"@context":"https:\/\/schema.org","@graph":[{"@type":"WebPage","@id":"https:\/\/www.autocritica.ro\/en\/live-news\/productia-uzinelor-dacia-si-ford-din-romania-va-fi-oprita-temporar-in-luna-martie\/","url":"https:\/\/www.autocritica.ro\/en\/live-news\/productia-uzinelor-dacia-si-ford-din-romania-va-fi-oprita-temporar-in-luna-martie\/","name":"Produc\u021bia uzinelor Dacia \u0219i Ford din Rom\u00e2nia va fi oprit\u0103 temporar \u00een luna martie din cauza lipsei microcipurilor - Autocritica","isPartOf":{"@id":"https:\/\/www.autocritica.ro\/en\/#website"},"primaryImageOfPage":{"@id":"https:\/\/www.autocritica.ro\/en\/live-news\/productia-uzinelor-dacia-si-ford-din-romania-va-fi-oprita-temporar-in-luna-martie\/#primaryimage"},"image":{"@id":"https:\/\/www.autocritica.ro\/en\/live-news\/productia-uzinelor-dacia-si-ford-din-romania-va-fi-oprita-temporar-in-luna-martie\/#primaryimage"},"thumbnailUrl":"https:\/\/www.autocritica.ro\/wp-content\/uploads\/2021\/03\/Puma-07.jpg","datePublished":"2021-03-01T07:56:04+00:00","dateModified":"2021-03-02T09:18:26+00:00","breadcrumb":{"@id":"https:\/\/www.autocritica.ro\/en\/live-news\/productia-uzinelor-dacia-si-ford-din-romania-va-fi-oprita-temporar-in-luna-martie\/#breadcrumb"},"inLanguage":"en-US","potentialAction":[{"@type":"ReadAction","target":["https:\/\/www.autocritica.ro\/en\/live-news\/productia-uzinelor-dacia-si-ford-din-romania-va-fi-oprita-temporar-in-luna-martie\/"]}]},{"@type":"ImageObject","inLanguage":"en-US","@id":"https:\/\/www.autocritica.ro\/en\/live-news\/productia-uzinelor-dacia-si-ford-din-romania-va-fi-oprita-temporar-in-luna-martie\/#primaryimage","url":"https:\/\/www.autocritica.ro\/wp-content\/uploads\/2021\/03\/Puma-07.jpg","contentUrl":"https:\/\/www.autocritica.ro\/wp-content\/uploads\/2021\/03\/Puma-07.jpg","width":1458,"height":972},{"@type":"BreadcrumbList","@id":"https:\/\/www.autocritica.ro\/en\/live-news\/productia-uzinelor-dacia-si-ford-din-romania-va-fi-oprita-temporar-in-luna-martie\/#breadcrumb","itemListElement":[{"@type":"ListItem","position":1,"name":"Home","item":"https:\/\/www.autocritica.ro\/en\/"},{"@type":"ListItem","position":2,"name":"Live News","item":"https:\/\/www.autocritica.ro\/en\/live-news\/"},{"@type":"ListItem","position":3,"name":"Produc\u021bia uzinelor Dacia \u0219i Ford din Rom\u00e2nia va fi oprit\u0103 temporar \u00een luna martie din cauza lipsei microcipurilor"}]},{"@type":"WebSite","@id":"https:\/\/www.autocritica.ro\/en\/#website","url":"https:\/\/www.autocritica.ro\/en\/","name":"Autocritica","description":"","publisher":{"@id":"https:\/\/www.autocritica.ro\/en\/#organization"},"potentialAction":[{"@type":"SearchAction","target":{"@type":"EntryPoint","urlTemplate":"https:\/\/www.autocritica.ro\/en\/?s={search_term_string}"},"query-input":{"@type":"PropertyValueSpecification","valueRequired":true,"valueName":"search_term_string"}}],"inLanguage":"en-US"},{"@type":"Organization","@id":"https:\/\/www.autocritica.ro\/en\/#organization","name":"Autocritica","url":"https:\/\/www.autocritica.ro\/en\/","logo":{"@type":"ImageObject","inLanguage":"en-US","@id":"https:\/\/www.autocritica.ro\/en\/#\/schema\/logo\/image\/","url":"https:\/\/www.autocritica.ro\/wp-content\/uploads\/2020\/12\/logo-negru.png","contentUrl":"https:\/\/www.autocritica.ro\/wp-content\/uploads\/2020\/12\/logo-negru.png","width":300,"height":102,"caption":"Autocritica"},"image":{"@id":"https:\/\/www.autocritica.ro\/en\/#\/schema\/logo\/image\/"},"sameAs":["https:\/\/www.facebook.com\/autocritica.ro","https:\/\/www.instagram.com\/autocritica.ro\/"]}]}},"_links":{"self":[{"href":"https:\/\/www.autocritica.ro\/en\/wp-json\/wp\/v2\/live-news\/15715","targetHints":{"allow":["GET"]}}],"collection":[{"href":"https:\/\/www.autocritica.ro\/en\/wp-json\/wp\/v2\/live-news"}],"about":[{"href":"https:\/\/www.autocritica.ro\/en\/wp-json\/wp\/v2\/types\/live-news"}],"author":[{"embeddable":true,"href":"https:\/\/www.autocritica.ro\/en\/wp-json\/wp\/v2\/users\/4"}],"replies":[{"embeddable":true,"href":"https:\/\/www.autocritica.ro\/en\/wp-json\/wp\/v2\/comments?post=15715"}],"version-history":[{"count":3,"href":"https:\/\/www.autocritica.ro\/en\/wp-json\/wp\/v2\/live-news\/15715\/revisions"}],"predecessor-version":[{"id":15812,"href":"https:\/\/www.autocritica.ro\/en\/wp-json\/wp\/v2\/live-news\/15715\/revisions\/15812"}],"wp:featuredmedia":[{"embeddable":true,"href":"https:\/\/www.autocritica.ro\/en\/wp-json\/wp\/v2\/media\/15716"}],"wp:attachment":[{"href":"https:\/\/www.autocritica.ro\/en\/wp-json\/wp\/v2\/media?parent=15715"}],"wp:term":[{"taxonomy":"post_tag","embeddable":true,"href":"https:\/\/www.autocritica.ro\/en\/wp-json\/wp\/v2\/tags?post=15715"}],"curies":[{"name":"wp","href":"https:\/\/api.w.org\/{rel}","templated":true}]}}