{"id":15298,"date":"2021-02-28T10:29:05","date_gmt":"2021-02-28T10:29:05","guid":{"rendered":"https:\/\/www.autocritica.ro\/?post_type=live-news&#038;p=15298"},"modified":"2021-02-28T10:29:05","modified_gmt":"2021-02-28T10:29:05","slug":"fisker-planuieste-un-nou-model-electric-productia-ar-urma-sa-inceapa-in-2023","status":"publish","type":"live-news","link":"https:\/\/www.autocritica.ro\/en\/live-news\/fisker-planuieste-un-nou-model-electric-productia-ar-urma-sa-inceapa-in-2023\/","title":{"rendered":"Fisker pl\u0103nuie\u0219te un nou model electric. Produc\u021bia ar urma s\u0103 \u00eenceap\u0103 \u00een 2023"},"content":{"rendered":"<p>SUV-ul electric Ocean este primul model al start-up-ului Fisker. Conform unor surse apropiate, compania preg\u0103te\u0219te un nou model electric \u00eempreun\u0103 cu grupul Foxconn Technology. Noul model ar urma s\u0103 fie produs \u00eencep\u00e2nd cu 2023. Compania \u00ee\u0219i dore\u0219te ca viiitorul produs s\u0103 aib\u0103 farmecul modelelor Mini \u0219i Volkswagen Beetle.<\/p>\n","protected":false},"author":4,"featured_media":15300,"comment_status":"open","ping_status":"closed","template":"","meta":{"_acf_changed":false,"footnotes":""},"tags":[913,915,914],"class_list":["post-15298","live-news","type-live-news","status-publish","has-post-thumbnail","hentry","tag-fisker","tag-foxconn","tag-ocean"],"acf":[],"yoast_head":"<!-- This site is optimized with the Yoast SEO Premium plugin v27.6 (Yoast SEO v27.6) - https:\/\/yoast.com\/product\/yoast-seo-premium-wordpress\/ -->\n<title>Fisker pl\u0103nuie\u0219te un nou model electric. Produc\u021bia ar urma s\u0103 \u00eenceap\u0103 \u00een 2023 - Autocritica<\/title>\n<meta name=\"robots\" content=\"index, follow, max-snippet:-1, max-image-preview:large, max-video-preview:-1\" \/>\n<link rel=\"canonical\" href=\"https:\/\/www.autocritica.ro\/en\/live-news\/fisker-planuieste-un-nou-model-electric-productia-ar-urma-sa-inceapa-in-2023\/\" \/>\n<meta property=\"og:locale\" content=\"en_US\" \/>\n<meta property=\"og:type\" content=\"article\" \/>\n<meta property=\"og:title\" content=\"Fisker pl\u0103nuie\u0219te un nou model electric. Produc\u021bia ar urma s\u0103 \u00eenceap\u0103 \u00een 2023\" \/>\n<meta property=\"og:description\" content=\"SUV-ul electric Ocean este primul model al start-up-ului Fisker. Conform unor surse apropiate, compania preg\u0103te\u0219te un nou model electric \u00eempreun\u0103 cu\" \/>\n<meta property=\"og:url\" content=\"https:\/\/www.autocritica.ro\/en\/live-news\/fisker-planuieste-un-nou-model-electric-productia-ar-urma-sa-inceapa-in-2023\/\" \/>\n<meta property=\"og:site_name\" content=\"Autocritica\" \/>\n<meta property=\"article:publisher\" content=\"https:\/\/www.facebook.com\/autocritica.ro\" \/>\n<meta property=\"og:image\" content=\"https:\/\/www.autocritica.ro\/wp-content\/uploads\/2021\/02\/Fisker-Ocean-900x540-1.jpg\" \/>\n\t<meta property=\"og:image:width\" content=\"792\" \/>\n\t<meta property=\"og:image:height\" content=\"475\" \/>\n\t<meta property=\"og:image:type\" content=\"image\/jpeg\" \/>\n<meta name=\"twitter:card\" content=\"summary_large_image\" \/>\n<meta name=\"twitter:label1\" content=\"Est. reading time\" \/>\n\t<meta name=\"twitter:data1\" content=\"1 minute\" \/>\n<script type=\"application\/ld+json\" class=\"yoast-schema-graph\">{\"@context\":\"https:\\\/\\\/schema.org\",\"@graph\":[{\"@type\":\"WebPage\",\"@id\":\"https:\\\/\\\/www.autocritica.ro\\\/en\\\/live-news\\\/fisker-planuieste-un-nou-model-electric-productia-ar-urma-sa-inceapa-in-2023\\\/\",\"url\":\"https:\\\/\\\/www.autocritica.ro\\\/en\\\/live-news\\\/fisker-planuieste-un-nou-model-electric-productia-ar-urma-sa-inceapa-in-2023\\\/\",\"name\":\"Fisker pl\u0103nuie\u0219te un nou model electric. Produc\u021bia ar urma s\u0103 \u00eenceap\u0103 \u00een 2023 - Autocritica\",\"isPartOf\":{\"@id\":\"https:\\\/\\\/www.autocritica.ro\\\/en\\\/#website\"},\"primaryImageOfPage\":{\"@id\":\"https:\\\/\\\/www.autocritica.ro\\\/en\\\/live-news\\\/fisker-planuieste-un-nou-model-electric-productia-ar-urma-sa-inceapa-in-2023\\\/#primaryimage\"},\"image\":{\"@id\":\"https:\\\/\\\/www.autocritica.ro\\\/en\\\/live-news\\\/fisker-planuieste-un-nou-model-electric-productia-ar-urma-sa-inceapa-in-2023\\\/#primaryimage\"},\"thumbnailUrl\":\"https:\\\/\\\/www.autocritica.ro\\\/wp-content\\\/uploads\\\/2021\\\/02\\\/Fisker-Ocean-900x540-1.jpg\",\"datePublished\":\"2021-02-28T10:29:05+00:00\",\"breadcrumb\":{\"@id\":\"https:\\\/\\\/www.autocritica.ro\\\/en\\\/live-news\\\/fisker-planuieste-un-nou-model-electric-productia-ar-urma-sa-inceapa-in-2023\\\/#breadcrumb\"},\"inLanguage\":\"en-US\",\"potentialAction\":[{\"@type\":\"ReadAction\",\"target\":[\"https:\\\/\\\/www.autocritica.ro\\\/en\\\/live-news\\\/fisker-planuieste-un-nou-model-electric-productia-ar-urma-sa-inceapa-in-2023\\\/\"]}]},{\"@type\":\"ImageObject\",\"inLanguage\":\"en-US\",\"@id\":\"https:\\\/\\\/www.autocritica.ro\\\/en\\\/live-news\\\/fisker-planuieste-un-nou-model-electric-productia-ar-urma-sa-inceapa-in-2023\\\/#primaryimage\",\"url\":\"https:\\\/\\\/www.autocritica.ro\\\/wp-content\\\/uploads\\\/2021\\\/02\\\/Fisker-Ocean-900x540-1.jpg\",\"contentUrl\":\"https:\\\/\\\/www.autocritica.ro\\\/wp-content\\\/uploads\\\/2021\\\/02\\\/Fisker-Ocean-900x540-1.jpg\",\"width\":792,\"height\":475},{\"@type\":\"BreadcrumbList\",\"@id\":\"https:\\\/\\\/www.autocritica.ro\\\/en\\\/live-news\\\/fisker-planuieste-un-nou-model-electric-productia-ar-urma-sa-inceapa-in-2023\\\/#breadcrumb\",\"itemListElement\":[{\"@type\":\"ListItem\",\"position\":1,\"name\":\"Home\",\"item\":\"https:\\\/\\\/www.autocritica.ro\\\/en\\\/\"},{\"@type\":\"ListItem\",\"position\":2,\"name\":\"Live News\",\"item\":\"https:\\\/\\\/www.autocritica.ro\\\/en\\\/live-news\\\/\"},{\"@type\":\"ListItem\",\"position\":3,\"name\":\"Fisker pl\u0103nuie\u0219te un nou model electric. Produc\u021bia ar urma s\u0103 \u00eenceap\u0103 \u00een 2023\"}]},{\"@type\":\"WebSite\",\"@id\":\"https:\\\/\\\/www.autocritica.ro\\\/en\\\/#website\",\"url\":\"https:\\\/\\\/www.autocritica.ro\\\/en\\\/\",\"name\":\"Autocritica\",\"description\":\"\",\"publisher\":{\"@id\":\"https:\\\/\\\/www.autocritica.ro\\\/en\\\/#organization\"},\"potentialAction\":[{\"@type\":\"SearchAction\",\"target\":{\"@type\":\"EntryPoint\",\"urlTemplate\":\"https:\\\/\\\/www.autocritica.ro\\\/en\\\/?s={search_term_string}\"},\"query-input\":{\"@type\":\"PropertyValueSpecification\",\"valueRequired\":true,\"valueName\":\"search_term_string\"}}],\"inLanguage\":\"en-US\"},{\"@type\":\"Organization\",\"@id\":\"https:\\\/\\\/www.autocritica.ro\\\/en\\\/#organization\",\"name\":\"Autocritica\",\"url\":\"https:\\\/\\\/www.autocritica.ro\\\/en\\\/\",\"logo\":{\"@type\":\"ImageObject\",\"inLanguage\":\"en-US\",\"@id\":\"https:\\\/\\\/www.autocritica.ro\\\/en\\\/#\\\/schema\\\/logo\\\/image\\\/\",\"url\":\"https:\\\/\\\/www.autocritica.ro\\\/wp-content\\\/uploads\\\/2020\\\/12\\\/logo-negru.png\",\"contentUrl\":\"https:\\\/\\\/www.autocritica.ro\\\/wp-content\\\/uploads\\\/2020\\\/12\\\/logo-negru.png\",\"width\":300,\"height\":102,\"caption\":\"Autocritica\"},\"image\":{\"@id\":\"https:\\\/\\\/www.autocritica.ro\\\/en\\\/#\\\/schema\\\/logo\\\/image\\\/\"},\"sameAs\":[\"https:\\\/\\\/www.facebook.com\\\/autocritica.ro\",\"https:\\\/\\\/www.instagram.com\\\/autocritica.ro\\\/\"]}]}<\/script>\n<!-- \/ Yoast SEO Premium plugin. -->","yoast_head_json":{"title":"Fisker pl\u0103nuie\u0219te un nou model electric. Produc\u021bia ar urma s\u0103 \u00eenceap\u0103 \u00een 2023 - Autocritica","robots":{"index":"index","follow":"follow","max-snippet":"max-snippet:-1","max-image-preview":"max-image-preview:large","max-video-preview":"max-video-preview:-1"},"canonical":"https:\/\/www.autocritica.ro\/en\/live-news\/fisker-planuieste-un-nou-model-electric-productia-ar-urma-sa-inceapa-in-2023\/","og_locale":"en_US","og_type":"article","og_title":"Fisker pl\u0103nuie\u0219te un nou model electric. Produc\u021bia ar urma s\u0103 \u00eenceap\u0103 \u00een 2023","og_description":"SUV-ul electric Ocean este primul model al start-up-ului Fisker. Conform unor surse apropiate, compania preg\u0103te\u0219te un nou model electric \u00eempreun\u0103 cu","og_url":"https:\/\/www.autocritica.ro\/en\/live-news\/fisker-planuieste-un-nou-model-electric-productia-ar-urma-sa-inceapa-in-2023\/","og_site_name":"Autocritica","article_publisher":"https:\/\/www.facebook.com\/autocritica.ro","og_image":[{"width":792,"height":475,"url":"https:\/\/www.autocritica.ro\/wp-content\/uploads\/2021\/02\/Fisker-Ocean-900x540-1.jpg","type":"image\/jpeg"}],"twitter_card":"summary_large_image","twitter_misc":{"Est. reading time":"1 minute"},"schema":{"@context":"https:\/\/schema.org","@graph":[{"@type":"WebPage","@id":"https:\/\/www.autocritica.ro\/en\/live-news\/fisker-planuieste-un-nou-model-electric-productia-ar-urma-sa-inceapa-in-2023\/","url":"https:\/\/www.autocritica.ro\/en\/live-news\/fisker-planuieste-un-nou-model-electric-productia-ar-urma-sa-inceapa-in-2023\/","name":"Fisker pl\u0103nuie\u0219te un nou model electric. Produc\u021bia ar urma s\u0103 \u00eenceap\u0103 \u00een 2023 - Autocritica","isPartOf":{"@id":"https:\/\/www.autocritica.ro\/en\/#website"},"primaryImageOfPage":{"@id":"https:\/\/www.autocritica.ro\/en\/live-news\/fisker-planuieste-un-nou-model-electric-productia-ar-urma-sa-inceapa-in-2023\/#primaryimage"},"image":{"@id":"https:\/\/www.autocritica.ro\/en\/live-news\/fisker-planuieste-un-nou-model-electric-productia-ar-urma-sa-inceapa-in-2023\/#primaryimage"},"thumbnailUrl":"https:\/\/www.autocritica.ro\/wp-content\/uploads\/2021\/02\/Fisker-Ocean-900x540-1.jpg","datePublished":"2021-02-28T10:29:05+00:00","breadcrumb":{"@id":"https:\/\/www.autocritica.ro\/en\/live-news\/fisker-planuieste-un-nou-model-electric-productia-ar-urma-sa-inceapa-in-2023\/#breadcrumb"},"inLanguage":"en-US","potentialAction":[{"@type":"ReadAction","target":["https:\/\/www.autocritica.ro\/en\/live-news\/fisker-planuieste-un-nou-model-electric-productia-ar-urma-sa-inceapa-in-2023\/"]}]},{"@type":"ImageObject","inLanguage":"en-US","@id":"https:\/\/www.autocritica.ro\/en\/live-news\/fisker-planuieste-un-nou-model-electric-productia-ar-urma-sa-inceapa-in-2023\/#primaryimage","url":"https:\/\/www.autocritica.ro\/wp-content\/uploads\/2021\/02\/Fisker-Ocean-900x540-1.jpg","contentUrl":"https:\/\/www.autocritica.ro\/wp-content\/uploads\/2021\/02\/Fisker-Ocean-900x540-1.jpg","width":792,"height":475},{"@type":"BreadcrumbList","@id":"https:\/\/www.autocritica.ro\/en\/live-news\/fisker-planuieste-un-nou-model-electric-productia-ar-urma-sa-inceapa-in-2023\/#breadcrumb","itemListElement":[{"@type":"ListItem","position":1,"name":"Home","item":"https:\/\/www.autocritica.ro\/en\/"},{"@type":"ListItem","position":2,"name":"Live News","item":"https:\/\/www.autocritica.ro\/en\/live-news\/"},{"@type":"ListItem","position":3,"name":"Fisker pl\u0103nuie\u0219te un nou model electric. Produc\u021bia ar urma s\u0103 \u00eenceap\u0103 \u00een 2023"}]},{"@type":"WebSite","@id":"https:\/\/www.autocritica.ro\/en\/#website","url":"https:\/\/www.autocritica.ro\/en\/","name":"Autocritica","description":"","publisher":{"@id":"https:\/\/www.autocritica.ro\/en\/#organization"},"potentialAction":[{"@type":"SearchAction","target":{"@type":"EntryPoint","urlTemplate":"https:\/\/www.autocritica.ro\/en\/?s={search_term_string}"},"query-input":{"@type":"PropertyValueSpecification","valueRequired":true,"valueName":"search_term_string"}}],"inLanguage":"en-US"},{"@type":"Organization","@id":"https:\/\/www.autocritica.ro\/en\/#organization","name":"Autocritica","url":"https:\/\/www.autocritica.ro\/en\/","logo":{"@type":"ImageObject","inLanguage":"en-US","@id":"https:\/\/www.autocritica.ro\/en\/#\/schema\/logo\/image\/","url":"https:\/\/www.autocritica.ro\/wp-content\/uploads\/2020\/12\/logo-negru.png","contentUrl":"https:\/\/www.autocritica.ro\/wp-content\/uploads\/2020\/12\/logo-negru.png","width":300,"height":102,"caption":"Autocritica"},"image":{"@id":"https:\/\/www.autocritica.ro\/en\/#\/schema\/logo\/image\/"},"sameAs":["https:\/\/www.facebook.com\/autocritica.ro","https:\/\/www.instagram.com\/autocritica.ro\/"]}]}},"_links":{"self":[{"href":"https:\/\/www.autocritica.ro\/en\/wp-json\/wp\/v2\/live-news\/15298","targetHints":{"allow":["GET"]}}],"collection":[{"href":"https:\/\/www.autocritica.ro\/en\/wp-json\/wp\/v2\/live-news"}],"about":[{"href":"https:\/\/www.autocritica.ro\/en\/wp-json\/wp\/v2\/types\/live-news"}],"author":[{"embeddable":true,"href":"https:\/\/www.autocritica.ro\/en\/wp-json\/wp\/v2\/users\/4"}],"replies":[{"embeddable":true,"href":"https:\/\/www.autocritica.ro\/en\/wp-json\/wp\/v2\/comments?post=15298"}],"version-history":[{"count":1,"href":"https:\/\/www.autocritica.ro\/en\/wp-json\/wp\/v2\/live-news\/15298\/revisions"}],"predecessor-version":[{"id":15301,"href":"https:\/\/www.autocritica.ro\/en\/wp-json\/wp\/v2\/live-news\/15298\/revisions\/15301"}],"wp:featuredmedia":[{"embeddable":true,"href":"https:\/\/www.autocritica.ro\/en\/wp-json\/wp\/v2\/media\/15300"}],"wp:attachment":[{"href":"https:\/\/www.autocritica.ro\/en\/wp-json\/wp\/v2\/media?parent=15298"}],"wp:term":[{"taxonomy":"post_tag","embeddable":true,"href":"https:\/\/www.autocritica.ro\/en\/wp-json\/wp\/v2\/tags?post=15298"}],"curies":[{"name":"wp","href":"https:\/\/api.w.org\/{rel}","templated":true}]}}