{"id":15218,"date":"2021-02-28T09:32:35","date_gmt":"2021-02-28T09:32:35","guid":{"rendered":"https:\/\/www.autocritica.ro\/?post_type=live-news&#038;p=15218"},"modified":"2021-02-28T09:32:35","modified_gmt":"2021-02-28T09:32:35","slug":"jeep-ar-urma-sa-lanseze-un-nou-suv-mic-in-2022","status":"publish","type":"live-news","link":"https:\/\/www.autocritica.ro\/en\/live-news\/jeep-ar-urma-sa-lanseze-un-nou-suv-mic-in-2022\/","title":{"rendered":"Jeep ar urma s\u0103 lanseze un nou SUV mic \u00een 2022"},"content":{"rendered":"<p>Primul model Jeep dezvoltat pe platforma grupului PSA Peugeot-Citroen ar urma s\u0103 intre \u00een produc\u021bia de serie \u00een iulie 2022, conform unor surse apropiate companiei. \u00cen 2023, Alfa Romeo \u0219i Fiat ar urma s\u0103 lanseze c\u00e2te un SUV dezvoltat tot pe arhitectura grupului francez.<\/p>\n","protected":false},"author":4,"featured_media":15219,"comment_status":"open","ping_status":"closed","template":"","meta":{"_acf_changed":false,"footnotes":""},"tags":[907,908,905,909,906],"class_list":["post-15218","live-news","type-live-news","status-publish","has-post-thumbnail","hentry","tag-alfa-romeo","tag-fiat","tag-jeep","tag-psa-peugeot-citroen","tag-suv-jeep"],"acf":[],"yoast_head":"<!-- This site is optimized with the Yoast SEO Premium plugin v27.6 (Yoast SEO v27.6) - https:\/\/yoast.com\/product\/yoast-seo-premium-wordpress\/ -->\n<title>Jeep ar urma s\u0103 lanseze un nou SUV mic \u00een 2022 - Autocritica<\/title>\n<meta name=\"robots\" content=\"index, follow, max-snippet:-1, max-image-preview:large, max-video-preview:-1\" \/>\n<link rel=\"canonical\" href=\"https:\/\/www.autocritica.ro\/en\/live-news\/jeep-ar-urma-sa-lanseze-un-nou-suv-mic-in-2022\/\" \/>\n<meta property=\"og:locale\" content=\"en_US\" \/>\n<meta property=\"og:type\" content=\"article\" \/>\n<meta property=\"og:title\" content=\"Jeep ar urma s\u0103 lanseze un nou SUV mic \u00een 2022\" \/>\n<meta property=\"og:description\" content=\"Primul model Jeep dezvoltat pe platforma grupului PSA Peugeot-Citroen ar urma s\u0103 intre \u00een produc\u021bia de serie \u00een iulie 2022, conform unor surse apropiate\" \/>\n<meta property=\"og:url\" content=\"https:\/\/www.autocritica.ro\/en\/live-news\/jeep-ar-urma-sa-lanseze-un-nou-suv-mic-in-2022\/\" \/>\n<meta property=\"og:site_name\" content=\"Autocritica\" \/>\n<meta property=\"article:publisher\" content=\"https:\/\/www.facebook.com\/autocritica.ro\" \/>\n<meta property=\"og:image\" content=\"https:\/\/www.autocritica.ro\/wp-content\/uploads\/2021\/02\/EP8I8489-2-1.jpg\" \/>\n\t<meta property=\"og:image:width\" content=\"940\" \/>\n\t<meta property=\"og:image:height\" content=\"527\" \/>\n\t<meta property=\"og:image:type\" content=\"image\/jpeg\" \/>\n<meta name=\"twitter:card\" content=\"summary_large_image\" \/>\n<meta name=\"twitter:label1\" content=\"Est. reading time\" \/>\n\t<meta name=\"twitter:data1\" content=\"1 minute\" \/>\n<script type=\"application\/ld+json\" class=\"yoast-schema-graph\">{\"@context\":\"https:\\\/\\\/schema.org\",\"@graph\":[{\"@type\":\"WebPage\",\"@id\":\"https:\\\/\\\/www.autocritica.ro\\\/en\\\/live-news\\\/jeep-ar-urma-sa-lanseze-un-nou-suv-mic-in-2022\\\/\",\"url\":\"https:\\\/\\\/www.autocritica.ro\\\/en\\\/live-news\\\/jeep-ar-urma-sa-lanseze-un-nou-suv-mic-in-2022\\\/\",\"name\":\"Jeep ar urma s\u0103 lanseze un nou SUV mic \u00een 2022 - Autocritica\",\"isPartOf\":{\"@id\":\"https:\\\/\\\/www.autocritica.ro\\\/en\\\/#website\"},\"primaryImageOfPage\":{\"@id\":\"https:\\\/\\\/www.autocritica.ro\\\/en\\\/live-news\\\/jeep-ar-urma-sa-lanseze-un-nou-suv-mic-in-2022\\\/#primaryimage\"},\"image\":{\"@id\":\"https:\\\/\\\/www.autocritica.ro\\\/en\\\/live-news\\\/jeep-ar-urma-sa-lanseze-un-nou-suv-mic-in-2022\\\/#primaryimage\"},\"thumbnailUrl\":\"https:\\\/\\\/www.autocritica.ro\\\/wp-content\\\/uploads\\\/2021\\\/02\\\/EP8I8489-2-1.jpg\",\"datePublished\":\"2021-02-28T09:32:35+00:00\",\"breadcrumb\":{\"@id\":\"https:\\\/\\\/www.autocritica.ro\\\/en\\\/live-news\\\/jeep-ar-urma-sa-lanseze-un-nou-suv-mic-in-2022\\\/#breadcrumb\"},\"inLanguage\":\"en-US\",\"potentialAction\":[{\"@type\":\"ReadAction\",\"target\":[\"https:\\\/\\\/www.autocritica.ro\\\/en\\\/live-news\\\/jeep-ar-urma-sa-lanseze-un-nou-suv-mic-in-2022\\\/\"]}]},{\"@type\":\"ImageObject\",\"inLanguage\":\"en-US\",\"@id\":\"https:\\\/\\\/www.autocritica.ro\\\/en\\\/live-news\\\/jeep-ar-urma-sa-lanseze-un-nou-suv-mic-in-2022\\\/#primaryimage\",\"url\":\"https:\\\/\\\/www.autocritica.ro\\\/wp-content\\\/uploads\\\/2021\\\/02\\\/EP8I8489-2-1.jpg\",\"contentUrl\":\"https:\\\/\\\/www.autocritica.ro\\\/wp-content\\\/uploads\\\/2021\\\/02\\\/EP8I8489-2-1.jpg\",\"width\":940,\"height\":527},{\"@type\":\"BreadcrumbList\",\"@id\":\"https:\\\/\\\/www.autocritica.ro\\\/en\\\/live-news\\\/jeep-ar-urma-sa-lanseze-un-nou-suv-mic-in-2022\\\/#breadcrumb\",\"itemListElement\":[{\"@type\":\"ListItem\",\"position\":1,\"name\":\"Home\",\"item\":\"https:\\\/\\\/www.autocritica.ro\\\/en\\\/\"},{\"@type\":\"ListItem\",\"position\":2,\"name\":\"Live News\",\"item\":\"https:\\\/\\\/www.autocritica.ro\\\/en\\\/live-news\\\/\"},{\"@type\":\"ListItem\",\"position\":3,\"name\":\"Jeep ar urma s\u0103 lanseze un nou SUV mic \u00een 2022\"}]},{\"@type\":\"WebSite\",\"@id\":\"https:\\\/\\\/www.autocritica.ro\\\/en\\\/#website\",\"url\":\"https:\\\/\\\/www.autocritica.ro\\\/en\\\/\",\"name\":\"Autocritica\",\"description\":\"\",\"publisher\":{\"@id\":\"https:\\\/\\\/www.autocritica.ro\\\/en\\\/#organization\"},\"potentialAction\":[{\"@type\":\"SearchAction\",\"target\":{\"@type\":\"EntryPoint\",\"urlTemplate\":\"https:\\\/\\\/www.autocritica.ro\\\/en\\\/?s={search_term_string}\"},\"query-input\":{\"@type\":\"PropertyValueSpecification\",\"valueRequired\":true,\"valueName\":\"search_term_string\"}}],\"inLanguage\":\"en-US\"},{\"@type\":\"Organization\",\"@id\":\"https:\\\/\\\/www.autocritica.ro\\\/en\\\/#organization\",\"name\":\"Autocritica\",\"url\":\"https:\\\/\\\/www.autocritica.ro\\\/en\\\/\",\"logo\":{\"@type\":\"ImageObject\",\"inLanguage\":\"en-US\",\"@id\":\"https:\\\/\\\/www.autocritica.ro\\\/en\\\/#\\\/schema\\\/logo\\\/image\\\/\",\"url\":\"https:\\\/\\\/www.autocritica.ro\\\/wp-content\\\/uploads\\\/2020\\\/12\\\/logo-negru.png\",\"contentUrl\":\"https:\\\/\\\/www.autocritica.ro\\\/wp-content\\\/uploads\\\/2020\\\/12\\\/logo-negru.png\",\"width\":300,\"height\":102,\"caption\":\"Autocritica\"},\"image\":{\"@id\":\"https:\\\/\\\/www.autocritica.ro\\\/en\\\/#\\\/schema\\\/logo\\\/image\\\/\"},\"sameAs\":[\"https:\\\/\\\/www.facebook.com\\\/autocritica.ro\",\"https:\\\/\\\/www.instagram.com\\\/autocritica.ro\\\/\"]}]}<\/script>\n<!-- \/ Yoast SEO Premium plugin. -->","yoast_head_json":{"title":"Jeep ar urma s\u0103 lanseze un nou SUV mic \u00een 2022 - Autocritica","robots":{"index":"index","follow":"follow","max-snippet":"max-snippet:-1","max-image-preview":"max-image-preview:large","max-video-preview":"max-video-preview:-1"},"canonical":"https:\/\/www.autocritica.ro\/en\/live-news\/jeep-ar-urma-sa-lanseze-un-nou-suv-mic-in-2022\/","og_locale":"en_US","og_type":"article","og_title":"Jeep ar urma s\u0103 lanseze un nou SUV mic \u00een 2022","og_description":"Primul model Jeep dezvoltat pe platforma grupului PSA Peugeot-Citroen ar urma s\u0103 intre \u00een produc\u021bia de serie \u00een iulie 2022, conform unor surse apropiate","og_url":"https:\/\/www.autocritica.ro\/en\/live-news\/jeep-ar-urma-sa-lanseze-un-nou-suv-mic-in-2022\/","og_site_name":"Autocritica","article_publisher":"https:\/\/www.facebook.com\/autocritica.ro","og_image":[{"width":940,"height":527,"url":"https:\/\/www.autocritica.ro\/wp-content\/uploads\/2021\/02\/EP8I8489-2-1.jpg","type":"image\/jpeg"}],"twitter_card":"summary_large_image","twitter_misc":{"Est. reading time":"1 minute"},"schema":{"@context":"https:\/\/schema.org","@graph":[{"@type":"WebPage","@id":"https:\/\/www.autocritica.ro\/en\/live-news\/jeep-ar-urma-sa-lanseze-un-nou-suv-mic-in-2022\/","url":"https:\/\/www.autocritica.ro\/en\/live-news\/jeep-ar-urma-sa-lanseze-un-nou-suv-mic-in-2022\/","name":"Jeep ar urma s\u0103 lanseze un nou SUV mic \u00een 2022 - Autocritica","isPartOf":{"@id":"https:\/\/www.autocritica.ro\/en\/#website"},"primaryImageOfPage":{"@id":"https:\/\/www.autocritica.ro\/en\/live-news\/jeep-ar-urma-sa-lanseze-un-nou-suv-mic-in-2022\/#primaryimage"},"image":{"@id":"https:\/\/www.autocritica.ro\/en\/live-news\/jeep-ar-urma-sa-lanseze-un-nou-suv-mic-in-2022\/#primaryimage"},"thumbnailUrl":"https:\/\/www.autocritica.ro\/wp-content\/uploads\/2021\/02\/EP8I8489-2-1.jpg","datePublished":"2021-02-28T09:32:35+00:00","breadcrumb":{"@id":"https:\/\/www.autocritica.ro\/en\/live-news\/jeep-ar-urma-sa-lanseze-un-nou-suv-mic-in-2022\/#breadcrumb"},"inLanguage":"en-US","potentialAction":[{"@type":"ReadAction","target":["https:\/\/www.autocritica.ro\/en\/live-news\/jeep-ar-urma-sa-lanseze-un-nou-suv-mic-in-2022\/"]}]},{"@type":"ImageObject","inLanguage":"en-US","@id":"https:\/\/www.autocritica.ro\/en\/live-news\/jeep-ar-urma-sa-lanseze-un-nou-suv-mic-in-2022\/#primaryimage","url":"https:\/\/www.autocritica.ro\/wp-content\/uploads\/2021\/02\/EP8I8489-2-1.jpg","contentUrl":"https:\/\/www.autocritica.ro\/wp-content\/uploads\/2021\/02\/EP8I8489-2-1.jpg","width":940,"height":527},{"@type":"BreadcrumbList","@id":"https:\/\/www.autocritica.ro\/en\/live-news\/jeep-ar-urma-sa-lanseze-un-nou-suv-mic-in-2022\/#breadcrumb","itemListElement":[{"@type":"ListItem","position":1,"name":"Home","item":"https:\/\/www.autocritica.ro\/en\/"},{"@type":"ListItem","position":2,"name":"Live News","item":"https:\/\/www.autocritica.ro\/en\/live-news\/"},{"@type":"ListItem","position":3,"name":"Jeep ar urma s\u0103 lanseze un nou SUV mic \u00een 2022"}]},{"@type":"WebSite","@id":"https:\/\/www.autocritica.ro\/en\/#website","url":"https:\/\/www.autocritica.ro\/en\/","name":"Autocritica","description":"","publisher":{"@id":"https:\/\/www.autocritica.ro\/en\/#organization"},"potentialAction":[{"@type":"SearchAction","target":{"@type":"EntryPoint","urlTemplate":"https:\/\/www.autocritica.ro\/en\/?s={search_term_string}"},"query-input":{"@type":"PropertyValueSpecification","valueRequired":true,"valueName":"search_term_string"}}],"inLanguage":"en-US"},{"@type":"Organization","@id":"https:\/\/www.autocritica.ro\/en\/#organization","name":"Autocritica","url":"https:\/\/www.autocritica.ro\/en\/","logo":{"@type":"ImageObject","inLanguage":"en-US","@id":"https:\/\/www.autocritica.ro\/en\/#\/schema\/logo\/image\/","url":"https:\/\/www.autocritica.ro\/wp-content\/uploads\/2020\/12\/logo-negru.png","contentUrl":"https:\/\/www.autocritica.ro\/wp-content\/uploads\/2020\/12\/logo-negru.png","width":300,"height":102,"caption":"Autocritica"},"image":{"@id":"https:\/\/www.autocritica.ro\/en\/#\/schema\/logo\/image\/"},"sameAs":["https:\/\/www.facebook.com\/autocritica.ro","https:\/\/www.instagram.com\/autocritica.ro\/"]}]}},"_links":{"self":[{"href":"https:\/\/www.autocritica.ro\/en\/wp-json\/wp\/v2\/live-news\/15218","targetHints":{"allow":["GET"]}}],"collection":[{"href":"https:\/\/www.autocritica.ro\/en\/wp-json\/wp\/v2\/live-news"}],"about":[{"href":"https:\/\/www.autocritica.ro\/en\/wp-json\/wp\/v2\/types\/live-news"}],"author":[{"embeddable":true,"href":"https:\/\/www.autocritica.ro\/en\/wp-json\/wp\/v2\/users\/4"}],"replies":[{"embeddable":true,"href":"https:\/\/www.autocritica.ro\/en\/wp-json\/wp\/v2\/comments?post=15218"}],"version-history":[{"count":1,"href":"https:\/\/www.autocritica.ro\/en\/wp-json\/wp\/v2\/live-news\/15218\/revisions"}],"predecessor-version":[{"id":15220,"href":"https:\/\/www.autocritica.ro\/en\/wp-json\/wp\/v2\/live-news\/15218\/revisions\/15220"}],"wp:featuredmedia":[{"embeddable":true,"href":"https:\/\/www.autocritica.ro\/en\/wp-json\/wp\/v2\/media\/15219"}],"wp:attachment":[{"href":"https:\/\/www.autocritica.ro\/en\/wp-json\/wp\/v2\/media?parent=15218"}],"wp:term":[{"taxonomy":"post_tag","embeddable":true,"href":"https:\/\/www.autocritica.ro\/en\/wp-json\/wp\/v2\/tags?post=15218"}],"curies":[{"name":"wp","href":"https:\/\/api.w.org\/{rel}","templated":true}]}}