{"id":14252,"date":"2021-02-27T11:10:46","date_gmt":"2021-02-27T11:10:46","guid":{"rendered":"https:\/\/www.autocritica.ro\/?post_type=live-news&#038;p=14252"},"modified":"2021-02-27T11:10:46","modified_gmt":"2021-02-27T11:10:46","slug":"actualizari-de-software-pentru-suv-ul-electric-volvo-xc40-incarcare-mai-rapida-si-autonomie-mai-mare","status":"publish","type":"live-news","link":"https:\/\/www.autocritica.ro\/en\/live-news\/actualizari-de-software-pentru-suv-ul-electric-volvo-xc40-incarcare-mai-rapida-si-autonomie-mai-mare\/","title":{"rendered":"Actualiz\u0103ri de software pentru SUV-ul electric Volvo XC40: \u00eenc\u0103rcare mai rapid\u0103 \u0219i autonomie mai mare"},"content":{"rendered":"<p>Volvo a anun\u021bat lansarea primului pachet de actualiz\u0103ri software pentru SUV-ul electric XC40 Recharge. Actualiz\u0103rile au loc &#8220;over-the-air&#8221;, iar noul pachet include \u00eembun\u0103t\u0103\u021biri pentru timpul de \u00eenc\u0103rcare \u0219i autonomie.<\/p>\n","protected":false},"author":4,"featured_media":14253,"comment_status":"open","ping_status":"closed","template":"","meta":{"_acf_changed":false,"footnotes":""},"tags":[84,878,879],"class_list":["post-14252","live-news","type-live-news","status-publish","has-post-thumbnail","hentry","tag-volvo","tag-xc40","tag-xc40-electric"],"acf":[],"yoast_head":"<!-- This site is optimized with the Yoast SEO Premium plugin v27.6 (Yoast SEO v27.6) - https:\/\/yoast.com\/product\/yoast-seo-premium-wordpress\/ -->\n<title>Actualiz\u0103ri de software pentru SUV-ul electric Volvo XC40: \u00eenc\u0103rcare mai rapid\u0103 \u0219i autonomie mai mare - Autocritica<\/title>\n<meta name=\"robots\" content=\"index, follow, max-snippet:-1, max-image-preview:large, max-video-preview:-1\" \/>\n<link rel=\"canonical\" href=\"https:\/\/www.autocritica.ro\/en\/live-news\/actualizari-de-software-pentru-suv-ul-electric-volvo-xc40-incarcare-mai-rapida-si-autonomie-mai-mare\/\" \/>\n<meta property=\"og:locale\" content=\"en_US\" \/>\n<meta property=\"og:type\" content=\"article\" \/>\n<meta property=\"og:title\" content=\"Actualiz\u0103ri de software pentru SUV-ul electric Volvo XC40: \u00eenc\u0103rcare mai rapid\u0103 \u0219i autonomie mai mare\" \/>\n<meta property=\"og:description\" content=\"Volvo a anun\u021bat lansarea primului pachet de actualiz\u0103ri software pentru SUV-ul electric XC40 Recharge. Actualiz\u0103rile au loc &quot;over-the-air&quot;, iar noul\" \/>\n<meta property=\"og:url\" content=\"https:\/\/www.autocritica.ro\/en\/live-news\/actualizari-de-software-pentru-suv-ul-electric-volvo-xc40-incarcare-mai-rapida-si-autonomie-mai-mare\/\" \/>\n<meta property=\"og:site_name\" content=\"Autocritica\" \/>\n<meta property=\"article:publisher\" content=\"https:\/\/www.facebook.com\/autocritica.ro\" \/>\n<meta property=\"og:image\" content=\"https:\/\/www.autocritica.ro\/wp-content\/uploads\/2021\/02\/276524_Extended_Vehicle_API-scaled.jpg\" \/>\n\t<meta property=\"og:image:width\" content=\"2560\" \/>\n\t<meta property=\"og:image:height\" content=\"1707\" \/>\n\t<meta property=\"og:image:type\" content=\"image\/jpeg\" \/>\n<meta name=\"twitter:card\" content=\"summary_large_image\" \/>\n<meta name=\"twitter:label1\" content=\"Est. reading time\" \/>\n\t<meta name=\"twitter:data1\" content=\"1 minute\" \/>\n<script type=\"application\/ld+json\" class=\"yoast-schema-graph\">{\"@context\":\"https:\\\/\\\/schema.org\",\"@graph\":[{\"@type\":\"WebPage\",\"@id\":\"https:\\\/\\\/www.autocritica.ro\\\/en\\\/live-news\\\/actualizari-de-software-pentru-suv-ul-electric-volvo-xc40-incarcare-mai-rapida-si-autonomie-mai-mare\\\/\",\"url\":\"https:\\\/\\\/www.autocritica.ro\\\/en\\\/live-news\\\/actualizari-de-software-pentru-suv-ul-electric-volvo-xc40-incarcare-mai-rapida-si-autonomie-mai-mare\\\/\",\"name\":\"Actualiz\u0103ri de software pentru SUV-ul electric Volvo XC40: \u00eenc\u0103rcare mai rapid\u0103 \u0219i autonomie mai mare - Autocritica\",\"isPartOf\":{\"@id\":\"https:\\\/\\\/www.autocritica.ro\\\/en\\\/#website\"},\"primaryImageOfPage\":{\"@id\":\"https:\\\/\\\/www.autocritica.ro\\\/en\\\/live-news\\\/actualizari-de-software-pentru-suv-ul-electric-volvo-xc40-incarcare-mai-rapida-si-autonomie-mai-mare\\\/#primaryimage\"},\"image\":{\"@id\":\"https:\\\/\\\/www.autocritica.ro\\\/en\\\/live-news\\\/actualizari-de-software-pentru-suv-ul-electric-volvo-xc40-incarcare-mai-rapida-si-autonomie-mai-mare\\\/#primaryimage\"},\"thumbnailUrl\":\"https:\\\/\\\/www.autocritica.ro\\\/wp-content\\\/uploads\\\/2021\\\/02\\\/276524_Extended_Vehicle_API-scaled.jpg\",\"datePublished\":\"2021-02-27T11:10:46+00:00\",\"breadcrumb\":{\"@id\":\"https:\\\/\\\/www.autocritica.ro\\\/en\\\/live-news\\\/actualizari-de-software-pentru-suv-ul-electric-volvo-xc40-incarcare-mai-rapida-si-autonomie-mai-mare\\\/#breadcrumb\"},\"inLanguage\":\"en-US\",\"potentialAction\":[{\"@type\":\"ReadAction\",\"target\":[\"https:\\\/\\\/www.autocritica.ro\\\/en\\\/live-news\\\/actualizari-de-software-pentru-suv-ul-electric-volvo-xc40-incarcare-mai-rapida-si-autonomie-mai-mare\\\/\"]}]},{\"@type\":\"ImageObject\",\"inLanguage\":\"en-US\",\"@id\":\"https:\\\/\\\/www.autocritica.ro\\\/en\\\/live-news\\\/actualizari-de-software-pentru-suv-ul-electric-volvo-xc40-incarcare-mai-rapida-si-autonomie-mai-mare\\\/#primaryimage\",\"url\":\"https:\\\/\\\/www.autocritica.ro\\\/wp-content\\\/uploads\\\/2021\\\/02\\\/276524_Extended_Vehicle_API-scaled.jpg\",\"contentUrl\":\"https:\\\/\\\/www.autocritica.ro\\\/wp-content\\\/uploads\\\/2021\\\/02\\\/276524_Extended_Vehicle_API-scaled.jpg\",\"width\":2560,\"height\":1707},{\"@type\":\"BreadcrumbList\",\"@id\":\"https:\\\/\\\/www.autocritica.ro\\\/en\\\/live-news\\\/actualizari-de-software-pentru-suv-ul-electric-volvo-xc40-incarcare-mai-rapida-si-autonomie-mai-mare\\\/#breadcrumb\",\"itemListElement\":[{\"@type\":\"ListItem\",\"position\":1,\"name\":\"Home\",\"item\":\"https:\\\/\\\/www.autocritica.ro\\\/en\\\/\"},{\"@type\":\"ListItem\",\"position\":2,\"name\":\"Live News\",\"item\":\"https:\\\/\\\/www.autocritica.ro\\\/en\\\/live-news\\\/\"},{\"@type\":\"ListItem\",\"position\":3,\"name\":\"Actualiz\u0103ri de software pentru SUV-ul electric Volvo XC40: \u00eenc\u0103rcare mai rapid\u0103 \u0219i autonomie mai mare\"}]},{\"@type\":\"WebSite\",\"@id\":\"https:\\\/\\\/www.autocritica.ro\\\/en\\\/#website\",\"url\":\"https:\\\/\\\/www.autocritica.ro\\\/en\\\/\",\"name\":\"Autocritica\",\"description\":\"\",\"publisher\":{\"@id\":\"https:\\\/\\\/www.autocritica.ro\\\/en\\\/#organization\"},\"potentialAction\":[{\"@type\":\"SearchAction\",\"target\":{\"@type\":\"EntryPoint\",\"urlTemplate\":\"https:\\\/\\\/www.autocritica.ro\\\/en\\\/?s={search_term_string}\"},\"query-input\":{\"@type\":\"PropertyValueSpecification\",\"valueRequired\":true,\"valueName\":\"search_term_string\"}}],\"inLanguage\":\"en-US\"},{\"@type\":\"Organization\",\"@id\":\"https:\\\/\\\/www.autocritica.ro\\\/en\\\/#organization\",\"name\":\"Autocritica\",\"url\":\"https:\\\/\\\/www.autocritica.ro\\\/en\\\/\",\"logo\":{\"@type\":\"ImageObject\",\"inLanguage\":\"en-US\",\"@id\":\"https:\\\/\\\/www.autocritica.ro\\\/en\\\/#\\\/schema\\\/logo\\\/image\\\/\",\"url\":\"https:\\\/\\\/www.autocritica.ro\\\/wp-content\\\/uploads\\\/2020\\\/12\\\/logo-negru.png\",\"contentUrl\":\"https:\\\/\\\/www.autocritica.ro\\\/wp-content\\\/uploads\\\/2020\\\/12\\\/logo-negru.png\",\"width\":300,\"height\":102,\"caption\":\"Autocritica\"},\"image\":{\"@id\":\"https:\\\/\\\/www.autocritica.ro\\\/en\\\/#\\\/schema\\\/logo\\\/image\\\/\"},\"sameAs\":[\"https:\\\/\\\/www.facebook.com\\\/autocritica.ro\",\"https:\\\/\\\/www.instagram.com\\\/autocritica.ro\\\/\"]}]}<\/script>\n<!-- \/ Yoast SEO Premium plugin. -->","yoast_head_json":{"title":"Actualiz\u0103ri de software pentru SUV-ul electric Volvo XC40: \u00eenc\u0103rcare mai rapid\u0103 \u0219i autonomie mai mare - Autocritica","robots":{"index":"index","follow":"follow","max-snippet":"max-snippet:-1","max-image-preview":"max-image-preview:large","max-video-preview":"max-video-preview:-1"},"canonical":"https:\/\/www.autocritica.ro\/en\/live-news\/actualizari-de-software-pentru-suv-ul-electric-volvo-xc40-incarcare-mai-rapida-si-autonomie-mai-mare\/","og_locale":"en_US","og_type":"article","og_title":"Actualiz\u0103ri de software pentru SUV-ul electric Volvo XC40: \u00eenc\u0103rcare mai rapid\u0103 \u0219i autonomie mai mare","og_description":"Volvo a anun\u021bat lansarea primului pachet de actualiz\u0103ri software pentru SUV-ul electric XC40 Recharge. Actualiz\u0103rile au loc \"over-the-air\", iar noul","og_url":"https:\/\/www.autocritica.ro\/en\/live-news\/actualizari-de-software-pentru-suv-ul-electric-volvo-xc40-incarcare-mai-rapida-si-autonomie-mai-mare\/","og_site_name":"Autocritica","article_publisher":"https:\/\/www.facebook.com\/autocritica.ro","og_image":[{"width":2560,"height":1707,"url":"https:\/\/www.autocritica.ro\/wp-content\/uploads\/2021\/02\/276524_Extended_Vehicle_API-scaled.jpg","type":"image\/jpeg"}],"twitter_card":"summary_large_image","twitter_misc":{"Est. reading time":"1 minute"},"schema":{"@context":"https:\/\/schema.org","@graph":[{"@type":"WebPage","@id":"https:\/\/www.autocritica.ro\/en\/live-news\/actualizari-de-software-pentru-suv-ul-electric-volvo-xc40-incarcare-mai-rapida-si-autonomie-mai-mare\/","url":"https:\/\/www.autocritica.ro\/en\/live-news\/actualizari-de-software-pentru-suv-ul-electric-volvo-xc40-incarcare-mai-rapida-si-autonomie-mai-mare\/","name":"Actualiz\u0103ri de software pentru SUV-ul electric Volvo XC40: \u00eenc\u0103rcare mai rapid\u0103 \u0219i autonomie mai mare - Autocritica","isPartOf":{"@id":"https:\/\/www.autocritica.ro\/en\/#website"},"primaryImageOfPage":{"@id":"https:\/\/www.autocritica.ro\/en\/live-news\/actualizari-de-software-pentru-suv-ul-electric-volvo-xc40-incarcare-mai-rapida-si-autonomie-mai-mare\/#primaryimage"},"image":{"@id":"https:\/\/www.autocritica.ro\/en\/live-news\/actualizari-de-software-pentru-suv-ul-electric-volvo-xc40-incarcare-mai-rapida-si-autonomie-mai-mare\/#primaryimage"},"thumbnailUrl":"https:\/\/www.autocritica.ro\/wp-content\/uploads\/2021\/02\/276524_Extended_Vehicle_API-scaled.jpg","datePublished":"2021-02-27T11:10:46+00:00","breadcrumb":{"@id":"https:\/\/www.autocritica.ro\/en\/live-news\/actualizari-de-software-pentru-suv-ul-electric-volvo-xc40-incarcare-mai-rapida-si-autonomie-mai-mare\/#breadcrumb"},"inLanguage":"en-US","potentialAction":[{"@type":"ReadAction","target":["https:\/\/www.autocritica.ro\/en\/live-news\/actualizari-de-software-pentru-suv-ul-electric-volvo-xc40-incarcare-mai-rapida-si-autonomie-mai-mare\/"]}]},{"@type":"ImageObject","inLanguage":"en-US","@id":"https:\/\/www.autocritica.ro\/en\/live-news\/actualizari-de-software-pentru-suv-ul-electric-volvo-xc40-incarcare-mai-rapida-si-autonomie-mai-mare\/#primaryimage","url":"https:\/\/www.autocritica.ro\/wp-content\/uploads\/2021\/02\/276524_Extended_Vehicle_API-scaled.jpg","contentUrl":"https:\/\/www.autocritica.ro\/wp-content\/uploads\/2021\/02\/276524_Extended_Vehicle_API-scaled.jpg","width":2560,"height":1707},{"@type":"BreadcrumbList","@id":"https:\/\/www.autocritica.ro\/en\/live-news\/actualizari-de-software-pentru-suv-ul-electric-volvo-xc40-incarcare-mai-rapida-si-autonomie-mai-mare\/#breadcrumb","itemListElement":[{"@type":"ListItem","position":1,"name":"Home","item":"https:\/\/www.autocritica.ro\/en\/"},{"@type":"ListItem","position":2,"name":"Live News","item":"https:\/\/www.autocritica.ro\/en\/live-news\/"},{"@type":"ListItem","position":3,"name":"Actualiz\u0103ri de software pentru SUV-ul electric Volvo XC40: \u00eenc\u0103rcare mai rapid\u0103 \u0219i autonomie mai mare"}]},{"@type":"WebSite","@id":"https:\/\/www.autocritica.ro\/en\/#website","url":"https:\/\/www.autocritica.ro\/en\/","name":"Autocritica","description":"","publisher":{"@id":"https:\/\/www.autocritica.ro\/en\/#organization"},"potentialAction":[{"@type":"SearchAction","target":{"@type":"EntryPoint","urlTemplate":"https:\/\/www.autocritica.ro\/en\/?s={search_term_string}"},"query-input":{"@type":"PropertyValueSpecification","valueRequired":true,"valueName":"search_term_string"}}],"inLanguage":"en-US"},{"@type":"Organization","@id":"https:\/\/www.autocritica.ro\/en\/#organization","name":"Autocritica","url":"https:\/\/www.autocritica.ro\/en\/","logo":{"@type":"ImageObject","inLanguage":"en-US","@id":"https:\/\/www.autocritica.ro\/en\/#\/schema\/logo\/image\/","url":"https:\/\/www.autocritica.ro\/wp-content\/uploads\/2020\/12\/logo-negru.png","contentUrl":"https:\/\/www.autocritica.ro\/wp-content\/uploads\/2020\/12\/logo-negru.png","width":300,"height":102,"caption":"Autocritica"},"image":{"@id":"https:\/\/www.autocritica.ro\/en\/#\/schema\/logo\/image\/"},"sameAs":["https:\/\/www.facebook.com\/autocritica.ro","https:\/\/www.instagram.com\/autocritica.ro\/"]}]}},"_links":{"self":[{"href":"https:\/\/www.autocritica.ro\/en\/wp-json\/wp\/v2\/live-news\/14252","targetHints":{"allow":["GET"]}}],"collection":[{"href":"https:\/\/www.autocritica.ro\/en\/wp-json\/wp\/v2\/live-news"}],"about":[{"href":"https:\/\/www.autocritica.ro\/en\/wp-json\/wp\/v2\/types\/live-news"}],"author":[{"embeddable":true,"href":"https:\/\/www.autocritica.ro\/en\/wp-json\/wp\/v2\/users\/4"}],"replies":[{"embeddable":true,"href":"https:\/\/www.autocritica.ro\/en\/wp-json\/wp\/v2\/comments?post=14252"}],"version-history":[{"count":1,"href":"https:\/\/www.autocritica.ro\/en\/wp-json\/wp\/v2\/live-news\/14252\/revisions"}],"predecessor-version":[{"id":14254,"href":"https:\/\/www.autocritica.ro\/en\/wp-json\/wp\/v2\/live-news\/14252\/revisions\/14254"}],"wp:featuredmedia":[{"embeddable":true,"href":"https:\/\/www.autocritica.ro\/en\/wp-json\/wp\/v2\/media\/14253"}],"wp:attachment":[{"href":"https:\/\/www.autocritica.ro\/en\/wp-json\/wp\/v2\/media?parent=14252"}],"wp:term":[{"taxonomy":"post_tag","embeddable":true,"href":"https:\/\/www.autocritica.ro\/en\/wp-json\/wp\/v2\/tags?post=14252"}],"curies":[{"name":"wp","href":"https:\/\/api.w.org\/{rel}","templated":true}]}}